{"id":10614,"date":"2019-05-07T06:00:12","date_gmt":"2019-05-07T06:00:12","guid":{"rendered":"http:\/\/cafebarbantia.barbantia.es\/?p=10614"},"modified":"2019-04-29T08:12:02","modified_gmt":"2019-04-29T08:12:02","slug":"arro-de-xabier-l-marques","status":"publish","type":"post","link":"http:\/\/cafebarbantia.barbantia.es\/?p=10614","title":{"rendered":"Arr\u00f3, de Xabier L. Marqu\u00e9s"},"content":{"rendered":"<p lang=\"gl-ES\" align=\"justify\"><span style=\"font-size: large;\"><em><strong><a href=\"http:\/\/cafebarbantia.barbantia.es\/wp-content\/uploads\/2019\/04\/O-Andel.-ARR\u00d3.png\"><img decoding=\"async\" loading=\"lazy\" class=\"alignright size-medium wp-image-10615\" alt=\"O Andel. ARR\u00d3\" src=\"http:\/\/cafebarbantia.barbantia.es\/wp-content\/uploads\/2019\/04\/O-Andel.-ARR\u00d3-218x300.png\" width=\"218\" height=\"300\" srcset=\"http:\/\/cafebarbantia.barbantia.es\/wp-content\/uploads\/2019\/04\/O-Andel.-ARR\u00d3-218x300.png 218w, http:\/\/cafebarbantia.barbantia.es\/wp-content\/uploads\/2019\/04\/O-Andel.-ARR\u00d3.png 656w\" sizes=\"(max-width: 218px) 100vw, 218px\" \/><\/a>Rom\u00e1n Ar\u00e9n.\u00a0<\/strong><\/em>Xa dende o ano 2000, no que Xabier L. Marqu\u00e9s (Ribeira, 1959) publicou <\/span><span style=\"font-size: large;\"><i>Polos mares das am\u00e9ndoas<\/i><\/span><span style=\"font-size: large;\">, <\/span><span style=\"font-size: large;\"><i>\u201cos recordos rillan na memoria\u201d<\/i><\/span><span style=\"font-size: large;\"> e agora con <\/span><span style=\"font-size: large;\"><i>Arr\u00f3<\/i><\/span><span style=\"font-size: large;\"> (2019) vaise \u00e1 procura desa nasa memorial na que se engaiola a infancia, nese arr\u00f3, esa faixa de terra para conter os r\u00edos? (mentres o arro \u00e9 o coraz\u00f3n das \u00e1rbores), que \u00e9 a un tempo f\u00e9rtil e erma, unha cicatriz, unha ferida cosida pero que proe, na que se pretende atopar a nenez intemporal e abafante, sensorial, a era da linguaxe, da creaci\u00f3n do mundo, pois \u00e9 a palabra, as palabras, quen crea ao nomear as cousas, non os actos.<!--more--> Retorno ao b\u00e1sico, ao puro, pero sempre aberto \u00e1 dificultade, e de a\u00ed v\u00e9n ese amor pola precisi\u00f3n l\u00e9xica, pola riqueza da lingua, presente en Xabier L. Marqu\u00e9s coma en poucos poetas contempor\u00e1neos, pois s\u00f3 o humano fala e a ra\u00edz est\u00e1 na infancia creadora mais non inocente. Un exercicio de profundamento, de ra\u00f1ar a ferida que restaurou a fenda para que agrome a verdade, non sempre end\u00e9mica, a mi\u00fado deturpada polo lixo materialista. E se a palabra crea <\/span><span style=\"font-size: large;\"><i>\u201co silencio as m\u00e1is das veces trae consigo un aquel cheiro a eternidade insoport\u00e1bel\u201d<\/i><\/span><span style=\"font-size: large;\">, que precisa sa\u00edr \u00e1 superficie a\u00ednda que traia a dor do que non volve. Hai algo de sacro neste exercicio de memoria, de proer a ferida, un aquel de Polimnia e non de Cal\u00edope, unha m\u00fasica do tempo eterno. E a\u00ednda que <\/span><span style=\"font-size: large;\"><i>\u201capenas hai res\u00edo por onde enfebraren as verbas\u201d<\/i><\/span><span style=\"font-size: large;\">, a verdade imponse <\/span><span style=\"font-size: large;\"><i>\u201climpa como unha escaina\u201d<\/i><\/span><span style=\"font-size: large;\">, como o \u00f3leo que perdura m\u00e1is al\u00f3 do temporal. <\/span><\/p>\n","protected":false},"excerpt":{"rendered":"<p>Rom\u00e1n Ar\u00e9n.\u00a0Xa dende o ano 2000, no que Xabier L. Marqu\u00e9s (Ribeira, 1959) publicou Polos mares das am\u00e9ndoas, \u201cos recordos rillan na memoria\u201d e agora con Arr\u00f3 (2019) vaise \u00e1 procura desa nasa memorial na que se engaiola a infancia, nese arr\u00f3, esa faixa de terra para conter os r\u00edos? (mentres o arro \u00e9 o &hellip; <a href=\"http:\/\/cafebarbantia.barbantia.es\/?p=10614\" class=\"more-link\">Seguir lendo <span class=\"screen-reader-text\">Arr\u00f3, de Xabier L. Marqu\u00e9s<\/span> <span class=\"meta-nav\">&rarr;<\/span><\/a><\/p>\n","protected":false},"author":1,"featured_media":0,"comment_status":"open","ping_status":"closed","sticky":false,"template":"","format":"standard","meta":{"_bbp_topic_count":0,"_bbp_reply_count":0,"_bbp_total_topic_count":0,"_bbp_total_reply_count":0,"_bbp_voice_count":0,"_bbp_anonymous_reply_count":0,"_bbp_topic_count_hidden":0,"_bbp_reply_count_hidden":0,"_bbp_forum_subforum_count":0,"_exactmetrics_skip_tracking":false,"_exactmetrics_sitenote_active":false,"_exactmetrics_sitenote_note":"","_exactmetrics_sitenote_category":0,"_monsterinsights_skip_tracking":false,"_monsterinsights_sitenote_active":false,"_monsterinsights_sitenote_note":"","_monsterinsights_sitenote_category":0},"categories":[10,28],"tags":[],"aioseo_notices":[],"_links":{"self":[{"href":"http:\/\/cafebarbantia.barbantia.es\/index.php?rest_route=\/wp\/v2\/posts\/10614"}],"collection":[{"href":"http:\/\/cafebarbantia.barbantia.es\/index.php?rest_route=\/wp\/v2\/posts"}],"about":[{"href":"http:\/\/cafebarbantia.barbantia.es\/index.php?rest_route=\/wp\/v2\/types\/post"}],"author":[{"embeddable":true,"href":"http:\/\/cafebarbantia.barbantia.es\/index.php?rest_route=\/wp\/v2\/users\/1"}],"replies":[{"embeddable":true,"href":"http:\/\/cafebarbantia.barbantia.es\/index.php?rest_route=%2Fwp%2Fv2%2Fcomments&post=10614"}],"version-history":[{"count":1,"href":"http:\/\/cafebarbantia.barbantia.es\/index.php?rest_route=\/wp\/v2\/posts\/10614\/revisions"}],"predecessor-version":[{"id":10616,"href":"http:\/\/cafebarbantia.barbantia.es\/index.php?rest_route=\/wp\/v2\/posts\/10614\/revisions\/10616"}],"wp:attachment":[{"href":"http:\/\/cafebarbantia.barbantia.es\/index.php?rest_route=%2Fwp%2Fv2%2Fmedia&parent=10614"}],"wp:term":[{"taxonomy":"category","embeddable":true,"href":"http:\/\/cafebarbantia.barbantia.es\/index.php?rest_route=%2Fwp%2Fv2%2Fcategories&post=10614"},{"taxonomy":"post_tag","embeddable":true,"href":"http:\/\/cafebarbantia.barbantia.es\/index.php?rest_route=%2Fwp%2Fv2%2Ftags&post=10614"}],"curies":[{"name":"wp","href":"https:\/\/api.w.org\/{rel}","templated":true}]}}