{"id":10661,"date":"2019-04-26T06:00:52","date_gmt":"2019-04-26T06:00:52","guid":{"rendered":"http:\/\/cafebarbantia.barbantia.es\/?p=10661"},"modified":"2019-04-26T06:39:27","modified_gmt":"2019-04-26T06:39:27","slug":"1473-con-acento-galego","status":"publish","type":"post","link":"http:\/\/cafebarbantia.barbantia.es\/?p=10661","title":{"rendered":"14,73 con acento galego"},"content":{"rendered":"<figure id=\"attachment_10704\" aria-describedby=\"caption-attachment-10704\" style=\"width: 300px\" class=\"wp-caption alignleft\"><a href=\"http:\/\/cafebarbantia.barbantia.es\/wp-content\/uploads\/2019\/04\/efe_20170807_200511154.jpg\"><img decoding=\"async\" loading=\"lazy\" class=\"size-medium wp-image-10704\" alt=\"Foto: La Voz de Galicia\" src=\"http:\/\/cafebarbantia.barbantia.es\/wp-content\/uploads\/2019\/04\/efe_20170807_200511154-300x168.jpg\" width=\"300\" height=\"168\" srcset=\"http:\/\/cafebarbantia.barbantia.es\/wp-content\/uploads\/2019\/04\/efe_20170807_200511154-300x168.jpg 300w, http:\/\/cafebarbantia.barbantia.es\/wp-content\/uploads\/2019\/04\/efe_20170807_200511154-1024x575.jpg 1024w, http:\/\/cafebarbantia.barbantia.es\/wp-content\/uploads\/2019\/04\/efe_20170807_200511154-900x505.jpg 900w, http:\/\/cafebarbantia.barbantia.es\/wp-content\/uploads\/2019\/04\/efe_20170807_200511154.jpg 1280w\" sizes=\"(max-width: 300px) 100vw, 300px\" \/><\/a><figcaption id=\"caption-attachment-10704\" class=\"wp-caption-text\">Foto: La Voz de Galicia<\/figcaption><\/figure>\n<p style=\"text-align: justify;\"><em><strong>Fidel Vidal.\u00a0<\/strong><\/em>No Pre\u00e1mbulo da Constituci\u00f3n adv\u00edrtese da necesidade de protexer os pobos de Espa\u00f1a \u201cno exercicio dos dereitos humanos, as s\u00faas culturas e tradici\u00f3ns, linguas e instituci\u00f3ns\u201d. Deseguido conv\u00e9n recordar o punto 2 do Artigo 3 no que, canda o castel\u00e1n, as demais linguas son \u201cun patrimonio cultural que ser\u00e1 obxecto de especial respecto e protecci\u00f3n\u201d.<!--more--> Un especial respecto que s\u00f3 se dar\u00e1 co uso e non co abandono ou co desprezo. E unha especial protecci\u00f3n, que pedimos non xa como se fose un escornabois, unha especie a extinguir como seica alg\u00fans se empe\u00f1an e desexan, sen\u00f3n mesmo como un humilde h\u00f3rreo, por non mencionar a paisaxe ou unha catedral. Iso \u00e9, a lingua da que podemos presumir, acento inclu\u00eddo.<\/p>\n<p style=\"text-align: justify;\">Nos tempos da mi\u00f1a nenez, tempos de No-Do, en branco e negro, non era infrecuente que en determinadas familias a lingua coa que se lle falaba aos nenos, ref\u00edrome aos var\u00f3ns, era o galego mentres coas nenas us\u00e1base o castel\u00e1n. Vela\u00ed unha mostra do que poder\u00edamos definir como diglosia dom\u00e9stica. Coido que o noso presidente, o presidente da Xunta de Galicia, Alberto N\u00fa\u00f1ez Feij\u00f3o, cando felicitou \u00e1 nosa campioa de Ribeira Ana Peleteiro polo seu \u00e9xito en Glasgow, a\u00ednda estar\u00eda baixo o efectos daquela vella influencia. Segundo lemos na prensa esta foi a mensaxe enviada nunha conta de Twitter: \u201cFelicidades a la gallega @apeleteirob, que se acaba de proclamar campeona de Europa de triple salto. \u00a1Enhorabuena, Ana!\u201d (<i>El Correo Gallego<\/i>, 03-03-2019). O presidente da Xunta de Galicia felicitando a unha galega en castel\u00e1n. Que eu saiba, polo de agora nin o espa\u00f1ol nin o ingl\u00e9s son linguas minoritarias que precisen de \u201cespeciais protecci\u00f3ns\u201d. Esa felicitaci\u00f3n non \u00e9 o mellor exemplo para un presidente de Galicia. Que lle custaba, se\u00f1or presidente, facelo en galego?<\/p>\n<p style=\"text-align: justify;\">Pola contra, a ribeirense Ana Peleteiro (ouro en Europa e marca de Espa\u00f1a en triplo salto con 14,73 metros) fai uso e presume de ser quen \u00e9, unha galega sen complexos da que deber\u00edamos tomar exemplo, o primeiro o noso presidente. Nunha entrevista na televisi\u00f3n de Galicia, lembrou a frase \u201cLo tienes todo: negra, gallega y con acento\u201d, escoitada en Madrid. Naturalmente, non \u00eda ter acento vasco (\u201cA\u00edvalahostia!\u201d), nin andal\u00fa (\u201cViva la grasia!\u201d). Ent\u00f3n Ana fixo unha emocionada e serena defensa da nosa lingua, sen complexos: \u201cTe\u00f1o sorte porque a mi\u00f1a familia sempre me falou galego, non me educaron en falar `castellanito\u00b4 cos que te\u00f1en un nivel m\u00e1is alto, eu po\u00f1o o acento a prop\u00f3sito, viv\u00edn o complexo, pero unha vai madurando e se d\u00e1 de conta de que ser galegos \u00e9 bo\u201d. \u201cSe te\u00f1o o meu idioma, por que vou cambiar? Galicia e o galego son as mi\u00f1as ra\u00edces, por moito que viaxe polo mundo, non vou cambiar.\u201d (<i>Faro de Vigo<\/i>, 19-03-2019)<\/p>\n<p>&nbsp;<\/p>\n","protected":false},"excerpt":{"rendered":"<p>Fidel Vidal.\u00a0No Pre\u00e1mbulo da Constituci\u00f3n adv\u00edrtese da necesidade de protexer os pobos de Espa\u00f1a \u201cno exercicio dos dereitos humanos, as s\u00faas culturas e tradici\u00f3ns, linguas e instituci\u00f3ns\u201d. Deseguido conv\u00e9n recordar o punto 2 do Artigo 3 no que, canda o castel\u00e1n, as demais linguas son \u201cun patrimonio cultural que ser\u00e1 obxecto de especial respecto e &hellip; <a href=\"http:\/\/cafebarbantia.barbantia.es\/?p=10661\" class=\"more-link\">Seguir lendo <span class=\"screen-reader-text\">14,73 con acento galego<\/span> <span class=\"meta-nav\">&rarr;<\/span><\/a><\/p>\n","protected":false},"author":1,"featured_media":0,"comment_status":"open","ping_status":"closed","sticky":false,"template":"","format":"standard","meta":{"_bbp_topic_count":0,"_bbp_reply_count":0,"_bbp_total_topic_count":0,"_bbp_total_reply_count":0,"_bbp_voice_count":0,"_bbp_anonymous_reply_count":0,"_bbp_topic_count_hidden":0,"_bbp_reply_count_hidden":0,"_bbp_forum_subforum_count":0,"_exactmetrics_skip_tracking":false,"_exactmetrics_sitenote_active":false,"_exactmetrics_sitenote_note":"","_exactmetrics_sitenote_category":0,"_monsterinsights_skip_tracking":false,"_monsterinsights_sitenote_active":false,"_monsterinsights_sitenote_note":"","_monsterinsights_sitenote_category":0},"categories":[7,65],"tags":[],"aioseo_notices":[],"_links":{"self":[{"href":"http:\/\/cafebarbantia.barbantia.es\/index.php?rest_route=\/wp\/v2\/posts\/10661"}],"collection":[{"href":"http:\/\/cafebarbantia.barbantia.es\/index.php?rest_route=\/wp\/v2\/posts"}],"about":[{"href":"http:\/\/cafebarbantia.barbantia.es\/index.php?rest_route=\/wp\/v2\/types\/post"}],"author":[{"embeddable":true,"href":"http:\/\/cafebarbantia.barbantia.es\/index.php?rest_route=\/wp\/v2\/users\/1"}],"replies":[{"embeddable":true,"href":"http:\/\/cafebarbantia.barbantia.es\/index.php?rest_route=%2Fwp%2Fv2%2Fcomments&post=10661"}],"version-history":[{"count":2,"href":"http:\/\/cafebarbantia.barbantia.es\/index.php?rest_route=\/wp\/v2\/posts\/10661\/revisions"}],"predecessor-version":[{"id":10705,"href":"http:\/\/cafebarbantia.barbantia.es\/index.php?rest_route=\/wp\/v2\/posts\/10661\/revisions\/10705"}],"wp:attachment":[{"href":"http:\/\/cafebarbantia.barbantia.es\/index.php?rest_route=%2Fwp%2Fv2%2Fmedia&parent=10661"}],"wp:term":[{"taxonomy":"category","embeddable":true,"href":"http:\/\/cafebarbantia.barbantia.es\/index.php?rest_route=%2Fwp%2Fv2%2Fcategories&post=10661"},{"taxonomy":"post_tag","embeddable":true,"href":"http:\/\/cafebarbantia.barbantia.es\/index.php?rest_route=%2Fwp%2Fv2%2Ftags&post=10661"}],"curies":[{"name":"wp","href":"https:\/\/api.w.org\/{rel}","templated":true}]}}