{"id":10671,"date":"2019-05-02T06:00:35","date_gmt":"2019-05-02T06:00:35","guid":{"rendered":"http:\/\/cafebarbantia.barbantia.es\/?p=10671"},"modified":"2019-04-22T15:12:14","modified_gmt":"2019-04-22T15:12:14","slug":"comercios-con-encanto-e-mais-cousas","status":"publish","type":"post","link":"http:\/\/cafebarbantia.barbantia.es\/?p=10671","title":{"rendered":"Comercios con encanto e m\u00e1is cousas"},"content":{"rendered":"<p style=\"text-align: justify;\"><a href=\"http:\/\/cafebarbantia.barbantia.es\/wp-content\/uploads\/2019\/04\/Comercios-con-encanto.-jpg.jpg\"><img decoding=\"async\" loading=\"lazy\" class=\"alignleft size-medium wp-image-10672\" alt=\"Comercios con encanto. jpg\" src=\"http:\/\/cafebarbantia.barbantia.es\/wp-content\/uploads\/2019\/04\/Comercios-con-encanto.-jpg-300x224.jpg\" width=\"300\" height=\"224\" srcset=\"http:\/\/cafebarbantia.barbantia.es\/wp-content\/uploads\/2019\/04\/Comercios-con-encanto.-jpg-300x224.jpg 300w, http:\/\/cafebarbantia.barbantia.es\/wp-content\/uploads\/2019\/04\/Comercios-con-encanto.-jpg-1024x768.jpg 1024w, http:\/\/cafebarbantia.barbantia.es\/wp-content\/uploads\/2019\/04\/Comercios-con-encanto.-jpg-900x675.jpg 900w\" sizes=\"(max-width: 300px) 100vw, 300px\" \/><\/a><em><strong>Pilar Sampedro.\u00a0<\/strong><\/em>Hai comercios que queremos que duren moito, que pasen por eles xeraci\u00f3ns e xeraci\u00f3ns. Comercios dos que nos sentimos fachendosas por estar na cidade que compartimos. Comercios que fan m\u00e1is ca ofertar bos produtos.\u00a0Un deles \u00e9 Couceiro, a librar\u00eda que cumpriu 50 anos hai uns d\u00edas e que m\u00e1is al\u00e1 de vender libros galegos converteuse nun centro de cultura. <!--more-->Outro \u00e9 Acivro Xoias, a s\u00f3 uns pasos. Unha xoier\u00eda na que podemos atopar pezas marabillosas, cun selo propio: esa maneira meritoria de facerse reco\u00f1ecible. \u00c1 cabeza,\u00a0 unha muller activa e presente en moitos dos actos culturais e feministas que se realizan na cidade, de forma que a s\u00faa imaxe \u00e9 unha garant\u00eda de que estamos no lugar axeitado.<\/p>\n<p style=\"text-align: justify;\">Moitos e moitas de n\u00f3s paramos diante do seu escaparate porque sempre vale a pena facelo. Unha e outra vez atoparemos xoias orixinais, que moitas veces semellan evoluci\u00f3ns do tradicional, e noutras suxiren o desenvolvemento da boa xoier\u00eda que vai m\u00e1is al\u00e1 de modas e estilos. Ademais, hai outra raz\u00f3n para pararse a\u00ed, ao p\u00e9, porque nesa fiestra (que \u00e9 o ollo que nos mostra e nos convida a entrar no interior) acostuman facerse homenaxes a artistas de todo tipo aos que esta muller quere visibilizar. F\u00edxoo con Miguelanxo Prado (Premio Nacional de Ilustraci\u00f3n), co ilustrador Toni Seijas, coa escritora Teresa Moure, e est\u00e1 a facelo coa actriz\u00a0 Pilar Pereira. No escaparate aparecen, neste momento, os premios recibidos polo traballo nos escenarios, os obxectos que lembran momentos especiais da s\u00faa carreira, as fotograf\u00edas representativas.<\/p>\n<p style=\"text-align: justify;\">Esta \u00e9 unha tenda que acolle, un comercio que mira cara aos personaxes que forman parte da vida cultural (te\u00f1an ou non relaci\u00f3n co que al\u00ed se vende), un establecemento inclusivo: aberto a outras artesan\u00edas e artes, atento a xuntar, a incorporar oficios e manufacturas, natureza e cidade, vida cultural e arquitectura. A suma e a interdisciplinariedade son as s\u00faas querenzas. Nas redes sociais pode verse como leva as s\u00faas xoias \u00e1 r\u00faa e trae persoas e obxectos representativos de diferentes \u00e1mbitos \u00e1 s\u00faa tenda; as\u00ed,\u00a0 a m\u00fasica e a literatura son irm\u00e1s que viven na casa e, da mesma maneira,\u00a0 d\u00e1lles voz e imaxe a moitos outros, compartindo espazo e protagonismo. A natureza, a pedra e os obxectos coti\u00e1ns fanse presentes entre as alfaias, e no medio carteis con afirmaci\u00f3ns como \u201cTodos somos xoias\u201d ou \u201cA nosa lingua: a nosa xoia\u201d. A nada teme e na s\u00faa p\u00e1xina de istagram pode fusionar a agresiva arte urbana ou a artesan\u00eda m\u00e1is basta coas m\u00e1is delicadas obras, pousalas sobre un cesto de pementos de Padr\u00f3n ou apoialas na fachada da catedral,\u00a0 trasladalas \u00e1s presentaci\u00f3ns de libros ou \u00e1s inauguraci\u00f3ns de exposici\u00f3ns, aos concertos ou de viaxe polo mundo.<\/p>\n<p style=\"text-align: justify;\">Por que o conto? S\u00f3 para que o exemplo renda e se estenda, para que nos sintamos atados ao noso comercio de barrio, de aldea ou de cidade por eses lazos compartidos, por esa cultura que erguemos entre todos e todas no d\u00eda a d\u00eda.<\/p>\n","protected":false},"excerpt":{"rendered":"<p>Pilar Sampedro.\u00a0Hai comercios que queremos que duren moito, que pasen por eles xeraci\u00f3ns e xeraci\u00f3ns. Comercios dos que nos sentimos fachendosas por estar na cidade que compartimos. Comercios que fan m\u00e1is ca ofertar bos produtos.\u00a0Un deles \u00e9 Couceiro, a librar\u00eda que cumpriu 50 anos hai uns d\u00edas e que m\u00e1is al\u00e1 de vender libros galegos &hellip; <a href=\"http:\/\/cafebarbantia.barbantia.es\/?p=10671\" class=\"more-link\">Seguir lendo <span class=\"screen-reader-text\">Comercios con encanto e m\u00e1is cousas<\/span> <span class=\"meta-nav\">&rarr;<\/span><\/a><\/p>\n","protected":false},"author":1,"featured_media":0,"comment_status":"open","ping_status":"closed","sticky":false,"template":"","format":"standard","meta":{"_bbp_topic_count":0,"_bbp_reply_count":0,"_bbp_total_topic_count":0,"_bbp_total_reply_count":0,"_bbp_voice_count":0,"_bbp_anonymous_reply_count":0,"_bbp_topic_count_hidden":0,"_bbp_reply_count_hidden":0,"_bbp_forum_subforum_count":0,"_exactmetrics_skip_tracking":false,"_exactmetrics_sitenote_active":false,"_exactmetrics_sitenote_note":"","_exactmetrics_sitenote_category":0,"_monsterinsights_skip_tracking":false,"_monsterinsights_sitenote_active":false,"_monsterinsights_sitenote_note":"","_monsterinsights_sitenote_category":0},"categories":[7,69],"tags":[],"aioseo_notices":[],"_links":{"self":[{"href":"http:\/\/cafebarbantia.barbantia.es\/index.php?rest_route=\/wp\/v2\/posts\/10671"}],"collection":[{"href":"http:\/\/cafebarbantia.barbantia.es\/index.php?rest_route=\/wp\/v2\/posts"}],"about":[{"href":"http:\/\/cafebarbantia.barbantia.es\/index.php?rest_route=\/wp\/v2\/types\/post"}],"author":[{"embeddable":true,"href":"http:\/\/cafebarbantia.barbantia.es\/index.php?rest_route=\/wp\/v2\/users\/1"}],"replies":[{"embeddable":true,"href":"http:\/\/cafebarbantia.barbantia.es\/index.php?rest_route=%2Fwp%2Fv2%2Fcomments&post=10671"}],"version-history":[{"count":1,"href":"http:\/\/cafebarbantia.barbantia.es\/index.php?rest_route=\/wp\/v2\/posts\/10671\/revisions"}],"predecessor-version":[{"id":10673,"href":"http:\/\/cafebarbantia.barbantia.es\/index.php?rest_route=\/wp\/v2\/posts\/10671\/revisions\/10673"}],"wp:attachment":[{"href":"http:\/\/cafebarbantia.barbantia.es\/index.php?rest_route=%2Fwp%2Fv2%2Fmedia&parent=10671"}],"wp:term":[{"taxonomy":"category","embeddable":true,"href":"http:\/\/cafebarbantia.barbantia.es\/index.php?rest_route=%2Fwp%2Fv2%2Fcategories&post=10671"},{"taxonomy":"post_tag","embeddable":true,"href":"http:\/\/cafebarbantia.barbantia.es\/index.php?rest_route=%2Fwp%2Fv2%2Ftags&post=10671"}],"curies":[{"name":"wp","href":"https:\/\/api.w.org\/{rel}","templated":true}]}}