{"id":1068,"date":"2014-04-22T06:47:49","date_gmt":"2014-04-22T06:47:49","guid":{"rendered":"http:\/\/cafebarbantia.barbantia.es\/?p=1068"},"modified":"2014-04-22T06:47:49","modified_gmt":"2014-04-22T06:47:49","slug":"terraza-global","status":"publish","type":"post","link":"http:\/\/cafebarbantia.barbantia.es\/?p=1068","title":{"rendered":"Terraza global"},"content":{"rendered":"<p style=\"text-align: justify;\"><em><strong><a href=\"http:\/\/cafebarbantia.barbantia.es\/wp-content\/uploads\/2014\/04\/terraza-global.jpg\"><img decoding=\"async\" loading=\"lazy\" class=\"alignright size-medium wp-image-1069\" alt=\"terraza global\" src=\"http:\/\/cafebarbantia.barbantia.es\/wp-content\/uploads\/2014\/04\/terraza-global-300x225.jpg\" width=\"300\" height=\"225\" srcset=\"http:\/\/cafebarbantia.barbantia.es\/wp-content\/uploads\/2014\/04\/terraza-global-300x225.jpg 300w, http:\/\/cafebarbantia.barbantia.es\/wp-content\/uploads\/2014\/04\/terraza-global.jpg 571w\" sizes=\"(max-width: 300px) 100vw, 300px\" \/><\/a>Xerardo AgraFoxo.<\/strong><\/em> Cando a nai quer\u00eda amosarlles a s\u00faa faciana m\u00e1is hospitalaria, el levounos con dilixencia cara \u00e1 terraza. \u201cPor aqu\u00ed, por aqu\u00ed, ve\u00f1an con coidado\u201d, repet\u00eda nun ton familiar e coa man tendida para que non se esnafrasen pola retorcida esqueira. S\u00f3 os irm\u00e1ns co\u00f1ec\u00edan as s\u00faas verdadeiras intenci\u00f3ns.<\/p>\n<p style=\"text-align: justify;\">Dende o miradoiro a panor\u00e1mica era desoladora. <!--more-->Co d\u00e9dalo de vivendas cinguido por unha muralla, a aldea medraba ergu\u00e9ndose cara ao ceo. E as terrazas, convertidas no centro de reuni\u00f3n durante o solpor, eran o s\u00edmbolo de cada familia. Tam\u00e9n o espello para comprobar como un lugar ignoto, malia sufrir a indiferenza dos seus gobernantes, non estaba illado. Coa parab\u00f3lica o rapaz pod\u00eda seguir os partidos de f\u00fatbol. Na monumental mesquita \u2013que \u00a0constru\u00edra o emir de Catar\u2013, os pais rezaban as cinco oraci\u00f3ns de cada d\u00eda. \u00a0E aproveitando a \u00a0rede dun cuartel veci\u00f1o mesmo pod\u00edan facer chamadas.<\/p>\n<p style=\"text-align: justify;\">\u00a0Mentres os viaxeiros semellaban abraiados, Ahmed, que desaparecera das s\u00faas olladas, presentouse de s\u00fapeto cunha camiseta vermella. \u201cSi, \u00e9 a <i>Roja<\/i>&#8230; quer\u00eda me tiraran unha foto\u201d. Vale, ponte a\u00ed. \u201cPod\u00edan entregarlla a Torres, o meu xogador preferido, para que me asine nela un aut\u00f3grafo\u201d. \u00a0Pero, sabes o seu enderezo? A resposta s\u00f3 tardou uns segundos, o tempo que lle levou\u00a0 consultar o m\u00f3bil: \u201cSei&#8230;, veranea nun lugar que se chama O \u00c9zaro\u201d.<\/p>\n<p style=\"text-align: justify;\">A cobertura era perfecta na terraza global.<\/p>\n","protected":false},"excerpt":{"rendered":"<p>Xerardo AgraFoxo. Cando a nai quer\u00eda amosarlles a s\u00faa faciana m\u00e1is hospitalaria, el levounos con dilixencia cara \u00e1 terraza. \u201cPor aqu\u00ed, por aqu\u00ed, ve\u00f1an con coidado\u201d, repet\u00eda nun ton familiar e coa man tendida para que non se esnafrasen pola retorcida esqueira. S\u00f3 os irm\u00e1ns co\u00f1ec\u00edan as s\u00faas verdadeiras intenci\u00f3ns. Dende o miradoiro a panor\u00e1mica &hellip; <a href=\"http:\/\/cafebarbantia.barbantia.es\/?p=1068\" class=\"more-link\">Seguir lendo <span class=\"screen-reader-text\">Terraza global<\/span> <span class=\"meta-nav\">&rarr;<\/span><\/a><\/p>\n","protected":false},"author":1,"featured_media":0,"comment_status":"open","ping_status":"closed","sticky":false,"template":"","format":"standard","meta":{"_bbp_topic_count":0,"_bbp_reply_count":0,"_bbp_total_topic_count":0,"_bbp_total_reply_count":0,"_bbp_voice_count":0,"_bbp_anonymous_reply_count":0,"_bbp_topic_count_hidden":0,"_bbp_reply_count_hidden":0,"_bbp_forum_subforum_count":0,"_exactmetrics_skip_tracking":false,"_exactmetrics_sitenote_active":false,"_exactmetrics_sitenote_note":"","_exactmetrics_sitenote_category":0,"_monsterinsights_skip_tracking":false,"_monsterinsights_sitenote_active":false,"_monsterinsights_sitenote_note":"","_monsterinsights_sitenote_category":0},"categories":[9,22,21],"tags":[],"aioseo_notices":[],"_links":{"self":[{"href":"http:\/\/cafebarbantia.barbantia.es\/index.php?rest_route=\/wp\/v2\/posts\/1068"}],"collection":[{"href":"http:\/\/cafebarbantia.barbantia.es\/index.php?rest_route=\/wp\/v2\/posts"}],"about":[{"href":"http:\/\/cafebarbantia.barbantia.es\/index.php?rest_route=\/wp\/v2\/types\/post"}],"author":[{"embeddable":true,"href":"http:\/\/cafebarbantia.barbantia.es\/index.php?rest_route=\/wp\/v2\/users\/1"}],"replies":[{"embeddable":true,"href":"http:\/\/cafebarbantia.barbantia.es\/index.php?rest_route=%2Fwp%2Fv2%2Fcomments&post=1068"}],"version-history":[{"count":2,"href":"http:\/\/cafebarbantia.barbantia.es\/index.php?rest_route=\/wp\/v2\/posts\/1068\/revisions"}],"predecessor-version":[{"id":1115,"href":"http:\/\/cafebarbantia.barbantia.es\/index.php?rest_route=\/wp\/v2\/posts\/1068\/revisions\/1115"}],"wp:attachment":[{"href":"http:\/\/cafebarbantia.barbantia.es\/index.php?rest_route=%2Fwp%2Fv2%2Fmedia&parent=1068"}],"wp:term":[{"taxonomy":"category","embeddable":true,"href":"http:\/\/cafebarbantia.barbantia.es\/index.php?rest_route=%2Fwp%2Fv2%2Fcategories&post=1068"},{"taxonomy":"post_tag","embeddable":true,"href":"http:\/\/cafebarbantia.barbantia.es\/index.php?rest_route=%2Fwp%2Fv2%2Ftags&post=1068"}],"curies":[{"name":"wp","href":"https:\/\/api.w.org\/{rel}","templated":true}]}}