{"id":10711,"date":"2019-05-09T06:00:38","date_gmt":"2019-05-09T06:00:38","guid":{"rendered":"http:\/\/cafebarbantia.barbantia.es\/?p=10711"},"modified":"2019-04-29T08:15:07","modified_gmt":"2019-04-29T08:15:07","slug":"a-cor-de-venus","status":"publish","type":"post","link":"http:\/\/cafebarbantia.barbantia.es\/?p=10711","title":{"rendered":"A cor de Venus"},"content":{"rendered":"<p style=\"text-align: justify;\"><a href=\"http:\/\/cafebarbantia.barbantia.es\/wp-content\/uploads\/2019\/04\/BA26C8F1_183415.jpg\"><img decoding=\"async\" loading=\"lazy\" class=\"alignright size-medium wp-image-10712\" alt=\"BA26C8F1_183415\" src=\"http:\/\/cafebarbantia.barbantia.es\/wp-content\/uploads\/2019\/04\/BA26C8F1_183415-300x168.jpg\" width=\"300\" height=\"168\" srcset=\"http:\/\/cafebarbantia.barbantia.es\/wp-content\/uploads\/2019\/04\/BA26C8F1_183415-300x168.jpg 300w, http:\/\/cafebarbantia.barbantia.es\/wp-content\/uploads\/2019\/04\/BA26C8F1_183415-1024x576.jpg 1024w, http:\/\/cafebarbantia.barbantia.es\/wp-content\/uploads\/2019\/04\/BA26C8F1_183415-900x506.jpg 900w, http:\/\/cafebarbantia.barbantia.es\/wp-content\/uploads\/2019\/04\/BA26C8F1_183415.jpg 1280w\" sizes=\"(max-width: 300px) 100vw, 300px\" \/><\/a><em><strong>Antonio Pi\u00f1eiro.\u00a0<\/strong><\/em>Xos\u00e9 Lu\u00eds Veiras Manteiga \u00e9, con certeza, un dos autores de selo, traxectoria e proposta m\u00e1is claros do noso eido art\u00edstico. \u00c9 tam\u00e9n un dos m\u00e1is intensos e concienciudos laboradores. D\u00edgoo tanto polo seu ritmo coma pola s\u00faa erudici\u00f3n.<!--more--> Merg\u00fallase na Historia da Arte mentres comp\u00f3n e, sen se teren a\u00ednda esva\u00eddo as fa\u00edscas do seu anterior traballo, xa est\u00e1 a piques de nos dar un novo.<\/p>\n<p style=\"text-align: justify;\">A\u00ednda que v\u00e9n de sempre, esa atracci\u00f3n que a obra cl\u00e1sica exerce sobre os pintores nunca remata de agomar bacelos, de ofrecer posibilidades. Por unha banda, non ten misterio, \u00e9 a constataci\u00f3n de que todo, na linguaxe creativa, \u00e9 un continuo falar que se nutre do xa dito (Courbet, Picasso, os escritores; se queres escribir, le. Se queres pintar, observa) e o artista \u00e9 algu\u00e9n que dialoga na gran conversa do devir, inserindo a voz propia para proxectala coas demais.<\/p>\n<div id=\"6TEXTO_DETALLEad_RobaPaginasMobile-id\" itemscope=\"\" itemtype=\"https:\/\/schema.org\/WPAdBlock\" style=\"text-align: justify;\" data-ads=\"true\" data-url=\"\/4900\/webm.EXT.LAVOZDEGALICIA\/galicia\/barbanza\" data-mapping=\"ROBAMOBILE\" data-sizes=\"[[300,600],[300,250]]\" data-param=\"pos\" data-format=\"mobile\" data-targeting=\"robapaginas\">Veiras xa nos estaba a dicir algo disto naquela concepci\u00f3n teatral, esc\u00e9nica, dialogante, de anteriores mostras. Mais, por outra banda -e o mesmo Veiras \u00e9 proba- sempre produce ese milagre que \u00e9 o rebento novo na rama vella.<\/div>\n<p style=\"text-align: justify;\"><strong>Corpos e cor<\/strong><\/p>\n<p style=\"text-align: justify;\">Venus do espello. Venus de Urbino. Venus de Modigliani. Venus durmida. Desta volta, Xos\u00e9 Lu\u00eds Veiras d\u00e1lle a clave po\u00e9tica \u00e1 icona pict\u00f3rica. A cor de Venus. Corpos e cor, titulaba el mesmo a mostra.<\/p>\n<p style=\"text-align: justify;\">Non recordo quen dixo que a poes\u00eda \u00e9 un intento de levar o emocional \u00e1 orde da linguaxe. De a\u00ed -digo eu- sae esa desorde engaiolante do pensamento co que se escribe (pinta, fala&#8230;) o m\u00e1is \u00edntimo. Iso \u00e9, precisamente, o que est\u00e1 na pintura de Veiras. Unha mestura de instinto e coordinaci\u00f3n. Por exemplo, de xeometr\u00eda (base c\u00e9zanniana do debuxo) e emoci\u00f3n (base impensada do trazo). O contraste que \u00e9 tam\u00e9n habitual recurso po\u00e9tico. O choque que produce a chispa. A pedra de toque da diferenza (base primeira e \u00faltima da beleza e, se me apuran, de todo canto co\u00f1ecemos).<\/p>\n<div id=\"ad_Roba2Desktop\" itemscope=\"\" itemtype=\"https:\/\/schema.org\/WPAdBlock\" style=\"text-align: justify;\" data-url=\"\/2260323\/LVDG.Desktop\/barbanza\" data-mapping=\"VOZ_ROBA_DESKTOP\" data-sizes=\"[[300,250],[300,300],[300,600],'fluid']\" data-param=\"pos\" data-format=\"normal\" data-targeting=\"Roba2\" data-google-query-id=\"CKGlxfHO7eECFRVxGwoduRUJgQ\">\n<div id=\"google_ads_iframe_\/2260323\/LVDG.Desktop\/barbanza\/detalle_0__container__\"><strong>Magnetismo<\/strong><\/div>\n<\/div>\n<p style=\"text-align: justify;\">Pero o enorme magnetismo que pos\u00faen as obras de Veiras Manteiga non se debe a un \u00fanico factor. De ning\u00fan xeito. \u00c9 a suma do longo alimento dunha obra que medra coma un organismo evolutivo. Poderiamos dicir que \u00e9 o efecto da celebraci\u00f3n da cor; ou que se debe \u00e1 calidez, ao optimismo an\u00edmico que desprende, en moitos casos, plasmaci\u00f3n aut\u00e9ntica da alegr\u00eda; ou \u00e1 conectividade; ou \u00e1 ductilidade visual; \u00e1 frescura; \u00e1 sinton\u00eda da elecci\u00f3n tem\u00e1tica; \u00e1 facilidade de trato co espectador; \u00e1 suxesti\u00f3n; \u00e1 excitaci\u00f3n; por certo: todos eles factores xa contidos no m\u00e1is primitivo do concepto de \u00abvenus\u00bb, que \u00e9 o do encabezamento e da obra que escollemos para este noso caderno de abril.<\/p>\n<div id=\"ad_Roba2Mobile\" itemscope=\"\" itemtype=\"https:\/\/schema.org\/WPAdBlock\" style=\"text-align: justify;\" data-url=\"\/2260323\/LVDG.Mobile\/barbanza\" data-mapping=\"VOZ_ROBA_MOBILE\" data-sizes=\"[[300,250],[300,300],[300,600],'fluid']\" data-param=\"pos\" data-format=\"mobile\" data-targeting=\"Roba2\">Confeso a mi\u00f1a debilidade polo xeito que Veiras Manteiga ten de manexar ese todo e de incentivar a s\u00faa lirizaci\u00f3n visual, xa digo: a cor de Venus. Quizais por a\u00ed, polo po\u00e9tico, ve\u00f1an as febras da s\u00faa nova proposta. Agard\u00e1mola con devezo.<\/div>\n","protected":false},"excerpt":{"rendered":"<p>Antonio Pi\u00f1eiro.\u00a0Xos\u00e9 Lu\u00eds Veiras Manteiga \u00e9, con certeza, un dos autores de selo, traxectoria e proposta m\u00e1is claros do noso eido art\u00edstico. \u00c9 tam\u00e9n un dos m\u00e1is intensos e concienciudos laboradores. D\u00edgoo tanto polo seu ritmo coma pola s\u00faa erudici\u00f3n.<\/p>\n","protected":false},"author":1,"featured_media":0,"comment_status":"open","ping_status":"closed","sticky":false,"template":"","format":"standard","meta":{"_bbp_topic_count":0,"_bbp_reply_count":0,"_bbp_total_topic_count":0,"_bbp_total_reply_count":0,"_bbp_voice_count":0,"_bbp_anonymous_reply_count":0,"_bbp_topic_count_hidden":0,"_bbp_reply_count_hidden":0,"_bbp_forum_subforum_count":0,"_exactmetrics_skip_tracking":false,"_exactmetrics_sitenote_active":false,"_exactmetrics_sitenote_note":"","_exactmetrics_sitenote_category":0,"_monsterinsights_skip_tracking":false,"_monsterinsights_sitenote_active":false,"_monsterinsights_sitenote_note":"","_monsterinsights_sitenote_category":0},"categories":[35,4],"tags":[],"aioseo_notices":[],"_links":{"self":[{"href":"http:\/\/cafebarbantia.barbantia.es\/index.php?rest_route=\/wp\/v2\/posts\/10711"}],"collection":[{"href":"http:\/\/cafebarbantia.barbantia.es\/index.php?rest_route=\/wp\/v2\/posts"}],"about":[{"href":"http:\/\/cafebarbantia.barbantia.es\/index.php?rest_route=\/wp\/v2\/types\/post"}],"author":[{"embeddable":true,"href":"http:\/\/cafebarbantia.barbantia.es\/index.php?rest_route=\/wp\/v2\/users\/1"}],"replies":[{"embeddable":true,"href":"http:\/\/cafebarbantia.barbantia.es\/index.php?rest_route=%2Fwp%2Fv2%2Fcomments&post=10711"}],"version-history":[{"count":1,"href":"http:\/\/cafebarbantia.barbantia.es\/index.php?rest_route=\/wp\/v2\/posts\/10711\/revisions"}],"predecessor-version":[{"id":10713,"href":"http:\/\/cafebarbantia.barbantia.es\/index.php?rest_route=\/wp\/v2\/posts\/10711\/revisions\/10713"}],"wp:attachment":[{"href":"http:\/\/cafebarbantia.barbantia.es\/index.php?rest_route=%2Fwp%2Fv2%2Fmedia&parent=10711"}],"wp:term":[{"taxonomy":"category","embeddable":true,"href":"http:\/\/cafebarbantia.barbantia.es\/index.php?rest_route=%2Fwp%2Fv2%2Fcategories&post=10711"},{"taxonomy":"post_tag","embeddable":true,"href":"http:\/\/cafebarbantia.barbantia.es\/index.php?rest_route=%2Fwp%2Fv2%2Ftags&post=10711"}],"curies":[{"name":"wp","href":"https:\/\/api.w.org\/{rel}","templated":true}]}}