{"id":10746,"date":"2019-05-11T06:00:44","date_gmt":"2019-05-11T06:00:44","guid":{"rendered":"http:\/\/cafebarbantia.barbantia.es\/?p=10746"},"modified":"2019-05-03T08:23:45","modified_gmt":"2019-05-03T08:23:45","slug":"o-disparate","status":"publish","type":"post","link":"http:\/\/cafebarbantia.barbantia.es\/?p=10746","title":{"rendered":"O disparate"},"content":{"rendered":"<p align=\"justify\"><span style=\"font-size: large;\"><a href=\"http:\/\/cafebarbantia.barbantia.es\/wp-content\/uploads\/2019\/05\/descarga.jpg\"><img decoding=\"async\" loading=\"lazy\" class=\"alignright size-full wp-image-10747\" alt=\"descarga\" src=\"http:\/\/cafebarbantia.barbantia.es\/wp-content\/uploads\/2019\/05\/descarga.jpg\" width=\"279\" height=\"180\" \/><\/a><em><strong>X. Ricardo Losada.\u00a0<\/strong><\/em>Di Juan Villoro que o disparate \u00e9 unha venturosa forma de malentendido e pon como exemplo alg\u00fans momentos das conferencias do escritor mexicano Carlos Monsiv\u00e1is. O auditorio estaba tan predisposto a rir polo ocorrente que era o autor que r\u00eda a gargalladas cada vez que non entend\u00eda algo.<!--more--> A falta de sentido transform\u00e1base en humor involuntario. E non me estra\u00f1a. Monsiv\u00e1is era capaz de dicir frases como: \u201cLos pobres nunca ser\u00e1n modernos. Se comunican por an\u00e9cdotas, no por estad\u00edsticas\u201d. Ou: \u201cEl pueblo es la mirada colectiva sobre un aparato de televisi\u00f3n\u201d. Ou: \u201cLo m\u00e1s caro del mundo es ser pobre\u201d. Ou: \u201cSin frustraciones dolorosas no hay acceso respetable a la bebida\u201d.<\/span><\/p>\n<p align=\"justify\"><span style=\"font-size: large;\">Non sei se lle pasar\u00eda o mesmo a Nacho Duato cando dixo que \u201clos pol\u00edticos de derechas son m\u00e1s cultos porque todos vienen de familia bien\u201d. Mesmo afirmou que os pol\u00edticos de esquerda non eran intelectuais pois no franquismo s\u00f3 \u00edan a concertos e ao teatro os ricos. \u00c9 unha frase que, a diferenza das de Monsiv\u00e1is, e por moito que Duato diga que votar\u00e1 a Podemos, non fai ningunha graza. Un pode aceptar (o propio Marx o aceptar\u00eda) que o capitalismo xera a riqueza necesaria para que a alta cultura floreza. E tam\u00e9n pode aceptar que no franquismo os ricos \u00edan m\u00e1is a concertos e ao teatro que os pobres, do mesmo xeito que \u00edan m\u00e1is a Londres a abortar (e non por iso eran proabortistas) ou \u00e1 pol\u00edtica (e non por iso eran dem\u00f3cratas).<\/span><\/p>\n<p align=\"justify\"><span style=\"font-size: large;\"><a href=\"http:\/\/cafebarbantia.barbantia.es\/wp-content\/uploads\/2019\/05\/csm_g02169a01nf2004_TRABAJO_ff438beedb.jpg\"><img decoding=\"async\" loading=\"lazy\" class=\"alignleft size-medium wp-image-10748\" alt=\"csm_g02169a01nf2004_TRABAJO_ff438beedb\" src=\"http:\/\/cafebarbantia.barbantia.es\/wp-content\/uploads\/2019\/05\/csm_g02169a01nf2004_TRABAJO_ff438beedb-300x201.jpg\" width=\"300\" height=\"201\" srcset=\"http:\/\/cafebarbantia.barbantia.es\/wp-content\/uploads\/2019\/05\/csm_g02169a01nf2004_TRABAJO_ff438beedb-300x201.jpg 300w, http:\/\/cafebarbantia.barbantia.es\/wp-content\/uploads\/2019\/05\/csm_g02169a01nf2004_TRABAJO_ff438beedb.jpg 508w\" sizes=\"(max-width: 300px) 100vw, 300px\" \/><\/a>Tampouco vou entrar agora a considerar a que tipo de obras \u00edan os ricos no franquismo. Nin moito menos a afirmar que ser rico sexa incompatible con ser culto. A todo isto&#8230; Agora que me decato, vou empregar unha estratexia (desculpade a deformaci\u00f3n profesional) que utilizo con frecuencia cos meus alumnos. Cando falamos en clase dun tema, paro de s\u00fapeto a explicaci\u00f3n ou o debate e digo <i>Paso atr\u00e1s<\/i>, para pregunt\u00e1rmonos polo significado dos conceptos que estamos a utilizar e que, en moitos casos, cren saber e non saben, ou, simplemente, non saben pero d\u00e1lles vergonza ou pereza preguntar. \u00c9 o que fago agora, <i>dar un paso atr\u00e1s. <\/i>As\u00ed que dime, querido lector, que significa ser culto? Como non te te\u00f1o diante, pero supondo que te por\u00eda contra as cordas, e aproveitando que xa demos o paso atr\u00e1s coa palabra disparate, limitareime a dicir, para que non lle falte sentido a este texto, que, sen ning\u00fan tipo de d\u00fabidas, a frase de Nacho Duato \u00e9 un disparate. <\/span><\/p>\n","protected":false},"excerpt":{"rendered":"<p>X. Ricardo Losada.\u00a0Di Juan Villoro que o disparate \u00e9 unha venturosa forma de malentendido e pon como exemplo alg\u00fans momentos das conferencias do escritor mexicano Carlos Monsiv\u00e1is. O auditorio estaba tan predisposto a rir polo ocorrente que era o autor que r\u00eda a gargalladas cada vez que non entend\u00eda algo.<\/p>\n","protected":false},"author":1,"featured_media":0,"comment_status":"open","ping_status":"closed","sticky":false,"template":"","format":"standard","meta":{"_bbp_topic_count":0,"_bbp_reply_count":0,"_bbp_total_topic_count":0,"_bbp_total_reply_count":0,"_bbp_voice_count":0,"_bbp_anonymous_reply_count":0,"_bbp_topic_count_hidden":0,"_bbp_reply_count_hidden":0,"_bbp_forum_subforum_count":0,"_exactmetrics_skip_tracking":false,"_exactmetrics_sitenote_active":false,"_exactmetrics_sitenote_note":"","_exactmetrics_sitenote_category":0,"_monsterinsights_skip_tracking":false,"_monsterinsights_sitenote_active":false,"_monsterinsights_sitenote_note":"","_monsterinsights_sitenote_category":0},"categories":[7,9,26],"tags":[],"aioseo_notices":[],"_links":{"self":[{"href":"http:\/\/cafebarbantia.barbantia.es\/index.php?rest_route=\/wp\/v2\/posts\/10746"}],"collection":[{"href":"http:\/\/cafebarbantia.barbantia.es\/index.php?rest_route=\/wp\/v2\/posts"}],"about":[{"href":"http:\/\/cafebarbantia.barbantia.es\/index.php?rest_route=\/wp\/v2\/types\/post"}],"author":[{"embeddable":true,"href":"http:\/\/cafebarbantia.barbantia.es\/index.php?rest_route=\/wp\/v2\/users\/1"}],"replies":[{"embeddable":true,"href":"http:\/\/cafebarbantia.barbantia.es\/index.php?rest_route=%2Fwp%2Fv2%2Fcomments&post=10746"}],"version-history":[{"count":1,"href":"http:\/\/cafebarbantia.barbantia.es\/index.php?rest_route=\/wp\/v2\/posts\/10746\/revisions"}],"predecessor-version":[{"id":10749,"href":"http:\/\/cafebarbantia.barbantia.es\/index.php?rest_route=\/wp\/v2\/posts\/10746\/revisions\/10749"}],"wp:attachment":[{"href":"http:\/\/cafebarbantia.barbantia.es\/index.php?rest_route=%2Fwp%2Fv2%2Fmedia&parent=10746"}],"wp:term":[{"taxonomy":"category","embeddable":true,"href":"http:\/\/cafebarbantia.barbantia.es\/index.php?rest_route=%2Fwp%2Fv2%2Fcategories&post=10746"},{"taxonomy":"post_tag","embeddable":true,"href":"http:\/\/cafebarbantia.barbantia.es\/index.php?rest_route=%2Fwp%2Fv2%2Ftags&post=10746"}],"curies":[{"name":"wp","href":"https:\/\/api.w.org\/{rel}","templated":true}]}}