{"id":10847,"date":"2019-07-06T06:00:42","date_gmt":"2019-07-06T06:00:42","guid":{"rendered":"http:\/\/cafebarbantia.barbantia.es\/?p=10847"},"modified":"2019-06-25T20:41:35","modified_gmt":"2019-06-25T20:41:35","slug":"represion-de-mestres-en-porto-do-son","status":"publish","type":"post","link":"http:\/\/cafebarbantia.barbantia.es\/?p=10847","title":{"rendered":"Represi\u00f3n de mestres en Porto do Son"},"content":{"rendered":"<figure id=\"attachment_10848\" aria-describedby=\"caption-attachment-10848\" style=\"width: 300px\" class=\"wp-caption alignleft\"><a href=\"http:\/\/cafebarbantia.barbantia.es\/wp-content\/uploads\/2019\/05\/BY31C1F1_202611.jpg\"><img decoding=\"async\" loading=\"lazy\" class=\"size-medium wp-image-10848\" alt=\"BY31C1F1_202611\" src=\"http:\/\/cafebarbantia.barbantia.es\/wp-content\/uploads\/2019\/05\/BY31C1F1_202611-300x168.jpg\" width=\"300\" height=\"168\" srcset=\"http:\/\/cafebarbantia.barbantia.es\/wp-content\/uploads\/2019\/05\/BY31C1F1_202611-300x168.jpg 300w, http:\/\/cafebarbantia.barbantia.es\/wp-content\/uploads\/2019\/05\/BY31C1F1_202611-1024x576.jpg 1024w, http:\/\/cafebarbantia.barbantia.es\/wp-content\/uploads\/2019\/05\/BY31C1F1_202611-900x506.jpg 900w, http:\/\/cafebarbantia.barbantia.es\/wp-content\/uploads\/2019\/05\/BY31C1F1_202611.jpg 1280w\" sizes=\"(max-width: 300px) 100vw, 300px\" \/><\/a><figcaption id=\"caption-attachment-10848\" class=\"wp-caption-text\">Fernando Fari\u00f1a, cos seus alumnos, na Escola de Nenos de Porto do Son<\/figcaption><\/figure>\n<p style=\"text-align: justify;\"><em><strong>Manuel Mari\u00f1o del R\u00edo. <\/strong><\/em>A comezos do s\u00e9culo XX a situaci\u00f3n escolar non era a desexada. Na II Rep\u00fablica intentouse arranxala contando co ensino como transformador da sociedade, dignificando a profesi\u00f3n e superando o atraso instalado durante a Restauraci\u00f3n. A sublevaci\u00f3n militar aniquilou algunhas medidas e a dereita fascista comezou a limpa de Espa\u00f1a, e o sector do Maxisterio foi un dos obxectivos principais. <!--more-->Tomaron represalias contra os mestres que amosaron o seu apoio \u00e1 Fronte Popular e comezou unha depuraci\u00f3n que rematou con moitos fusilados, encarcerados e, o resto, denigrados. Moitos docentes simpatizantes coa Rep\u00fablica foron considerados inimigos de Espa\u00f1a.<\/p>\n<p style=\"text-align: justify;\">En agosto de 1936 d\u00e9ronse instruci\u00f3ns moi precisas para que os concellos de toda Galicia comezasen a exercer aquela represi\u00f3n. O proceso depurativo deu comezo nestes primeiros d\u00edas do levantamento, continuou durante a guerra e alongouse nos anos posteriores \u00e1 mesma. Daquela a Comisi\u00f3n Depuradora enviou aos concellos unha circular da Delegaci\u00f3n Militar de Instruci\u00f3n P\u00fablica da provincia d\u00b4A Coru\u00f1a para que os alcaldes, coa axuda da Garda Civil, os falanxistas, os cregos das distintas parroquias e mesmo os propios veci\u00f1os, remitisen con urxencia informaci\u00f3n sobre as actividades dos docentes das zonas baixo dominio dos sublevados e que se estender\u00eda aos novos territorios ocupados. A partir da apertura dos expedientes, os mestres quedaban na m\u00e1is absoluta indefensi\u00f3n, amedrentados pola inxustiza e temendo non s\u00f3 perder os postos de traballo e os salarios, sen\u00f3n tam\u00e9n as s\u00faas propias vidas.<\/p>\n<p style=\"text-align: justify;\">O alcalde de Porto do Son enviou os correspondentes informes o d\u00eda 12 de agosto. Neles recoll\u00eda a conduta social, pol\u00edtica, moral e relixiosa dos mestres que traballaban no termo municipal. Daquela, dous deles xa estaban no c\u00e1rcere de Santiago.<\/p>\n<p style=\"text-align: justify;\">Dos vinte docentes que naquel tempo impartiron clases nas distintas parroquias de Porto do Son figuraban nos informes como \u00abizquierdas, independientes y derecha\u00bbs. Noutros casos aparec\u00edan cun lac\u00f3nico \u00abdudoso\u00bb ou indicando co texto \u00abno simpatiza con el movimiento nacional\u00bb.<\/p>\n<p style=\"text-align: justify;\">Froito daquela represi\u00f3n abusiva foron solicitados informes, sancionados ou encarcerados os seguintes profesores: Ignacio Mart\u00ednez Lanza, natural de Laranga, detido e enviado ao c\u00e1rcere de Raxoi, en Santiago. Antonio Conde Asperot, mestre da Escola de Nenos n\u00ba 1, secretario da Esquerda Republicana e dirixente da Fronte Popular na vila sonense; detido e enviado ao c\u00e1rcere. Jos\u00e9 Roura Mart\u00ednez, con destino na Escola do P\u00f3sito de Portos\u00edn, suspendido de emprego e soldo, o mesmo que Jos\u00e9 Rego Bri\u00f3n, que estaba destinado en Queiruga.<\/p>\n<p style=\"text-align: justify;\">Antonio Rodr\u00edguez Pazos, mestre en Nebra, que o 13 de novembro de 1936 fora nomeado alcalde-delegado civil, pero a Comisi\u00f3n Depuradora remitiulle prego de cargos en febreiro de 1937 o mesmo que a Fernando Fari\u00f1a Barros, que exerc\u00eda na Escola de Nenos de Porto do Son, Josefa Morales Gaci\u00f1o, mestra en Res\u00faa-Nebra; Cipriano Parada Maneiro, destinado na parroquia de Caama\u00f1o, e Manuel Sampedro Ventoso, inhabilitado por un ano. A represi\u00f3n tam\u00e9n afectou a Antonio Bri\u00f3n Romero, alumno da Escola de Maxisterio, de quen se solicitaron informes de conduta.<\/p>\n","protected":false},"excerpt":{"rendered":"<p>Manuel Mari\u00f1o del R\u00edo. A comezos do s\u00e9culo XX a situaci\u00f3n escolar non era a desexada. Na II Rep\u00fablica intentouse arranxala contando co ensino como transformador da sociedade, dignificando a profesi\u00f3n e superando o atraso instalado durante a Restauraci\u00f3n. A sublevaci\u00f3n militar aniquilou algunhas medidas e a dereita fascista comezou a limpa de Espa\u00f1a, e &hellip; <a href=\"http:\/\/cafebarbantia.barbantia.es\/?p=10847\" class=\"more-link\">Seguir lendo <span class=\"screen-reader-text\">Represi\u00f3n de mestres en Porto do Son<\/span> <span class=\"meta-nav\">&rarr;<\/span><\/a><\/p>\n","protected":false},"author":1,"featured_media":0,"comment_status":"open","ping_status":"closed","sticky":false,"template":"","format":"standard","meta":{"_bbp_topic_count":0,"_bbp_reply_count":0,"_bbp_total_topic_count":0,"_bbp_total_reply_count":0,"_bbp_voice_count":0,"_bbp_anonymous_reply_count":0,"_bbp_topic_count_hidden":0,"_bbp_reply_count_hidden":0,"_bbp_forum_subforum_count":0,"_exactmetrics_skip_tracking":false,"_exactmetrics_sitenote_active":false,"_exactmetrics_sitenote_note":"","_exactmetrics_sitenote_category":0,"_monsterinsights_skip_tracking":false,"_monsterinsights_sitenote_active":false,"_monsterinsights_sitenote_note":"","_monsterinsights_sitenote_category":0},"categories":[7,64],"tags":[],"aioseo_notices":[],"_links":{"self":[{"href":"http:\/\/cafebarbantia.barbantia.es\/index.php?rest_route=\/wp\/v2\/posts\/10847"}],"collection":[{"href":"http:\/\/cafebarbantia.barbantia.es\/index.php?rest_route=\/wp\/v2\/posts"}],"about":[{"href":"http:\/\/cafebarbantia.barbantia.es\/index.php?rest_route=\/wp\/v2\/types\/post"}],"author":[{"embeddable":true,"href":"http:\/\/cafebarbantia.barbantia.es\/index.php?rest_route=\/wp\/v2\/users\/1"}],"replies":[{"embeddable":true,"href":"http:\/\/cafebarbantia.barbantia.es\/index.php?rest_route=%2Fwp%2Fv2%2Fcomments&post=10847"}],"version-history":[{"count":1,"href":"http:\/\/cafebarbantia.barbantia.es\/index.php?rest_route=\/wp\/v2\/posts\/10847\/revisions"}],"predecessor-version":[{"id":10849,"href":"http:\/\/cafebarbantia.barbantia.es\/index.php?rest_route=\/wp\/v2\/posts\/10847\/revisions\/10849"}],"wp:attachment":[{"href":"http:\/\/cafebarbantia.barbantia.es\/index.php?rest_route=%2Fwp%2Fv2%2Fmedia&parent=10847"}],"wp:term":[{"taxonomy":"category","embeddable":true,"href":"http:\/\/cafebarbantia.barbantia.es\/index.php?rest_route=%2Fwp%2Fv2%2Fcategories&post=10847"},{"taxonomy":"post_tag","embeddable":true,"href":"http:\/\/cafebarbantia.barbantia.es\/index.php?rest_route=%2Fwp%2Fv2%2Ftags&post=10847"}],"curies":[{"name":"wp","href":"https:\/\/api.w.org\/{rel}","templated":true}]}}