{"id":1096,"date":"2014-04-20T09:45:04","date_gmt":"2014-04-20T09:45:04","guid":{"rendered":"http:\/\/cafebarbantia.barbantia.es\/?p=1096"},"modified":"2014-04-21T19:16:17","modified_gmt":"2014-04-21T19:16:17","slug":"vixencia-e-actualidade-de-pier-paolo-pasolini","status":"publish","type":"post","link":"http:\/\/cafebarbantia.barbantia.es\/?p=1096","title":{"rendered":"Vixencia e actualidade de Pier Paolo Pasolini"},"content":{"rendered":"<p style=\"text-align: justify;\"><em><strong><a href=\"http:\/\/cafebarbantia.barbantia.es\/wp-content\/uploads\/2014\/04\/evangeo.jpg\"><img decoding=\"async\" loading=\"lazy\" class=\"alignright size-medium wp-image-1098\" alt=\"evangeo\" src=\"http:\/\/cafebarbantia.barbantia.es\/wp-content\/uploads\/2014\/04\/evangeo-207x300.jpg\" width=\"207\" height=\"300\" srcset=\"http:\/\/cafebarbantia.barbantia.es\/wp-content\/uploads\/2014\/04\/evangeo-207x300.jpg 207w, http:\/\/cafebarbantia.barbantia.es\/wp-content\/uploads\/2014\/04\/evangeo.jpg 320w\" sizes=\"(max-width: 207px) 100vw, 207px\" \/><\/a>Gonzalo Trasbach<\/strong><\/em>. Parece este un bo momento para dedicarlle un pouco de atenci\u00f3n a Pier Paolo Pasolini (Bolonia, 1922-Roma, 1975). O escritor italiano est\u00e1 de actualidade, non s\u00f3 pola vixencia de moitas das s\u00faas ideas (por exemplo, polas s\u00faas desapiadadas cr\u00edticas contra a sociedade de consumo), sen\u00f3n tam\u00e9n polo seu fondo compromiso vital e art\u00edstico coa autenticidade. Para comezar, como \u00e9 Semana Santa, e agora que o mundo est\u00e1 en mans dunha tropa fan\u00e1tica que se declara cristi\u00e1 dun ou doutro signo, posiblemente resulte moi saud\u00e1bel ver de novo <i>El evangelio seg\u00fan san Mateo<\/i>, un filme que cando se estreou (1964) provocou un monumental esc\u00e1ndalo.<!--more--><\/p>\n<p style=\"text-align: justify;\">Leal e respectuoso con texto de Mateo, o autor de <i>Teorema<\/i> trenza unha pel\u00edcula, a cal lle dedicou ao Papa Juan XXIII, que, unha vez desposu\u00edda dos vestidos da treboada ideol\u00f3xica, pol\u00edtica e relixiosa da su \u00e9poca, semella unha obra chea de beleza que abalea entre o branco e o escuro do neorrealismo e o fresco do Quattrocento, cos seus territorios secos e ruinosos e os seus persoeiros sobrios e delgados como \u00e1rbores de terras pobres.<\/p>\n<p style=\"text-align: justify;\">Cun amplo reparto de actores desco\u00f1ecidos (non profesionais) no que sobresaen os nomes de Susana Pasolini, que fai de Mar\u00eda a vella, o ent\u00f3n mozo fil\u00f3sofo e escritor Giorgio Agamben (san Xo\u00e1n) e o sindicalista vasco Enrique Irazoqui (Xesucristo), quen se parece rigorosamente ao das palabras de san Mateo. E non se parece en nada ao Cristo que tantas veces nos retrataron nas pel\u00edculas relixiosas nin ao que nos describ\u00edan dende os p\u00falpitos das igrexas. Pero o creador de <i>Escritos corsarios<\/i> consegue desde o primeiro plano que a paix\u00f3n de Xes\u00fas sexa completamente nova, pero \u00e1 vez tan primitiva como \u00e1rida e \u00e1spera.<\/p>\n<p style=\"text-align: justify;\"><a href=\"http:\/\/cafebarbantia.barbantia.es\/wp-content\/uploads\/2014\/04\/Pasolini.jpg\"><img decoding=\"async\" loading=\"lazy\" class=\"alignleft size-medium wp-image-1099\" alt=\"Pasolini\" src=\"http:\/\/cafebarbantia.barbantia.es\/wp-content\/uploads\/2014\/04\/Pasolini-300x197.jpg\" width=\"300\" height=\"197\" srcset=\"http:\/\/cafebarbantia.barbantia.es\/wp-content\/uploads\/2014\/04\/Pasolini-300x197.jpg 300w, http:\/\/cafebarbantia.barbantia.es\/wp-content\/uploads\/2014\/04\/Pasolini-1024x675.jpg 1024w, http:\/\/cafebarbantia.barbantia.es\/wp-content\/uploads\/2014\/04\/Pasolini-900x593.jpg 900w, http:\/\/cafebarbantia.barbantia.es\/wp-content\/uploads\/2014\/04\/Pasolini.jpg 1600w\" sizes=\"(max-width: 300px) 100vw, 300px\" \/><\/a>Ten o Xes\u00fas de Pasolini algo que o sit\u00faa m\u00e1is preto dos mortais que dos divinos. Non sabe que \u00e9 Xesucristo, nin ten idea do inmenso e pesado legado para a posteridade que porta sobre a s\u00faa feble figura. Pasa fame e sede. Sente rabia pero tam\u00e9n ten medo. Experimenta o p\u00e1nico que causa a proximidade da tortura, da dor e da morte. Na cinta notamos o roce da roupa que cobren o corpo do reo, os lategazos resoan como se caesen sobre o espectador, as pedradas, os insultos&#8230; A vella nai deste Cristo, o dos nosos campesi\u00f1os e mari\u00f1eiros de antano, \u00e9 a de Pasolini, e s\u00faa paix\u00f3n e morte viv\u00edmola como se fose unha fenda \u00edntima, persoal.<\/p>\n<p style=\"text-align: justify;\">Hai dous datos m\u00e1is que falan da actualidade do director de <i>Accatone<\/i>, <i>Mamma Roma<\/i> e <i>Sal\u00f3<\/i>, entre outras: unha mostra que acaba de inaugurarse en Roma, na que se analiza a s\u00faa traxectoria desde a s\u00faa chegada a capital italiana (1950) ata a morte, un misterioso e fatal accidente que tivo lugar o 2 de novembro de 1975 nun descampado de Ostia, a poucos kil\u00f3metros de Roma, onde foi brutalmente asasinado, unha data que est\u00e1 marcada con lume na historia de Italia. Despois de ter pasado cun grand\u00edsimo \u00e9xito por Barcelona, a exposici\u00f3n viaxar\u00e1 a Berl\u00edn antes de atracar en Par\u00eds. Pero ademais a s\u00faa actualidade materializase nunha pel\u00edcula de Abel Ferrara sobre os \u00faltimos anos da vida do escritor, poeta e cineasta, a quen encarna Willem Dafoe, que est\u00e1 previsto que se presente na videira Mostra de Venecia.<\/p>\n<p style=\"text-align: justify;\"><a href=\"http:\/\/cafebarbantia.barbantia.es\/wp-content\/uploads\/2014\/04\/EvangMateo02_zpsb1f53fac.jpg\"><img decoding=\"async\" loading=\"lazy\" class=\"alignright size-medium wp-image-1100\" alt=\"EvangMateo02_zpsb1f53fac\" src=\"http:\/\/cafebarbantia.barbantia.es\/wp-content\/uploads\/2014\/04\/EvangMateo02_zpsb1f53fac-300x161.jpg\" width=\"300\" height=\"161\" srcset=\"http:\/\/cafebarbantia.barbantia.es\/wp-content\/uploads\/2014\/04\/EvangMateo02_zpsb1f53fac-300x161.jpg 300w, http:\/\/cafebarbantia.barbantia.es\/wp-content\/uploads\/2014\/04\/EvangMateo02_zpsb1f53fac.jpg 720w\" sizes=\"(max-width: 300px) 100vw, 300px\" \/><\/a>Nunha entrevista concedida en 1967 Pasolini advertiu: &lt;S\u00f3 no intre da morte, nese instante indescifrable, ambiguo, suspendido, a nosa vida cobra sentido&gt;. E a s\u00faa, semellante \u00e1 dun inc\u00f3modo profeta ao que lle quixeron tapar a boca, estivo chea de sentido, foi e a\u00ednda \u00e9 un exemplo de rebeld\u00eda fronte \u00e1 moral e a pol\u00edtica reinantes.<\/p>\n","protected":false},"excerpt":{"rendered":"<p>Gonzalo Trasbach. Parece este un bo momento para dedicarlle un pouco de atenci\u00f3n a Pier Paolo Pasolini (Bolonia, 1922-Roma, 1975). O escritor italiano est\u00e1 de actualidade, non s\u00f3 pola vixencia de moitas das s\u00faas ideas (por exemplo, polas s\u00faas desapiadadas cr\u00edticas contra a sociedade de consumo), sen\u00f3n tam\u00e9n polo seu fondo compromiso vital e art\u00edstico &hellip; <a href=\"http:\/\/cafebarbantia.barbantia.es\/?p=1096\" class=\"more-link\">Seguir lendo <span class=\"screen-reader-text\">Vixencia e actualidade de Pier Paolo Pasolini<\/span> <span class=\"meta-nav\">&rarr;<\/span><\/a><\/p>\n","protected":false},"author":1,"featured_media":0,"comment_status":"open","ping_status":"closed","sticky":false,"template":"","format":"standard","meta":{"_bbp_topic_count":0,"_bbp_reply_count":0,"_bbp_total_topic_count":0,"_bbp_total_reply_count":0,"_bbp_voice_count":0,"_bbp_anonymous_reply_count":0,"_bbp_topic_count_hidden":0,"_bbp_reply_count_hidden":0,"_bbp_forum_subforum_count":0,"_exactmetrics_skip_tracking":false,"_exactmetrics_sitenote_active":false,"_exactmetrics_sitenote_note":"","_exactmetrics_sitenote_category":0,"_monsterinsights_skip_tracking":false,"_monsterinsights_sitenote_active":false,"_monsterinsights_sitenote_note":"","_monsterinsights_sitenote_category":0},"categories":[6,7,18],"tags":[],"aioseo_notices":[],"_links":{"self":[{"href":"http:\/\/cafebarbantia.barbantia.es\/index.php?rest_route=\/wp\/v2\/posts\/1096"}],"collection":[{"href":"http:\/\/cafebarbantia.barbantia.es\/index.php?rest_route=\/wp\/v2\/posts"}],"about":[{"href":"http:\/\/cafebarbantia.barbantia.es\/index.php?rest_route=\/wp\/v2\/types\/post"}],"author":[{"embeddable":true,"href":"http:\/\/cafebarbantia.barbantia.es\/index.php?rest_route=\/wp\/v2\/users\/1"}],"replies":[{"embeddable":true,"href":"http:\/\/cafebarbantia.barbantia.es\/index.php?rest_route=%2Fwp%2Fv2%2Fcomments&post=1096"}],"version-history":[{"count":2,"href":"http:\/\/cafebarbantia.barbantia.es\/index.php?rest_route=\/wp\/v2\/posts\/1096\/revisions"}],"predecessor-version":[{"id":1101,"href":"http:\/\/cafebarbantia.barbantia.es\/index.php?rest_route=\/wp\/v2\/posts\/1096\/revisions\/1101"}],"wp:attachment":[{"href":"http:\/\/cafebarbantia.barbantia.es\/index.php?rest_route=%2Fwp%2Fv2%2Fmedia&parent=1096"}],"wp:term":[{"taxonomy":"category","embeddable":true,"href":"http:\/\/cafebarbantia.barbantia.es\/index.php?rest_route=%2Fwp%2Fv2%2Fcategories&post=1096"},{"taxonomy":"post_tag","embeddable":true,"href":"http:\/\/cafebarbantia.barbantia.es\/index.php?rest_route=%2Fwp%2Fv2%2Ftags&post=1096"}],"curies":[{"name":"wp","href":"https:\/\/api.w.org\/{rel}","templated":true}]}}