{"id":10962,"date":"2019-07-08T06:00:43","date_gmt":"2019-07-08T06:00:43","guid":{"rendered":"http:\/\/cafebarbantia.barbantia.es\/?p=10962"},"modified":"2019-06-30T17:26:03","modified_gmt":"2019-06-30T17:26:03","slug":"poetica-de-confidente","status":"publish","type":"post","link":"http:\/\/cafebarbantia.barbantia.es\/?p=10962","title":{"rendered":"Po\u00e9tica de confidente"},"content":{"rendered":"<figure id=\"attachment_10963\" aria-describedby=\"caption-attachment-10963\" style=\"width: 300px\" class=\"wp-caption alignleft\"><a href=\"http:\/\/cafebarbantia.barbantia.es\/wp-content\/uploads\/2019\/06\/B25J9026.jpg\"><img decoding=\"async\" loading=\"lazy\" class=\"size-medium wp-image-10963\" alt=\"A obra do artista da Pobra forma parte dunha exposici\u00f3n que se pode ver no Amanitas\" src=\"http:\/\/cafebarbantia.barbantia.es\/wp-content\/uploads\/2019\/06\/B25J9026-300x168.jpg\" width=\"300\" height=\"168\" srcset=\"http:\/\/cafebarbantia.barbantia.es\/wp-content\/uploads\/2019\/06\/B25J9026-300x168.jpg 300w, http:\/\/cafebarbantia.barbantia.es\/wp-content\/uploads\/2019\/06\/B25J9026-1024x576.jpg 1024w, http:\/\/cafebarbantia.barbantia.es\/wp-content\/uploads\/2019\/06\/B25J9026-900x506.jpg 900w, http:\/\/cafebarbantia.barbantia.es\/wp-content\/uploads\/2019\/06\/B25J9026.jpg 1279w\" sizes=\"(max-width: 300px) 100vw, 300px\" \/><\/a><figcaption id=\"caption-attachment-10963\" class=\"wp-caption-text\">A obra do artista da Pobra forma parte dunha exposici\u00f3n que se pode ver no Amanitas<\/figcaption><\/figure>\n<p style=\"text-align: justify;\"><em><strong>Antonio Pi\u00f1eiro.\u00a0<\/strong><\/em>Ve\u00f1o de estar na nova exposici\u00f3n de Manuel Teira, no Amanitas, na Pobra do Carami\u00f1al, o caf\u00e9-bar sobrepasado de si mesmo coma lugar de encontro, conversa, cultura, est\u00e9tica, amizade; nunca de vez expresado como quixeramos. Das veces que te\u00f1o estado no taller de Teira, sempre me quedou unha idea nova da linguaxe. Manuel muda de vocabulario tanto como lle sexa preciso \u00e1 diversidade. <!--more-->Manuel sabe que a beleza \u00e9 a gran pol\u00edglota dos sentimentos. Manuel Teira, coido, ten en marcha un retrinqueiro texto po\u00e9tico est\u00e9tica e extensamente pluriling\u00fce, no que est\u00e1 tam\u00e9n, por suposto, a s\u00faa obra pl\u00e1stica. Xa dixemos m\u00e1is dunha vez que a s\u00faa inspiraci\u00f3n \u00e9 a pescuda, a volatilidade da idea, do intre, a volatilidade que \u00e9, en definitiva, propiedade intr\u00ednseca do fermoso.<\/p>\n<div id=\"6TEXTO_DETALLEad_RobaPaginasMobile-id\" itemscope=\"\" itemtype=\"https:\/\/schema.org\/WPAdBlock\" style=\"text-align: justify;\" data-ads=\"true\" data-url=\"\/4900\/webm.EXT.LAVOZDEGALICIA\/galicia\/barbanza\" data-mapping=\"ROBAMOBILE\" data-sizes=\"[[300,600],[300,250]]\" data-param=\"pos\" data-format=\"mobile\" data-targeting=\"robapaginas\">\u00c1s veces mest\u00faranse varias desas raiolas nun s\u00f3 acto creativo. Manchas, trazos, motivos, cores, medios, interacci\u00f3ns. Nesta ocasi\u00f3n v\u00e9molo no propio texto plasmado a car\u00f3n dos demais elementos. V\u00e9molo aflorar nos signos e palabras que se mergullan entre as cores e as formas. Outras veces non \u00e9 tan as\u00ed, a\u00ednda que nunca deixe de percibirse ese ton de conversa, tan existencialista, tan eisex\u00e9tico, nunha obra na que interv\u00e9n inevitablemente a l\u00edrica falada dos motivos, dos planos e da materia.<\/div>\n<p style=\"text-align: justify;\"><strong>Confesi\u00f3ns<\/strong><\/p>\n<p style=\"text-align: justify;\">Te\u00f1o o caf\u00e9 na man, disposto a darlle un sorbo, cando reparo nunha desas palabras: confesi\u00f3ns. Est\u00e1 enriba dun h\u00edbrido de ourizo e antropomorfo. Este leva un fillo prendido das mans. Abaixo, \u00e1 s\u00faa esquerda, aparece un c\u00edrculo a bol\u00edgrafo no que pon viaxe ao sur, sobre o cal se ergue un pescozo tot\u00e9mico cun rostro que contempla picaramente a escena na que, por certo, tam\u00e9n coubo a actualidade e a s\u00faa lectura pol\u00edtica. Ach\u00e9gome. D\u00e9ixome guiar pola palabra que lin ao primeiro e, decontado, te\u00f1o a sensaci\u00f3n de que un mundo, ou o mundo, verteu as s\u00faas imaxes no cadro, en troques de as ir buscar Manuel. A\u00ed o confidente. Mais non estamos a dicir nada novo. Un poeta \u00e9 sempre un confidente. Ou, como expresa a fermosa idea de Carmen Martag\u00f3n: a poes\u00eda \u00e9 a confidente, o ente onde os matices coti\u00e1ns da vida nos falan e se nos amosan. Manuel Teira, o que fai, \u00e9 precisamente iso: deixar que a outra parte da conversa chegue.<\/p>\n<div id=\"ad_Roba2Desktop\" itemscope=\"\" itemtype=\"https:\/\/schema.org\/WPAdBlock\" style=\"text-align: justify;\" data-url=\"\/2260323\/LVDG.Desktop\/barbanza\" data-mapping=\"VOZ_ROBA_DESKTOP\" data-sizes=\"[[300,250],[300,300],[300,600],'fluid']\" data-param=\"pos\" data-format=\"normal\" data-targeting=\"Roba2\">Sempre nos fascina, a pintura de Manuel Teira. Independentemente do formato que escolla. Xa o temos explicado tam\u00e9n dicindo que unha escultura del, do tama\u00f1o dunha man, adoita ter a contundencia doutra extra\u00edda dun bloque dunha tonelada. O que o propicia \u00e9 precisamente a linguaxe; a fala directa, neste caso marabillosamente, dende o max\u00edn, dende o mundo pensado e a imaxinaci\u00f3n arrebolada de seres, emoci\u00f3ns, palabras\u2026 ou baleiros. Disp\u00f3\u00f1ome a tomar o \u00faltimo sorbo do caf\u00e9 mentres a ollada vira cara a outro recullo. Pon: S\u00f3crates: \u00abS\u00f3 sei que non sei nada\u00bb.<\/div>\n<div id=\"ad_Roba2Mobile\" itemscope=\"\" itemtype=\"https:\/\/schema.org\/WPAdBlock\" data-url=\"\/2260323\/LVDG.Mobile\/barbanza\" data-mapping=\"VOZ_ROBA_MOBILE\" data-sizes=\"[[300,250],[300,300],[300,600],'fluid']\" data-param=\"pos\" data-format=\"mobile\" data-targeting=\"Roba2\"><\/div>\n<p>&nbsp;<\/p>\n<div id=\"TEXTO_DETALLE_ad_Roba3Desktop\" itemscope=\"\" itemtype=\"https:\/\/schema.org\/WPAdBlock\" data-url=\"\/2260323\/LVDG.Desktop\/barbanza\" data-mapping=\"VOZ_ROBA300_DESKTOP\" data-sizes=\"[[300,250],[300,300],'fluid']\" data-param=\"pos\" data-format=\"normal\" data-targeting=\"Roba3\"><\/div>\n<div><\/div>\n<p>&nbsp;<\/p>\n","protected":false},"excerpt":{"rendered":"<p>Antonio Pi\u00f1eiro.\u00a0Ve\u00f1o de estar na nova exposici\u00f3n de Manuel Teira, no Amanitas, na Pobra do Carami\u00f1al, o caf\u00e9-bar sobrepasado de si mesmo coma lugar de encontro, conversa, cultura, est\u00e9tica, amizade; nunca de vez expresado como quixeramos. Das veces que te\u00f1o estado no taller de Teira, sempre me quedou unha idea nova da linguaxe. Manuel muda &hellip; <a href=\"http:\/\/cafebarbantia.barbantia.es\/?p=10962\" class=\"more-link\">Seguir lendo <span class=\"screen-reader-text\">Po\u00e9tica de confidente<\/span> <span class=\"meta-nav\">&rarr;<\/span><\/a><\/p>\n","protected":false},"author":1,"featured_media":0,"comment_status":"open","ping_status":"closed","sticky":false,"template":"","format":"standard","meta":{"_bbp_topic_count":0,"_bbp_reply_count":0,"_bbp_total_topic_count":0,"_bbp_total_reply_count":0,"_bbp_voice_count":0,"_bbp_anonymous_reply_count":0,"_bbp_topic_count_hidden":0,"_bbp_reply_count_hidden":0,"_bbp_forum_subforum_count":0,"_exactmetrics_skip_tracking":false,"_exactmetrics_sitenote_active":false,"_exactmetrics_sitenote_note":"","_exactmetrics_sitenote_category":0,"_monsterinsights_skip_tracking":false,"_monsterinsights_sitenote_active":false,"_monsterinsights_sitenote_note":"","_monsterinsights_sitenote_category":0},"categories":[35,4],"tags":[],"aioseo_notices":[],"_links":{"self":[{"href":"http:\/\/cafebarbantia.barbantia.es\/index.php?rest_route=\/wp\/v2\/posts\/10962"}],"collection":[{"href":"http:\/\/cafebarbantia.barbantia.es\/index.php?rest_route=\/wp\/v2\/posts"}],"about":[{"href":"http:\/\/cafebarbantia.barbantia.es\/index.php?rest_route=\/wp\/v2\/types\/post"}],"author":[{"embeddable":true,"href":"http:\/\/cafebarbantia.barbantia.es\/index.php?rest_route=\/wp\/v2\/users\/1"}],"replies":[{"embeddable":true,"href":"http:\/\/cafebarbantia.barbantia.es\/index.php?rest_route=%2Fwp%2Fv2%2Fcomments&post=10962"}],"version-history":[{"count":1,"href":"http:\/\/cafebarbantia.barbantia.es\/index.php?rest_route=\/wp\/v2\/posts\/10962\/revisions"}],"predecessor-version":[{"id":10964,"href":"http:\/\/cafebarbantia.barbantia.es\/index.php?rest_route=\/wp\/v2\/posts\/10962\/revisions\/10964"}],"wp:attachment":[{"href":"http:\/\/cafebarbantia.barbantia.es\/index.php?rest_route=%2Fwp%2Fv2%2Fmedia&parent=10962"}],"wp:term":[{"taxonomy":"category","embeddable":true,"href":"http:\/\/cafebarbantia.barbantia.es\/index.php?rest_route=%2Fwp%2Fv2%2Fcategories&post=10962"},{"taxonomy":"post_tag","embeddable":true,"href":"http:\/\/cafebarbantia.barbantia.es\/index.php?rest_route=%2Fwp%2Fv2%2Ftags&post=10962"}],"curies":[{"name":"wp","href":"https:\/\/api.w.org\/{rel}","templated":true}]}}