{"id":11000,"date":"2019-07-07T06:00:37","date_gmt":"2019-07-07T06:00:37","guid":{"rendered":"http:\/\/cafebarbantia.barbantia.es\/?p=11000"},"modified":"2019-07-02T12:04:32","modified_gmt":"2019-07-02T12:04:32","slug":"everestsofia","status":"publish","type":"post","link":"http:\/\/cafebarbantia.barbantia.es\/?p=11000","title":{"rendered":"Everestsof\u00eda"},"content":{"rendered":"<p align=\"justify\">\n<figure id=\"attachment_11002\" aria-describedby=\"caption-attachment-11002\" style=\"width: 300px\" class=\"wp-caption alignright\"><a href=\"http:\/\/cafebarbantia.barbantia.es\/wp-content\/uploads\/2019\/07\/5237541.jpg\"><img decoding=\"async\" loading=\"lazy\" class=\"size-medium wp-image-11002\" alt=\"Foto: RTVE\" src=\"http:\/\/cafebarbantia.barbantia.es\/wp-content\/uploads\/2019\/07\/5237541-300x168.jpg\" width=\"300\" height=\"168\" srcset=\"http:\/\/cafebarbantia.barbantia.es\/wp-content\/uploads\/2019\/07\/5237541-300x168.jpg 300w, http:\/\/cafebarbantia.barbantia.es\/wp-content\/uploads\/2019\/07\/5237541-1024x576.jpg 1024w, http:\/\/cafebarbantia.barbantia.es\/wp-content\/uploads\/2019\/07\/5237541-900x506.jpg 900w, http:\/\/cafebarbantia.barbantia.es\/wp-content\/uploads\/2019\/07\/5237541.jpg 1600w\" sizes=\"(max-width: 300px) 100vw, 300px\" \/><\/a><figcaption id=\"caption-attachment-11002\" class=\"wp-caption-text\">Foto: RTVE<\/figcaption><\/figure>\n<p align=\"justify\"><span style=\"font-size: small;\"><em><strong><span style=\"font-size: large;\">X. Ricardo Losada.\u00a0<\/span><\/strong><\/em><span style=\"font-size: large;\">Sempre me gustou esa an\u00e9cdota de S\u00f3crates que conta que \u00eda aos mercadi\u00f1os e, como non compraba nada, os atenienses pregunt\u00e1banlle a que \u00eda. A ver todo o que non necesito, contestaba. <!--more-->Recordeina de novo o outro d\u00eda ante esa foto de prensa que mostra un atasco de douscentos turistas no cumio do Everest, atraco que provocou dez mortos e que, segundo Nirmai Puja, o experimentado monta\u00f1eiro que tirou a foto, non foron moitos. Se en vez de a 35, o vento soprase a 40 quil\u00f3metros por hora, morrer\u00edan moitos m\u00e1is. As\u00ed que sent\u00edn unha inmensa alegr\u00eda por non ter ningunha necesidade de facer unha excursi\u00f3n dese tipo. Eu desfruto m\u00e1is a 400 metros que a oito mil (nunca estiven, \u00e9 certo, a esa altitude, pero tampouco estiven no c\u00e1rcere e&#8230;), sobre todo porque, sen ter que disfrazarme cun inc\u00f3modo traxe de astronauta nin levar bombona de os\u00edxeno, podo subir, baixar e quedar no cumio o tempo que me pete sen temor a morrer dun edema pulmonar. E como tampouco son dos que chega ao orgasmo mostr\u00e1ndolle un selfie no cumio m\u00e1is alto do mundo aos colegas, pois iso. Prefiro subir ao monte Pena, onde (marabilla de marabillas) non sinto necesidade ningunha, s\u00edntoma claro de que estou v\u00e9n comigo e co entorno, de facer unha foto. <\/span><\/span><\/p>\n<p align=\"justify\"><span style=\"font-size: large;\">Por suposto, nada te\u00f1o en contra de que outros vaian \u00e1 fin do mundo. Como di o autor da foto, \u201ccreo que a monta\u00f1a \u00e9 para todos. Se a xente quere subir ao Everest, ten dereito. Hai moitas rutas diferentes polas que se pode subir. Simplemente hai que saber xestionar ben esa cantidade de xente\u201d. O que non me creo son as raz\u00f3ns que eses turistas monta\u00f1eiros dan para semellante&#8230; \u00eda dicir aventura, pero direi mellor presunta aventura, pois o \u00fanico que se precisa (podes ir estando fond\u00f3n e sen dominar a t\u00e9cnica de ascenso) son moitos cartos. <a href=\"http:\/\/cafebarbantia.barbantia.es\/wp-content\/uploads\/2019\/07\/descarga.jpg\"><img decoding=\"async\" loading=\"lazy\" class=\"alignleft size-full wp-image-11003\" alt=\"descarga\" src=\"http:\/\/cafebarbantia.barbantia.es\/wp-content\/uploads\/2019\/07\/descarga.jpg\" width=\"275\" height=\"183\" \/><\/a>P\u00e1same o mesmo con esas persoas que compran grandes coches e din que o fan pola seguridade e as vantaxes t\u00e9cnicas. Tampouco o creo. C\u00e1same mellor que o fagan porque necesitan cari\u00f1o, algo moi t\u00edpico, por certo, en case todos os burgueses snob, ou porque cren que as\u00ed pasean polo mundo como triunfadores ou porque gozan tendo algo que a maior\u00eda dos veci\u00f1os queren e non poden ter. <\/span><\/p>\n<p align=\"justify\"><span style=\"font-size: large;\">Por iso tampouco me creo as raz\u00f3ns que d\u00e1 Nirmai Puja, a quen persoalmente admiro, conste, para explicar por que est\u00e1 embarcado nun reto de escalar os 14 oito miles en sete meses, cando o anterior rexistro \u00e9 de sete anos e dez meses. \u201cEstou intentando o imposible\u201d, di, \u201cquero probar o que pode conseguir o ser humano, o seu potencial\u201d. Hai varias cousas nesa afirmaci\u00f3n que non me gustan. A primeira, que se tome a si mesmo como medida do humano. Eu creo que, facendo tal cousa, \u00e9 m\u00e1is medida das cabras ou das aguias que dos humanos. A segunda t\u00f3moa das vellas que me v\u00edan correr polas aldeas de Rianxo: se lle mandasen, non o far\u00eda. A terceira, que hai que ter moita cara para converter as t\u00faas calidades persoais en criterio de humanidade. Como a el se lle d\u00e1 ben o alpinismo, o criterio de humanidade \u00e9 subir oito miles como quen sube e baixa banquetas. \u00c9 como se eu considerase que explorar os l\u00edmites do humano \u00e9 p\u00f3rme a ler os 14 oito miles m\u00e1is altos da historia da filosof\u00eda (o Parm\u00e9nides de Plat\u00f3n, a Fenomenolox\u00eda de Hegel, Ser e Tempo de Heidegger, etc\u00e9tera) en sete d\u00edas. Cunha particularidade ao meu favor. Nesa busca dos l\u00edmites do potencial humano nunca me atopar\u00eda cunha cabra ou cunha aguia nin, moito menos, cun atasco de turistas.<\/span><\/p>\n","protected":false},"excerpt":{"rendered":"<p>X. Ricardo Losada.\u00a0Sempre me gustou esa an\u00e9cdota de S\u00f3crates que conta que \u00eda aos mercadi\u00f1os e, como non compraba nada, os atenienses pregunt\u00e1banlle a que \u00eda. A ver todo o que non necesito, contestaba.<\/p>\n","protected":false},"author":1,"featured_media":0,"comment_status":"open","ping_status":"closed","sticky":false,"template":"","format":"standard","meta":{"_bbp_topic_count":0,"_bbp_reply_count":0,"_bbp_total_topic_count":0,"_bbp_total_reply_count":0,"_bbp_voice_count":0,"_bbp_anonymous_reply_count":0,"_bbp_topic_count_hidden":0,"_bbp_reply_count_hidden":0,"_bbp_forum_subforum_count":0,"_exactmetrics_skip_tracking":false,"_exactmetrics_sitenote_active":false,"_exactmetrics_sitenote_note":"","_exactmetrics_sitenote_category":0,"_monsterinsights_skip_tracking":false,"_monsterinsights_sitenote_active":false,"_monsterinsights_sitenote_note":"","_monsterinsights_sitenote_category":0},"categories":[7,9,26],"tags":[],"aioseo_notices":[],"_links":{"self":[{"href":"http:\/\/cafebarbantia.barbantia.es\/index.php?rest_route=\/wp\/v2\/posts\/11000"}],"collection":[{"href":"http:\/\/cafebarbantia.barbantia.es\/index.php?rest_route=\/wp\/v2\/posts"}],"about":[{"href":"http:\/\/cafebarbantia.barbantia.es\/index.php?rest_route=\/wp\/v2\/types\/post"}],"author":[{"embeddable":true,"href":"http:\/\/cafebarbantia.barbantia.es\/index.php?rest_route=\/wp\/v2\/users\/1"}],"replies":[{"embeddable":true,"href":"http:\/\/cafebarbantia.barbantia.es\/index.php?rest_route=%2Fwp%2Fv2%2Fcomments&post=11000"}],"version-history":[{"count":2,"href":"http:\/\/cafebarbantia.barbantia.es\/index.php?rest_route=\/wp\/v2\/posts\/11000\/revisions"}],"predecessor-version":[{"id":11004,"href":"http:\/\/cafebarbantia.barbantia.es\/index.php?rest_route=\/wp\/v2\/posts\/11000\/revisions\/11004"}],"wp:attachment":[{"href":"http:\/\/cafebarbantia.barbantia.es\/index.php?rest_route=%2Fwp%2Fv2%2Fmedia&parent=11000"}],"wp:term":[{"taxonomy":"category","embeddable":true,"href":"http:\/\/cafebarbantia.barbantia.es\/index.php?rest_route=%2Fwp%2Fv2%2Fcategories&post=11000"},{"taxonomy":"post_tag","embeddable":true,"href":"http:\/\/cafebarbantia.barbantia.es\/index.php?rest_route=%2Fwp%2Fv2%2Ftags&post=11000"}],"curies":[{"name":"wp","href":"https:\/\/api.w.org\/{rel}","templated":true}]}}