{"id":11072,"date":"2019-09-06T06:00:35","date_gmt":"2019-09-06T06:00:35","guid":{"rendered":"http:\/\/cafebarbantia.barbantia.es\/?p=11072"},"modified":"2019-08-30T15:27:40","modified_gmt":"2019-08-30T15:27:40","slug":"galicia-e-os-galegos-na-poesia-castela-cxxii-manuel-de-gongora-e-o-sorriso-de-franco","status":"publish","type":"post","link":"http:\/\/cafebarbantia.barbantia.es\/?p=11072","title":{"rendered":"Galicia e os galegos na poes\u00eda castel\u00e1 CXXII. Manuel de G\u00f3ngora e o sorriso de Franco"},"content":{"rendered":"<p style=\"text-align: justify;\"><b><i><a href=\"http:\/\/cafebarbantia.barbantia.es\/wp-content\/uploads\/2019\/08\/francocodigonuevo-930x600.jpg\"><img decoding=\"async\" loading=\"lazy\" class=\"alignright size-medium wp-image-11073\" alt=\"francocodigonuevo-930x600\" src=\"http:\/\/cafebarbantia.barbantia.es\/wp-content\/uploads\/2019\/08\/francocodigonuevo-930x600-300x193.jpg\" width=\"300\" height=\"193\" srcset=\"http:\/\/cafebarbantia.barbantia.es\/wp-content\/uploads\/2019\/08\/francocodigonuevo-930x600-300x193.jpg 300w, http:\/\/cafebarbantia.barbantia.es\/wp-content\/uploads\/2019\/08\/francocodigonuevo-930x600-900x580.jpg 900w, http:\/\/cafebarbantia.barbantia.es\/wp-content\/uploads\/2019\/08\/francocodigonuevo-930x600.jpg 930w\" sizes=\"(max-width: 300px) 100vw, 300px\" \/><\/a>Rom\u00e1n Ar\u00e9n. <\/i><\/b>Os que vivimos no franquismo temos lido e o\u00eddo os panexiristas de Franco cualificalo de \u201ccentinela de Occidente\u201d, \u201cCaudillo\u201d, \u201cespada que venci\u00f3 al comunismo\u201d e ata que era gran cazador e pescador, pero o do sorriso de Francisco Franco logra a\u00ednda deixarnos abraiados. Pero non deb\u00eda ser as\u00ed entre 1936 e 1945, xa que os seus poetas turiferarios ti\u00f1an moi presente este sorriso.<!--more--> Revisando a <i>Historia social de la literatura espa\u00f1ola<\/i>, de Blanco Aguinaga, Rodr\u00edguez Pu\u00e9rtolas e Luis Zavala, que Torrente Ballester chamaba \u201chistoria estalinista da literatura\u201d porque non lle gustaba o que se dic\u00eda del, atopo uns versos de Manuel de G\u00f3ngora y Ayustante (1889-1953):<\/p>\n<p style=\"text-align: justify;\">\u201cY frente al agrio gesto de tu hoz y tu martillo,\/la generosa y franca sonrisa del Caudillo\u201d.<\/p>\n<p style=\"text-align: justify;\">Os versos proceden do poemario <i>Dolor y resplandor de Espa\u00f1a <\/i>(1940). Manuel de G\u00f3ngora tivo certo \u00e9xito como dramaturgo, autor de zarzuelas e comedias como <i>La raz\u00f3n del silencio <\/i>(1933) ou <i>La mujer de aquella noche <\/i>(1932), mentres que como poeta foi un rom\u00e1ntico serodio (<i>Polvo de siglos, <\/i>1912). Pero o do sorriso de Franco non foi unha invenci\u00f3n del, pois estaba xa en Manuel Machado:<\/p>\n<p style=\"text-align: justify;\">\u201c\u00a1La sonrisa de Franco resplandece!\u201d<\/p>\n<p style=\"text-align: justify;\">E tam\u00e9n en Eduardo Marquina:<\/p>\n<p style=\"text-align: justify;\">Los d\u00edas heroicos\/de los hero\u00edsmos singulares pasan\/y en esa otra ya hist\u00f3rica sonrisa\/franca,\/en la sonrisa del Caudillo clara,\/en aquel humanismo de la viril sonrisa\/con que ecu\u00e1nime Franco de luz a las batallas\u2026\u201d.<\/p>\n<p style=\"text-align: justify;\">Nisto do sorriso de Franco non pode un deixar de lembrar a copla que Emilio Romero aplicaba a Leopoldo Calvo Sotelo:<\/p>\n<p style=\"text-align: justify;\">En tres cosas te pareces\/a la estatua de Col\u00f3n:\/en tu cara, en tus gestos\/y en tu conversaci\u00f3n.<\/p>\n","protected":false},"excerpt":{"rendered":"<p>Rom\u00e1n Ar\u00e9n. Os que vivimos no franquismo temos lido e o\u00eddo os panexiristas de Franco cualificalo de \u201ccentinela de Occidente\u201d, \u201cCaudillo\u201d, \u201cespada que venci\u00f3 al comunismo\u201d e ata que era gran cazador e pescador, pero o do sorriso de Francisco Franco logra a\u00ednda deixarnos abraiados. Pero non deb\u00eda ser as\u00ed entre 1936 e 1945, xa &hellip; <a href=\"http:\/\/cafebarbantia.barbantia.es\/?p=11072\" class=\"more-link\">Seguir lendo <span class=\"screen-reader-text\">Galicia e os galegos na poes\u00eda castel\u00e1 CXXII. Manuel de G\u00f3ngora e o sorriso de Franco<\/span> <span class=\"meta-nav\">&rarr;<\/span><\/a><\/p>\n","protected":false},"author":1,"featured_media":0,"comment_status":"open","ping_status":"closed","sticky":false,"template":"","format":"standard","meta":{"_bbp_topic_count":0,"_bbp_reply_count":0,"_bbp_total_topic_count":0,"_bbp_total_reply_count":0,"_bbp_voice_count":0,"_bbp_anonymous_reply_count":0,"_bbp_topic_count_hidden":0,"_bbp_reply_count_hidden":0,"_bbp_forum_subforum_count":0,"_exactmetrics_skip_tracking":false,"_exactmetrics_sitenote_active":false,"_exactmetrics_sitenote_note":"","_exactmetrics_sitenote_category":0,"_monsterinsights_skip_tracking":false,"_monsterinsights_sitenote_active":false,"_monsterinsights_sitenote_note":"","_monsterinsights_sitenote_category":0},"categories":[10,28],"tags":[],"aioseo_notices":[],"_links":{"self":[{"href":"http:\/\/cafebarbantia.barbantia.es\/index.php?rest_route=\/wp\/v2\/posts\/11072"}],"collection":[{"href":"http:\/\/cafebarbantia.barbantia.es\/index.php?rest_route=\/wp\/v2\/posts"}],"about":[{"href":"http:\/\/cafebarbantia.barbantia.es\/index.php?rest_route=\/wp\/v2\/types\/post"}],"author":[{"embeddable":true,"href":"http:\/\/cafebarbantia.barbantia.es\/index.php?rest_route=\/wp\/v2\/users\/1"}],"replies":[{"embeddable":true,"href":"http:\/\/cafebarbantia.barbantia.es\/index.php?rest_route=%2Fwp%2Fv2%2Fcomments&post=11072"}],"version-history":[{"count":1,"href":"http:\/\/cafebarbantia.barbantia.es\/index.php?rest_route=\/wp\/v2\/posts\/11072\/revisions"}],"predecessor-version":[{"id":11074,"href":"http:\/\/cafebarbantia.barbantia.es\/index.php?rest_route=\/wp\/v2\/posts\/11072\/revisions\/11074"}],"wp:attachment":[{"href":"http:\/\/cafebarbantia.barbantia.es\/index.php?rest_route=%2Fwp%2Fv2%2Fmedia&parent=11072"}],"wp:term":[{"taxonomy":"category","embeddable":true,"href":"http:\/\/cafebarbantia.barbantia.es\/index.php?rest_route=%2Fwp%2Fv2%2Fcategories&post=11072"},{"taxonomy":"post_tag","embeddable":true,"href":"http:\/\/cafebarbantia.barbantia.es\/index.php?rest_route=%2Fwp%2Fv2%2Ftags&post=11072"}],"curies":[{"name":"wp","href":"https:\/\/api.w.org\/{rel}","templated":true}]}}