{"id":11106,"date":"2019-09-03T06:00:15","date_gmt":"2019-09-03T06:00:15","guid":{"rendered":"http:\/\/cafebarbantia.barbantia.es\/?p=11106"},"modified":"2019-08-30T15:36:58","modified_gmt":"2019-08-30T15:36:58","slug":"baleiro-en-azul","status":"publish","type":"post","link":"http:\/\/cafebarbantia.barbantia.es\/?p=11106","title":{"rendered":"Baleiro en azul"},"content":{"rendered":"<p style=\"text-align: justify;\"><a href=\"http:\/\/cafebarbantia.barbantia.es\/wp-content\/uploads\/2019\/08\/51019.jpg\"><img decoding=\"async\" loading=\"lazy\" class=\"alignleft size-medium wp-image-11107\" alt=\"51019\" src=\"http:\/\/cafebarbantia.barbantia.es\/wp-content\/uploads\/2019\/08\/51019-191x300.jpg\" width=\"191\" height=\"300\" srcset=\"http:\/\/cafebarbantia.barbantia.es\/wp-content\/uploads\/2019\/08\/51019-191x300.jpg 191w, http:\/\/cafebarbantia.barbantia.es\/wp-content\/uploads\/2019\/08\/51019.jpg 200w\" sizes=\"(max-width: 191px) 100vw, 191px\" \/><\/a><em><strong>Fidel Vidal.\u00a0<\/strong><\/em>O azul, segundo Michel Pastoureau (<i>Breve historia das cores, <\/i>2006), \u00e9 a m\u00e1is \u201crazoable\u201d de todas as cores. Despois da mala sona na Antig\u00fcidade \u2013en Roma, os ollos azuis delataban unha muller como de <i>mala<\/i> <i>vida<\/i>-, e mesmo esquecido, tanto que nin se consideraba cor. Para establecer un vocabulario houbo que buscalo f\u00f3ra, \u201cen palabras xerm\u00e1nicas (<i>blau<\/i>) e \u00e1rabes (<i>azraq<\/i>)\u201d. En castel\u00e1n antigo dic\u00edase <i>azur<\/i>, do \u00e1rabe <i>lazaw\u00e1rd<\/i> ou lapisl\u00e1zuli, sinalando a cor azul do mineral.\u00a0Mais como a Virxe vive no Ceo, os artistas do medievo vestirana de azul. Dese xeito, pola influencia relixiosa, o azul ga\u00f1ou adeptos e foise convertendo ao longo da historia nunha cor de elecci\u00f3n, en especial en Europa, no Occidente en xeral.<!--more--> Vela\u00ed os emblemas institucionais da ONU ou da Uni\u00f3n Europea. Quen lle deu o empurr\u00f3n definitivo at\u00e9 alcanzar verdadeira popularidade, foi un xastre xudeu de San Francisco, Levi-Strauss, fabricante dos pantal\u00f3ns ideais, os vaqueiros, de \u201cgrosa tea tinxida ao \u00edndigo\u201d.\u00a0 \u00a0 \u00a0 \u00a0 \u201cA primeira cor que pensei mandarche era o azul ultramarino, franco e intenso, \u2018un anaco do baleiro\u2019, pero Yves Klein apropiouse de tal maneira dunha cor que me pareceu sensato conterme e talvez abordalo m\u00e1is adiante\u201d (carta de John Christie a John Berger). Un azul patentado como <i>International Klein Blue<\/i> (IKB) en cadros monocromos realizados con esponxas ou rolos, e mesmo enzoufou con el corpos de modelos femininos que funcionaban como pinceis roz\u00e1ndose contra o lenzo, dando orixe a unha forma de traballo que denominou <i>antropometr\u00eda<\/i>. Klein recibiu influencias da filosof\u00eda <i>zen<\/i> que describe como \u201cle Vide\u201d, \u201cthe Void\u201d, \u201cbaleiro\u201d.<\/p>\n<p style=\"text-align: justify;\">Matisse deixara claro que \u201cun metro cadrado de azul \u00e9 m\u00e1is azul que un cent\u00edmetro cadrado dese mesmo azul\u201d. E cabe engadir: unhas brochadas de azul realizadas cos peitos dunha muller resultan moit\u00edsimo m\u00e1is azuis e m\u00e1is er\u00f3ticas que outras efectuadas cun pincel. O azul Klein non vai quedar, para Berger, na superficie do tecido, nese espazo limitado polos bordes. <a href=\"http:\/\/cafebarbantia.barbantia.es\/wp-content\/uploads\/2019\/08\/metal-azul.jpg\"><img decoding=\"async\" loading=\"lazy\" class=\"alignright size-medium wp-image-11108\" alt=\"metal-azul\" src=\"http:\/\/cafebarbantia.barbantia.es\/wp-content\/uploads\/2019\/08\/metal-azul-237x300.jpg\" width=\"237\" height=\"300\" srcset=\"http:\/\/cafebarbantia.barbantia.es\/wp-content\/uploads\/2019\/08\/metal-azul-237x300.jpg 237w, http:\/\/cafebarbantia.barbantia.es\/wp-content\/uploads\/2019\/08\/metal-azul.jpg 279w\" sizes=\"(max-width: 237px) 100vw, 237px\" \/><\/a>Vai ser unha cor testemu\u00f1al e declaratoria: \u201cSi, o azul de Yves Klein \u00e9 denso, a cor dun obxecto e non dun espazo. \u00c9 tan densamente azul que se poder\u00eda dicir que <i>acusa<\/i>\u201d.<\/p>\n<p style=\"text-align: justify;\">\u201cA vista chega antes que as palabras. O neno mira e ve antes de falar\u201d, declara Berger (<i>Modos de ver<\/i>). \u201cO azul \u00e9 triste, o azul \u00e9 memoria e nostalxia, pero o azul tam\u00e9n \u00e9 ofensa e descanso. E isto \u00e9 o que me gusta da cor. \u00c9 o m\u00e1is caro\u201d. Un provocador de sensaci\u00f3ns intensas da memoria \u00e1s que talvez se refer\u00eda Paul Val\u00e9ry cando falaba das \u201cmanchas do instante puro\u201d. Instante que aproveitamos, pola confianza que nos ofrece, para ficar a car\u00f3n de John Berger: \u201cAqu\u00ed estou pensando no azul e no baleiro\u201d.<\/p>\n<p style=\"text-align: justify;\">\n","protected":false},"excerpt":{"rendered":"<p>Fidel Vidal.\u00a0O azul, segundo Michel Pastoureau (Breve historia das cores, 2006), \u00e9 a m\u00e1is \u201crazoable\u201d de todas as cores. Despois da mala sona na Antig\u00fcidade \u2013en Roma, os ollos azuis delataban unha muller como de mala vida-, e mesmo esquecido, tanto que nin se consideraba cor. Para establecer un vocabulario houbo que buscalo f\u00f3ra, \u201cen &hellip; <a href=\"http:\/\/cafebarbantia.barbantia.es\/?p=11106\" class=\"more-link\">Seguir lendo <span class=\"screen-reader-text\">Baleiro en azul<\/span> <span class=\"meta-nav\">&rarr;<\/span><\/a><\/p>\n","protected":false},"author":1,"featured_media":0,"comment_status":"open","ping_status":"closed","sticky":false,"template":"","format":"standard","meta":{"_bbp_topic_count":0,"_bbp_reply_count":0,"_bbp_total_topic_count":0,"_bbp_total_reply_count":0,"_bbp_voice_count":0,"_bbp_anonymous_reply_count":0,"_bbp_topic_count_hidden":0,"_bbp_reply_count_hidden":0,"_bbp_forum_subforum_count":0,"_exactmetrics_skip_tracking":false,"_exactmetrics_sitenote_active":false,"_exactmetrics_sitenote_note":"","_exactmetrics_sitenote_category":0,"_monsterinsights_skip_tracking":false,"_monsterinsights_sitenote_active":false,"_monsterinsights_sitenote_note":"","_monsterinsights_sitenote_category":0},"categories":[4,7,65],"tags":[],"aioseo_notices":[],"_links":{"self":[{"href":"http:\/\/cafebarbantia.barbantia.es\/index.php?rest_route=\/wp\/v2\/posts\/11106"}],"collection":[{"href":"http:\/\/cafebarbantia.barbantia.es\/index.php?rest_route=\/wp\/v2\/posts"}],"about":[{"href":"http:\/\/cafebarbantia.barbantia.es\/index.php?rest_route=\/wp\/v2\/types\/post"}],"author":[{"embeddable":true,"href":"http:\/\/cafebarbantia.barbantia.es\/index.php?rest_route=\/wp\/v2\/users\/1"}],"replies":[{"embeddable":true,"href":"http:\/\/cafebarbantia.barbantia.es\/index.php?rest_route=%2Fwp%2Fv2%2Fcomments&post=11106"}],"version-history":[{"count":1,"href":"http:\/\/cafebarbantia.barbantia.es\/index.php?rest_route=\/wp\/v2\/posts\/11106\/revisions"}],"predecessor-version":[{"id":11109,"href":"http:\/\/cafebarbantia.barbantia.es\/index.php?rest_route=\/wp\/v2\/posts\/11106\/revisions\/11109"}],"wp:attachment":[{"href":"http:\/\/cafebarbantia.barbantia.es\/index.php?rest_route=%2Fwp%2Fv2%2Fmedia&parent=11106"}],"wp:term":[{"taxonomy":"category","embeddable":true,"href":"http:\/\/cafebarbantia.barbantia.es\/index.php?rest_route=%2Fwp%2Fv2%2Fcategories&post=11106"},{"taxonomy":"post_tag","embeddable":true,"href":"http:\/\/cafebarbantia.barbantia.es\/index.php?rest_route=%2Fwp%2Fv2%2Ftags&post=11106"}],"curies":[{"name":"wp","href":"https:\/\/api.w.org\/{rel}","templated":true}]}}