{"id":11170,"date":"2019-09-23T06:00:13","date_gmt":"2019-09-23T06:00:13","guid":{"rendered":"http:\/\/cafebarbantia.barbantia.es\/?p=11170"},"modified":"2019-09-20T10:15:41","modified_gmt":"2019-09-20T10:15:41","slug":"armando-a-maradona","status":"publish","type":"post","link":"http:\/\/cafebarbantia.barbantia.es\/?p=11170","title":{"rendered":"Armando a Maradona"},"content":{"rendered":"<p style=\"text-align: justify;\"><a href=\"http:\/\/cafebarbantia.barbantia.es\/wp-content\/uploads\/2019\/09\/Maradona_vs_england.jpg\"><img decoding=\"async\" loading=\"lazy\" class=\"alignleft size-medium wp-image-11171\" alt=\"Maradona_vs_england\" src=\"http:\/\/cafebarbantia.barbantia.es\/wp-content\/uploads\/2019\/09\/Maradona_vs_england-300x207.jpg\" width=\"300\" height=\"207\" srcset=\"http:\/\/cafebarbantia.barbantia.es\/wp-content\/uploads\/2019\/09\/Maradona_vs_england-300x207.jpg 300w, http:\/\/cafebarbantia.barbantia.es\/wp-content\/uploads\/2019\/09\/Maradona_vs_england.jpg 850w\" sizes=\"(max-width: 300px) 100vw, 300px\" \/><\/a><em><strong>X. Ricardo Losada.\u00a0<\/strong><\/em>No mundial de M\u00e9xico de 1986, Maradona meteulle a Inglaterra, nun partido marcado pola recente guerra das Malvinas, un dos goles m\u00e1is fermosos da historia do f\u00fatbol. Un gol que, para m\u00e1is, tivo a sorte de ser narrado en directo, dunha forma extraordinaria, polo locutor arxentino V\u00edctor Hugo Morales: \u201cAh\u00ed la tiene Maradona, lo marcan dos, pisa la pelota Maradona. <!--more-->Arranca por la derecha el genio del futbol mundial. Puede tocar para Burruchaga&#8230;Siempre Maradona. \u00a1Genio, genio, genio! Ta, ta, ta, ta, ta&#8230; \u00a1Goooool!, \u00a1goooool! \u00a1Quiero llorar! \u00a1Dios santo, viva el f\u00fatbol! \u00a1Golaaaazo! \u00a1Diegoooo! \u00a1Maradona! Es para llorar, perd\u00f3nenme, Maradona en recorrida memorable, en la jugada de todos los tiempos: barrilete c\u00f3smico, \u00bfde qu\u00e9 planeta viniste para dejar en el camino a tanto ingl\u00e9s, para que el pa\u00eds sea un pu\u00f1o apretado gritando por Argentina? Argentina 2-Inglaterra 0. \u00a1Diego, Diego! Diego Armando Maradona. Gracias, Dios, por Maradona, por estas l\u00e1grimas, por este Argentina 2-Inglaterra 0\u00bb.<\/p>\n<p style=\"text-align: justify;\">\u00a0\u00a0\u00a0\u00a0 Como en Arxentina <i>barrilete <\/i>fai referencia a unha desas cometas que tanto lles gustan aos nenos, \u00e9 moi probable que o comentarista estivese influ\u00eddo por unhas declaraci\u00f3ns de Menotti, previas a ese mundial, nas que dic\u00eda que Maradona pasara vivindo en Napoles os \u00faltimos anos como un barrilete, \u201cque si voy o no voy\u201d. A\u00ednda as\u00ed, debo reco\u00f1ecer que a min g\u00fastame m\u00e1is a versi\u00f3n que me veu \u00e1 cabeza a primeira vez que o\u00edn esa narraci\u00f3n, cando xa Maradona se retirara e ti\u00f1a o biotipo que m\u00e1is ou menos ten agora. Porque <i>barrilete,<\/i> na mi\u00f1a infancia, chamab\u00e1moslle a quen ti\u00f1a un deses bandullos que exemplificaba \u00e1 perfecci\u00f3n o dito <i>De esta vida llevar\u00e1s panza llena y nada m\u00e1s. <\/i>Probade a o\u00edr a narraci\u00f3n (est\u00e1 en Youtube) sen ver as imaxes do partido, pero imaxinando que o protagonista dese golazo ten o sobrepeso que ten agora, e o\u00eddea despois vendo as imaxes reais cun Maradona a tipo. Seguro que vos parece, como a min, que nas imaxes reais o relato gana en l\u00f3xica deportiva pero perde en \u00e9pica mitol\u00f3xica. \u00c9 o mesmo que me pasar\u00eda, xa que falamos de M\u00e9xico, se me retratasen a Pancho Villa co tipo de Sylvester Stallone en Rocky. Deixar\u00eda de ser o gran heroe que na mi\u00f1a mitolox\u00eda persoal ten biotipo de <i>barrilete <\/i>no sentido dixestivo da mi\u00f1a nenez.<\/p>\n<p style=\"text-align: justify;\">\u00a0<a href=\"http:\/\/cafebarbantia.barbantia.es\/wp-content\/uploads\/2019\/09\/15583870527634.jpg\"><img decoding=\"async\" loading=\"lazy\" class=\"alignright size-medium wp-image-11172\" alt=\"15583870527634\" src=\"http:\/\/cafebarbantia.barbantia.es\/wp-content\/uploads\/2019\/09\/15583870527634-202x300.jpg\" width=\"202\" height=\"300\" srcset=\"http:\/\/cafebarbantia.barbantia.es\/wp-content\/uploads\/2019\/09\/15583870527634-202x300.jpg 202w, http:\/\/cafebarbantia.barbantia.es\/wp-content\/uploads\/2019\/09\/15583870527634-690x1024.jpg 690w, http:\/\/cafebarbantia.barbantia.es\/wp-content\/uploads\/2019\/09\/15583870527634.jpg 720w\" sizes=\"(max-width: 202px) 100vw, 202px\" \/><\/a>\u00a0 \u00a0\u00a0\u00a0Hai pouco, tras estrearse o documental de Asif Kapadia <i>Diego Maradona, <\/i>o ex-preparador f\u00edsico do astro arxentino Fernando Signonini dixo que el ir\u00eda \u00e1 fin do mundo con Diego, pero con Maradona non dar\u00eda un s\u00f3 paso. Diego era un mozo t\u00edmido que nacera en Villa Fiorito, un barrio marxinal de Bos Aires, que intentou sacar adiante desde os quince anos a s\u00faa familia, e que era moi amigo dos seus amigos. Maradona era un personaxe vividor, excesivo e arrogante que Diego creara para poder enfrontarse \u00e1 inmensa fama e \u00e1 presi\u00f3n que chegou a acadar en todo o mundo. Entendo o que quere dicir Signonini e estou de acordo con el. Pero, debo reco\u00f1ecer, en canto estou de acordo, deixo de estalo. Se eu tivese que escoller chamarlle Pancho ou Villa a Pancho Villa, escoller\u00eda, sen ning\u00fan tipo de d\u00fabida, o nome que m\u00e1is se corresponde coa imaxe que eu te\u00f1o del: Pancho, mesmo en diminutivo: Panchito. Pero, se tivese que escoller chamarlle Diego ou Maradona a Diego Maradona, escoller\u00eda Diego Armando Maradona, xa que Diego armou a Maradona, e Maradona deixouse armar por Diego. Iso si. Seguir\u00eda v\u00e9ndoo como un<i> barrilete<\/i> pois un <i>barrilete, <\/i>no sentido da mi\u00f1a infancia, pode facer no mundo real unha revoluci\u00f3n pol\u00edtica, pero s\u00f3 pode meter un gol tan ut\u00f3pico (vinganza pol\u00edtica e deportiva ao mesmo tempo), como aquel do mundial de M\u00e9xico, no mundo mitol\u00f3xico. E hoxe, no mundo real, Maradona s\u00f3 ten dignidade como un mito.<\/p>\n","protected":false},"excerpt":{"rendered":"<p>X. Ricardo Losada.\u00a0No mundial de M\u00e9xico de 1986, Maradona meteulle a Inglaterra, nun partido marcado pola recente guerra das Malvinas, un dos goles m\u00e1is fermosos da historia do f\u00fatbol. Un gol que, para m\u00e1is, tivo a sorte de ser narrado en directo, dunha forma extraordinaria, polo locutor arxentino V\u00edctor Hugo Morales: \u201cAh\u00ed la tiene Maradona, &hellip; <a href=\"http:\/\/cafebarbantia.barbantia.es\/?p=11170\" class=\"more-link\">Seguir lendo <span class=\"screen-reader-text\">Armando a Maradona<\/span> <span class=\"meta-nav\">&rarr;<\/span><\/a><\/p>\n","protected":false},"author":1,"featured_media":0,"comment_status":"open","ping_status":"closed","sticky":false,"template":"","format":"standard","meta":{"_bbp_topic_count":0,"_bbp_reply_count":0,"_bbp_total_topic_count":0,"_bbp_total_reply_count":0,"_bbp_voice_count":0,"_bbp_anonymous_reply_count":0,"_bbp_topic_count_hidden":0,"_bbp_reply_count_hidden":0,"_bbp_forum_subforum_count":0,"_exactmetrics_skip_tracking":false,"_exactmetrics_sitenote_active":false,"_exactmetrics_sitenote_note":"","_exactmetrics_sitenote_category":0,"_monsterinsights_skip_tracking":false,"_monsterinsights_sitenote_active":false,"_monsterinsights_sitenote_note":"","_monsterinsights_sitenote_category":0},"categories":[7,9,26],"tags":[],"aioseo_notices":[],"_links":{"self":[{"href":"http:\/\/cafebarbantia.barbantia.es\/index.php?rest_route=\/wp\/v2\/posts\/11170"}],"collection":[{"href":"http:\/\/cafebarbantia.barbantia.es\/index.php?rest_route=\/wp\/v2\/posts"}],"about":[{"href":"http:\/\/cafebarbantia.barbantia.es\/index.php?rest_route=\/wp\/v2\/types\/post"}],"author":[{"embeddable":true,"href":"http:\/\/cafebarbantia.barbantia.es\/index.php?rest_route=\/wp\/v2\/users\/1"}],"replies":[{"embeddable":true,"href":"http:\/\/cafebarbantia.barbantia.es\/index.php?rest_route=%2Fwp%2Fv2%2Fcomments&post=11170"}],"version-history":[{"count":1,"href":"http:\/\/cafebarbantia.barbantia.es\/index.php?rest_route=\/wp\/v2\/posts\/11170\/revisions"}],"predecessor-version":[{"id":11173,"href":"http:\/\/cafebarbantia.barbantia.es\/index.php?rest_route=\/wp\/v2\/posts\/11170\/revisions\/11173"}],"wp:attachment":[{"href":"http:\/\/cafebarbantia.barbantia.es\/index.php?rest_route=%2Fwp%2Fv2%2Fmedia&parent=11170"}],"wp:term":[{"taxonomy":"category","embeddable":true,"href":"http:\/\/cafebarbantia.barbantia.es\/index.php?rest_route=%2Fwp%2Fv2%2Fcategories&post=11170"},{"taxonomy":"post_tag","embeddable":true,"href":"http:\/\/cafebarbantia.barbantia.es\/index.php?rest_route=%2Fwp%2Fv2%2Ftags&post=11170"}],"curies":[{"name":"wp","href":"https:\/\/api.w.org\/{rel}","templated":true}]}}