{"id":11174,"date":"2019-09-26T06:00:55","date_gmt":"2019-09-26T06:00:55","guid":{"rendered":"http:\/\/cafebarbantia.barbantia.es\/?p=11174"},"modified":"2019-09-25T17:00:27","modified_gmt":"2019-09-25T17:00:27","slug":"galicia-e-os-galegos-na-poesia-castela-cxxv-un-ultraista-tomas-luque","status":"publish","type":"post","link":"http:\/\/cafebarbantia.barbantia.es\/?p=11174","title":{"rendered":"Galicia e os galegos na poes\u00eda castel\u00e1. CXXV. Un ultra\u00edsta: Tom\u00e1s Luque"},"content":{"rendered":"<p style=\"text-align: justify;\"><b><i><a href=\"http:\/\/cafebarbantia.barbantia.es\/wp-content\/uploads\/2019\/09\/58119445.jpg\"><img decoding=\"async\" loading=\"lazy\" class=\"alignright size-medium wp-image-11175\" alt=\"58119445\" src=\"http:\/\/cafebarbantia.barbantia.es\/wp-content\/uploads\/2019\/09\/58119445-202x300.jpg\" width=\"202\" height=\"300\" srcset=\"http:\/\/cafebarbantia.barbantia.es\/wp-content\/uploads\/2019\/09\/58119445-202x300.jpg 202w, http:\/\/cafebarbantia.barbantia.es\/wp-content\/uploads\/2019\/09\/58119445.jpg 455w\" sizes=\"(max-width: 202px) 100vw, 202px\" \/><\/a>Rom\u00e1n Ar\u00e9n. <\/i><\/b>Foi o ultra\u00edsmo a primeira vangarda espa\u00f1ola organizada, con centros en Madrid e Sevilla, pero con presenza noutras ciudades como Oviedo ou Valladolid. Unha vangarda sint\u00e9tica: expresionismo, futurismo, cubismo, creacionismo, dada\u00edsmo. Unha ruptura co Modernismo, a\u00ednda que moitos dos ultra\u00edstas ti\u00f1a esa orixe e conviviron co postsimbolismo. Un movemento no que Rafel Cansinos-Assens e Guillermo de Torre, eran as figuras dominantes, pero no que tiveron un papel importante galegos como Eugenio Montes, Xavier B\u00f3veda, Ram\u00f3n Goy de Silva, Juan Vidal Mart\u00ednez ou Emilio Mosteiro, mais tam\u00e9n con sinaturas m\u00e1is ocasionais, como foi o caso de Vicente Risco ou Valle-Incl\u00e1n.<!--more--><\/p>\n<p style=\"text-align: justify;\">\u00a0\u00a0\u00a0\u00a0\u00a0\u00a0\u00a0\u00a0\u00a0\u00a0\u00a0\u00a0\u00a0\u00a0\u00a0 Entre os ultra\u00edstas menores c\u00f3mpre citar ao abogado <i>Tomas Luque<\/i>, navido en Cabra en 1897, un dos asinantes do Manifesto ultra\u00edsta, quen residiu en Madrid dende 1919 e onde colaboro unas revistas &lt;Grecia&gt;, &lt;Horizonte&gt; e &lt;Ultra&gt;, a\u00ednda que tam\u00e9n o fixo na revista coru\u00f1esa &lt;Alfar&gt;. Amigo de Borges, en 1931 editou <i>Poemas inconexos. <\/i>Foi tam\u00e9n amigo de Eugenio Montes, a quen dedicou o poema \u201cFilm de Cabaret\u201d, que Juan Manuel Bonet recolleu en 2012 na escolma <i>Las cosas se han roto, <\/i>a m\u00e1is completa antolox\u00eda do ultra\u00edsmo:<\/p>\n<p style=\"text-align: justify;\">El cabaret\/a golpes de pintura\/se tiene de pie.\/Macetas de colores,\/sembradas de bombillas\/porque no hay flores.\/Los m\u00fasicos de jazz\/revuelven su trastienda\/y esparcen en la pista\/filetes de metal,\/palillos y matracas\/y alg\u00fan &lt;ra-ca-tapl\u00e1&gt;.\/Al danzar las parejas\/van moliendo el ruido\/&lt;chic-chac&gt; del rascasuelas.\/Del saxof\u00f3n\/se escapa una nota\/&lt;ca\u00f1\u00f3n&gt;.\/Da risa a las girls\/y todos, al son,\/se ponen, garbosos,\/en plan de charlest\u00f3n.\/Cesa el jazz.\/Altavoces y gramolas\/con m\u00fasica de pistolas\/llenan de grava el local.\/En el cielo recargado\/de sue\u00f1os espesos\/van abriendo brechas largas\/los cohetes del camp\u00e1n\/y el &lt;cha-ca-ch\u00e1&gt; de los besos:\/Brechas para ventilar.\/Las dos.\/Un ventisquero del jazz\/arrebata el maquillaje\/a las girls de la r\u00e9clame.\/Las tres.\/Est\u00e1n llenos de bostezos\/los cubos de refrescar.\/El abdomen de la noche\/cada vez abulta m\u00e1s.\/Los camareros se inclinan\/al presentar las facturas,\/para aumentar las propinas.\/Despu\u00e9s de cobrar\/con el pa\u00f1o aventan\/los suspiros tontos\/que caen de las mesas.\/Un poquito m\u00e1s\/y el carro del alba\/recoge la sombra\/de un viejo morral.\/Se apagan las luces\/y es el final.<\/p>\n","protected":false},"excerpt":{"rendered":"<p>Rom\u00e1n Ar\u00e9n. Foi o ultra\u00edsmo a primeira vangarda espa\u00f1ola organizada, con centros en Madrid e Sevilla, pero con presenza noutras ciudades como Oviedo ou Valladolid. Unha vangarda sint\u00e9tica: expresionismo, futurismo, cubismo, creacionismo, dada\u00edsmo. Unha ruptura co Modernismo, a\u00ednda que moitos dos ultra\u00edstas ti\u00f1a esa orixe e conviviron co postsimbolismo. Un movemento no que Rafel Cansinos-Assens &hellip; <a href=\"http:\/\/cafebarbantia.barbantia.es\/?p=11174\" class=\"more-link\">Seguir lendo <span class=\"screen-reader-text\">Galicia e os galegos na poes\u00eda castel\u00e1. CXXV. Un ultra\u00edsta: Tom\u00e1s Luque<\/span> <span class=\"meta-nav\">&rarr;<\/span><\/a><\/p>\n","protected":false},"author":1,"featured_media":0,"comment_status":"open","ping_status":"closed","sticky":false,"template":"","format":"standard","meta":{"_bbp_topic_count":0,"_bbp_reply_count":0,"_bbp_total_topic_count":0,"_bbp_total_reply_count":0,"_bbp_voice_count":0,"_bbp_anonymous_reply_count":0,"_bbp_topic_count_hidden":0,"_bbp_reply_count_hidden":0,"_bbp_forum_subforum_count":0,"_exactmetrics_skip_tracking":false,"_exactmetrics_sitenote_active":false,"_exactmetrics_sitenote_note":"","_exactmetrics_sitenote_category":0,"_monsterinsights_skip_tracking":false,"_monsterinsights_sitenote_active":false,"_monsterinsights_sitenote_note":"","_monsterinsights_sitenote_category":0},"categories":[7,10,28],"tags":[],"aioseo_notices":[],"_links":{"self":[{"href":"http:\/\/cafebarbantia.barbantia.es\/index.php?rest_route=\/wp\/v2\/posts\/11174"}],"collection":[{"href":"http:\/\/cafebarbantia.barbantia.es\/index.php?rest_route=\/wp\/v2\/posts"}],"about":[{"href":"http:\/\/cafebarbantia.barbantia.es\/index.php?rest_route=\/wp\/v2\/types\/post"}],"author":[{"embeddable":true,"href":"http:\/\/cafebarbantia.barbantia.es\/index.php?rest_route=\/wp\/v2\/users\/1"}],"replies":[{"embeddable":true,"href":"http:\/\/cafebarbantia.barbantia.es\/index.php?rest_route=%2Fwp%2Fv2%2Fcomments&post=11174"}],"version-history":[{"count":1,"href":"http:\/\/cafebarbantia.barbantia.es\/index.php?rest_route=\/wp\/v2\/posts\/11174\/revisions"}],"predecessor-version":[{"id":11176,"href":"http:\/\/cafebarbantia.barbantia.es\/index.php?rest_route=\/wp\/v2\/posts\/11174\/revisions\/11176"}],"wp:attachment":[{"href":"http:\/\/cafebarbantia.barbantia.es\/index.php?rest_route=%2Fwp%2Fv2%2Fmedia&parent=11174"}],"wp:term":[{"taxonomy":"category","embeddable":true,"href":"http:\/\/cafebarbantia.barbantia.es\/index.php?rest_route=%2Fwp%2Fv2%2Fcategories&post=11174"},{"taxonomy":"post_tag","embeddable":true,"href":"http:\/\/cafebarbantia.barbantia.es\/index.php?rest_route=%2Fwp%2Fv2%2Ftags&post=11174"}],"curies":[{"name":"wp","href":"https:\/\/api.w.org\/{rel}","templated":true}]}}