{"id":11252,"date":"2019-11-11T06:00:15","date_gmt":"2019-11-11T06:00:15","guid":{"rendered":"http:\/\/cafebarbantia.barbantia.es\/?p=11252"},"modified":"2019-11-04T08:06:50","modified_gmt":"2019-11-04T08:06:50","slug":"galicia-e-os-galegos-na-poesia-castela-cxxix-ximenez-de-sandoval-falanxista","status":"publish","type":"post","link":"http:\/\/cafebarbantia.barbantia.es\/?p=11252","title":{"rendered":"Galicia e os galegos na poes\u00eda castel\u00e1. CXXIX. Xim\u00e9nez de Sandoval, falanxista"},"content":{"rendered":"<p style=\"text-align: justify;\"><b><i><a href=\"http:\/\/cafebarbantia.barbantia.es\/wp-content\/uploads\/2019\/09\/FXS7-H..jpg\"><img decoding=\"async\" loading=\"lazy\" class=\"alignright size-medium wp-image-11253\" alt=\"FXS7 H.\" src=\"http:\/\/cafebarbantia.barbantia.es\/wp-content\/uploads\/2019\/09\/FXS7-H.-201x300.jpg\" width=\"201\" height=\"300\" srcset=\"http:\/\/cafebarbantia.barbantia.es\/wp-content\/uploads\/2019\/09\/FXS7-H.-201x300.jpg 201w, http:\/\/cafebarbantia.barbantia.es\/wp-content\/uploads\/2019\/09\/FXS7-H.-687x1024.jpg 687w, http:\/\/cafebarbantia.barbantia.es\/wp-content\/uploads\/2019\/09\/FXS7-H.-900x1340.jpg 900w, http:\/\/cafebarbantia.barbantia.es\/wp-content\/uploads\/2019\/09\/FXS7-H..jpg 924w\" sizes=\"(max-width: 201px) 100vw, 201px\" \/><\/a>Rom\u00e1n Ar\u00e9n. <\/i><\/b>Madrile\u00f1o de 1903, o adxectivo falanxista non ser\u00eda para Felipe Xim\u00e9nez de Sandoval, avogado e diplom\u00e1tico, unha inxuria. Militante de Falanxe Espa\u00f1ola dende 1934, compa\u00f1eiro e bi\u00f3grafo de Jos\u00e9 Antonio, foi na preguerra un autor vangardista de m\u00e9rito en novelas como <i>Tres mujeres m\u00e1s Equis <\/i>(1930), en pezas teatrais como <i>Robins\u00f3n <\/i>(1928) e <i>Bacarrat <\/i>(1933) e nas colaboraci\u00f3ns en revistas como &lt;Meseta&gt;, &lt;Mediod\u00eda&gt; e &lt;La Gaceta Literaria&gt;. Antes da guerra civil a\u00ednda publicou outra novela, <i>Los nueve pu\u00f1ales <\/i>(1936), pastiche rom\u00e1ntico, nunha li\u00f1a narrativa que seguir\u00e1 outro falanxista, Jacinto Miquelerena, en <i>Don Adolfo el libertino. <!--more--><\/i>Xa na contenda foi popular por <i>Camisa Azul <\/i>(1938), unha novela de formaci\u00f3n dun falanxista, que formar\u00eda familia literaria co <i>Javier Mari\u00f1o <\/i>de Torrente Ballester e co <i>Eugenio o la proclamaci\u00f3n de la primavera <\/i>de Garc\u00eda Serrano.<\/p>\n<p style=\"text-align: justify;\">Tras a guerra foi comentarista internacional de &lt;Arriba&gt;, bi\u00f3grafo de estilo \u201cimperial\u201d con <i>Col\u00f3n <\/i>(1953), dramaturgo m\u00e1is convencional (<i>Vuelo nocturno, <\/i>1946), ensa\u00edsta (<i>La piel de toro<\/i>) e autor de medianas novelas como <i>Manuela Lim\u00f3n <\/i>(1952) ou <i>Un mundo en una celda. <\/i>Morreu en 1978.<\/p>\n<p style=\"text-align: justify;\">Tra\u00e9molo \u00e1 memoria por un \u201cretablo po\u00e9tico\u201d titulado <i>Camino de Compostela <\/i>(1954), que supo\u00f1o vencellado \u00e1 pretensi\u00f3n, s\u00f3 lograda parcialmente, do franquismo de revitalizar as peregrinaxes a Santiago. Desa obra son estes versos:<\/p>\n<p style=\"text-align: justify;\">Camino de Compostela\/franquearon los puertos\/de Somport y Roncesvalles\/los romeros\/escandinavos, franc\u00e9s,\/italianos y flamencos.<\/p>\n<p style=\"text-align: justify;\">Este retablo po\u00e9tico de Xim\u00e9nez de Sandoval, que \u00e1s veces asinaba \u201cTom\u00e1s Crane\u201d, subtit\u00falase \u201cLeyenda de romeros en tres jornadas\u201d.<\/p>\n","protected":false},"excerpt":{"rendered":"<p>Rom\u00e1n Ar\u00e9n. Madrile\u00f1o de 1903, o adxectivo falanxista non ser\u00eda para Felipe Xim\u00e9nez de Sandoval, avogado e diplom\u00e1tico, unha inxuria. Militante de Falanxe Espa\u00f1ola dende 1934, compa\u00f1eiro e bi\u00f3grafo de Jos\u00e9 Antonio, foi na preguerra un autor vangardista de m\u00e9rito en novelas como Tres mujeres m\u00e1s Equis (1930), en pezas teatrais como Robins\u00f3n (1928) e &hellip; <a href=\"http:\/\/cafebarbantia.barbantia.es\/?p=11252\" class=\"more-link\">Seguir lendo <span class=\"screen-reader-text\">Galicia e os galegos na poes\u00eda castel\u00e1. CXXIX. Xim\u00e9nez de Sandoval, falanxista<\/span> <span class=\"meta-nav\">&rarr;<\/span><\/a><\/p>\n","protected":false},"author":1,"featured_media":0,"comment_status":"open","ping_status":"closed","sticky":false,"template":"","format":"standard","meta":{"_bbp_topic_count":0,"_bbp_reply_count":0,"_bbp_total_topic_count":0,"_bbp_total_reply_count":0,"_bbp_voice_count":0,"_bbp_anonymous_reply_count":0,"_bbp_topic_count_hidden":0,"_bbp_reply_count_hidden":0,"_bbp_forum_subforum_count":0,"_exactmetrics_skip_tracking":false,"_exactmetrics_sitenote_active":false,"_exactmetrics_sitenote_note":"","_exactmetrics_sitenote_category":0,"_monsterinsights_skip_tracking":false,"_monsterinsights_sitenote_active":false,"_monsterinsights_sitenote_note":"","_monsterinsights_sitenote_category":0},"categories":[7,9,10,28],"tags":[],"aioseo_notices":[],"_links":{"self":[{"href":"http:\/\/cafebarbantia.barbantia.es\/index.php?rest_route=\/wp\/v2\/posts\/11252"}],"collection":[{"href":"http:\/\/cafebarbantia.barbantia.es\/index.php?rest_route=\/wp\/v2\/posts"}],"about":[{"href":"http:\/\/cafebarbantia.barbantia.es\/index.php?rest_route=\/wp\/v2\/types\/post"}],"author":[{"embeddable":true,"href":"http:\/\/cafebarbantia.barbantia.es\/index.php?rest_route=\/wp\/v2\/users\/1"}],"replies":[{"embeddable":true,"href":"http:\/\/cafebarbantia.barbantia.es\/index.php?rest_route=%2Fwp%2Fv2%2Fcomments&post=11252"}],"version-history":[{"count":1,"href":"http:\/\/cafebarbantia.barbantia.es\/index.php?rest_route=\/wp\/v2\/posts\/11252\/revisions"}],"predecessor-version":[{"id":11254,"href":"http:\/\/cafebarbantia.barbantia.es\/index.php?rest_route=\/wp\/v2\/posts\/11252\/revisions\/11254"}],"wp:attachment":[{"href":"http:\/\/cafebarbantia.barbantia.es\/index.php?rest_route=%2Fwp%2Fv2%2Fmedia&parent=11252"}],"wp:term":[{"taxonomy":"category","embeddable":true,"href":"http:\/\/cafebarbantia.barbantia.es\/index.php?rest_route=%2Fwp%2Fv2%2Fcategories&post=11252"},{"taxonomy":"post_tag","embeddable":true,"href":"http:\/\/cafebarbantia.barbantia.es\/index.php?rest_route=%2Fwp%2Fv2%2Ftags&post=11252"}],"curies":[{"name":"wp","href":"https:\/\/api.w.org\/{rel}","templated":true}]}}