{"id":11270,"date":"2019-10-13T06:00:37","date_gmt":"2019-10-13T06:00:37","guid":{"rendered":"http:\/\/cafebarbantia.barbantia.es\/?p=11270"},"modified":"2019-10-07T14:51:53","modified_gmt":"2019-10-07T14:51:53","slug":"os-libros-arden-mal","status":"publish","type":"post","link":"http:\/\/cafebarbantia.barbantia.es\/?p=11270","title":{"rendered":"Os libros arden mal"},"content":{"rendered":"<p style=\"text-align: justify;\"><em><strong><a href=\"http:\/\/cafebarbantia.barbantia.es\/wp-content\/uploads\/2019\/10\/51vCwq2u-UL.jpg\"><img decoding=\"async\" loading=\"lazy\" class=\"alignleft size-medium wp-image-11271\" alt=\"51vCwq2u-UL\" src=\"http:\/\/cafebarbantia.barbantia.es\/wp-content\/uploads\/2019\/10\/51vCwq2u-UL-199x300.jpg\" width=\"199\" height=\"300\" srcset=\"http:\/\/cafebarbantia.barbantia.es\/wp-content\/uploads\/2019\/10\/51vCwq2u-UL-199x300.jpg 199w, http:\/\/cafebarbantia.barbantia.es\/wp-content\/uploads\/2019\/10\/51vCwq2u-UL.jpg 333w\" sizes=\"(max-width: 199px) 100vw, 199px\" \/><\/a>C\u00e9sar Alen.\u00a0<\/strong><\/em>Parece que volve a \u00e9poca das rifas, das crueis vinganzas. Algu\u00e9n est\u00e1 empe\u00f1ado en rememorar tempos aciagos. O curioso de todo isto, \u00e9 que se retorce a historia ata a absoluta falacia, como o imposible escorzo dun contorsionista. A ningu\u00e9n parece importarlle desmentir a historia, a constataci\u00f3n dos feitos. Pode m\u00e1is a xenreira, a provocaci\u00f3n, o agradar aos teus, e se para iso hai que mentir non importa. A mentira \u00e9 o dogma dos novos tempos. Facianas envilecidas e envelenadas, rictos cargados de rabia, ollos inxectados. A mentira penetra na pedra m\u00e1is dura, cerebros\u00a0 permeables. De novo sae \u00e1 boia a mala baba dos que foron ga\u00f1adores, pero hoxe son perdedores.<!--more--> E todos cabalgan a lombos da gran ignorancia branca.<\/p>\n<p style=\"text-align: justify;\">Isto l\u00e9mbrame os convulsos tempos que describe de forma maxistral Manuel Rivas na s\u00faa premiada novela <i>Os libros arden mal<\/i>. Narra a esaxerada crueldade, a sanguinaria sede de vinganza dos vencedores, dos fascistas. A persecuci\u00f3n implacable, cainita, \u00e1 que son sometidos os vencidos. Escenas do m\u00e1is depurado matonismo, pr\u00f3ximas ao sadismo. Non basta con vencer, con mandar e gobernar, non, tr\u00e1tase de humillar, de dobregar o esp\u00edrito, comer a moral, como fedorentos antrop\u00f3fagos, merodeadores do mal, \u201cos paseadores\u201d, figuras atroces, alegor\u00edas dantescas. No cap\u00edtulo <i>Dez e Terranova<\/i>, describe \u00e1 perfecci\u00f3n esa obsesi\u00f3n.\u00a0 Outro exemplo \u00e9 o cap\u00edtulo As <i>labazadas dos mortos<\/i>, un relato que xa co\u00f1ec\u00eda por boca do meu pai, \u201cin situ\u201d, de p\u00e9, naquela angosta ponte, a auga salta do encoro con furia, precipit\u00e1ndose sobre unha\u00a0 verticalidade insalvable, definitiva. O meu pai contoume a historia e sent\u00edn medo, moito medo e vertixe e odio e incomprensi\u00f3n.<\/p>\n<p style=\"text-align: justify;\">A aquel pobre mestre colgado da ponte, cort\u00e1ronlle os dedos, un a un, ata que se precipitou fervenza abaixo e desapareceu na corrente enfurecida do rio, entre as afiadas rochas. O estrondo da corrente apagou os disparos, os berros, o horror. Meu pai seguiume contando e eu quedei at\u00f3nito, como diante dunha pel\u00edcula de cine negro, imaxinando a face dos presentes cando o mestre apareceu naquela vella taberna do Ribeiro e plantou a s\u00faas mans con dedos amputados na rillada e sucia barra.<\/p>\n<p style=\"text-align: justify;\">Os libros, sempre os libros, os libros como personaxes, como parte imprescindible do todo, de novo a personificaci\u00f3n. Ata aquela aciaga tarde de ver\u00e1n do 36, na d\u00e1rsena, diante da casa rosa, no porto da Coru\u00f1a, onde os falanxistas tentaron o imposible, un f\u00fatil xesto ignorante,\u00a0 doloso. As columnas de fume da triste fogueira contaron a s\u00faa historia, esvaecidas contra o firmamento claro. <a href=\"http:\/\/cafebarbantia.barbantia.es\/wp-content\/uploads\/2019\/10\/20070803144827-berlin-book-burning.jpg\"><img decoding=\"async\" loading=\"lazy\" class=\"alignright size-medium wp-image-11272\" alt=\"20070803144827-berlin-book-burning\" src=\"http:\/\/cafebarbantia.barbantia.es\/wp-content\/uploads\/2019\/10\/20070803144827-berlin-book-burning-300x229.jpg\" width=\"300\" height=\"229\" srcset=\"http:\/\/cafebarbantia.barbantia.es\/wp-content\/uploads\/2019\/10\/20070803144827-berlin-book-burning-300x229.jpg 300w, http:\/\/cafebarbantia.barbantia.es\/wp-content\/uploads\/2019\/10\/20070803144827-berlin-book-burning.jpg 401w\" sizes=\"(max-width: 300px) 100vw, 300px\" \/><\/a>Por sorte, ese acontecemento t\u00e9trico foi\u00a0 literaturizado polo gran escritor galego e ese \u00e9 un poder indestrutible, un acto\u00a0 salv\u00edfico. Agora cada vez que paso por diante dese edificio no paseo mar\u00edtimo da Coru\u00f1a, non podo evitar pensar na queima de libros, naquela\u00a0 pira funeraria, e sinto unha inmensa pena. Imax\u00ednome a aqueles rid\u00edculos fascistas cos seus brillantes traxes de coiro, brazo no alto, escravos da ignorancia, do horror, sometidos polos delirios\u00a0\u00a0 megal\u00f3manos, por pseudoteor\u00edas \u00a0intelectuais que tentaron cambiar o rumbo da historia, como as do fil\u00f3sofo\u00a0 alem\u00e1n Carl\u00a0 Schmitt, ide\u00f3logo do terceiro\u00a0 Raich, e inspiraci\u00f3n para Fraga Iribarne, na s\u00faa procura dun \u201cmito\u201d, que cegue \u00e1 poboaci\u00f3n e sucumba aos seus encantos, decidida a todo.<\/p>\n<p style=\"text-align: justify;\">Cada vez que paseo por o fondeadoiro cun libro na man, distendido, perdido en mil fantas\u00edas, entre civilizados e afables sa\u00fados, reco\u00f1ecementos mutuos, nenos xogando confiados, os barcos balance\u00e1ndose con levedade sobre un mar d\u00f3cil, det\u00e9\u00f1ome diante do edificio onde se queimaron todos aqueles libros, e inevitablemente sinto m\u00e1goa por estas novas tentativas que nos traen vestixios do pasado, falsos e ru\u00edns. Insisten nas falacias, na xenreira. Parece que non son quen de aceptar a igualdade, unha sociedade xusta, fraternal. Eles parecen necesitar dar voces de mando, ordes, dominar. Se puidesen volver\u00edan \u00e1 queima dos libros, pero estes descerebrados non se decatan de que os libros arden mal.<\/p>\n","protected":false},"excerpt":{"rendered":"<p>C\u00e9sar Alen.\u00a0Parece que volve a \u00e9poca das rifas, das crueis vinganzas. Algu\u00e9n est\u00e1 empe\u00f1ado en rememorar tempos aciagos. O curioso de todo isto, \u00e9 que se retorce a historia ata a absoluta falacia, como o imposible escorzo dun contorsionista. A ningu\u00e9n parece importarlle desmentir a historia, a constataci\u00f3n dos feitos. Pode m\u00e1is a xenreira, a &hellip; <a href=\"http:\/\/cafebarbantia.barbantia.es\/?p=11270\" class=\"more-link\">Seguir lendo <span class=\"screen-reader-text\">Os libros arden mal<\/span> <span class=\"meta-nav\">&rarr;<\/span><\/a><\/p>\n","protected":false},"author":1,"featured_media":0,"comment_status":"open","ping_status":"closed","sticky":false,"template":"","format":"standard","meta":{"_bbp_topic_count":0,"_bbp_reply_count":0,"_bbp_total_topic_count":0,"_bbp_total_reply_count":0,"_bbp_voice_count":0,"_bbp_anonymous_reply_count":0,"_bbp_topic_count_hidden":0,"_bbp_reply_count_hidden":0,"_bbp_forum_subforum_count":0,"_exactmetrics_skip_tracking":false,"_exactmetrics_sitenote_active":false,"_exactmetrics_sitenote_note":"","_exactmetrics_sitenote_category":0,"_monsterinsights_skip_tracking":false,"_monsterinsights_sitenote_active":false,"_monsterinsights_sitenote_note":"","_monsterinsights_sitenote_category":0},"categories":[82,7,9],"tags":[],"aioseo_notices":[],"_links":{"self":[{"href":"http:\/\/cafebarbantia.barbantia.es\/index.php?rest_route=\/wp\/v2\/posts\/11270"}],"collection":[{"href":"http:\/\/cafebarbantia.barbantia.es\/index.php?rest_route=\/wp\/v2\/posts"}],"about":[{"href":"http:\/\/cafebarbantia.barbantia.es\/index.php?rest_route=\/wp\/v2\/types\/post"}],"author":[{"embeddable":true,"href":"http:\/\/cafebarbantia.barbantia.es\/index.php?rest_route=\/wp\/v2\/users\/1"}],"replies":[{"embeddable":true,"href":"http:\/\/cafebarbantia.barbantia.es\/index.php?rest_route=%2Fwp%2Fv2%2Fcomments&post=11270"}],"version-history":[{"count":1,"href":"http:\/\/cafebarbantia.barbantia.es\/index.php?rest_route=\/wp\/v2\/posts\/11270\/revisions"}],"predecessor-version":[{"id":11273,"href":"http:\/\/cafebarbantia.barbantia.es\/index.php?rest_route=\/wp\/v2\/posts\/11270\/revisions\/11273"}],"wp:attachment":[{"href":"http:\/\/cafebarbantia.barbantia.es\/index.php?rest_route=%2Fwp%2Fv2%2Fmedia&parent=11270"}],"wp:term":[{"taxonomy":"category","embeddable":true,"href":"http:\/\/cafebarbantia.barbantia.es\/index.php?rest_route=%2Fwp%2Fv2%2Fcategories&post=11270"},{"taxonomy":"post_tag","embeddable":true,"href":"http:\/\/cafebarbantia.barbantia.es\/index.php?rest_route=%2Fwp%2Fv2%2Ftags&post=11270"}],"curies":[{"name":"wp","href":"https:\/\/api.w.org\/{rel}","templated":true}]}}