{"id":11281,"date":"2019-10-21T06:00:20","date_gmt":"2019-10-21T06:00:20","guid":{"rendered":"http:\/\/cafebarbantia.barbantia.es\/?p=11281"},"modified":"2019-10-14T17:43:54","modified_gmt":"2019-10-14T17:43:54","slug":"os-primeiros-pasos","status":"publish","type":"post","link":"http:\/\/cafebarbantia.barbantia.es\/?p=11281","title":{"rendered":"Os primeiros pasos"},"content":{"rendered":"<p style=\"text-align: justify;\"><a href=\"http:\/\/cafebarbantia.barbantia.es\/wp-content\/uploads\/2019\/10\/micromachismo4.jpg\"><img decoding=\"async\" loading=\"lazy\" class=\"size-medium wp-image-11282 alignleft\" alt=\"micromachismo4\" src=\"http:\/\/cafebarbantia.barbantia.es\/wp-content\/uploads\/2019\/10\/micromachismo4-300x201.jpg\" width=\"300\" height=\"201\" srcset=\"http:\/\/cafebarbantia.barbantia.es\/wp-content\/uploads\/2019\/10\/micromachismo4-300x201.jpg 300w, http:\/\/cafebarbantia.barbantia.es\/wp-content\/uploads\/2019\/10\/micromachismo4.jpg 316w\" sizes=\"(max-width: 300px) 100vw, 300px\" \/><\/a><em><strong>Francisco Ant. Vidal Blanco.\u00a0<\/strong><\/em>A media ma\u00f1\u00e1, nesa hora en que as r\u00faas se enchen de cafeteiros sa\u00edndo das oficinas e xubilados cansos de ler noticias e escoitar as radios, a mi\u00f1a r\u00faa \u00e9nchese de av\u00f3s paseando cochi\u00f1os de nenos. Moitos menos dos que ser\u00eda de desexar, pero suficientes para que esa imaxe se grave na memoria e me lembre o \u00e1lbum de fotos de mi\u00f1a t\u00eda Mar\u00eda<!--more-->, onde os cativos sempre estaban no colo das s\u00faas nais e os cochi\u00f1os eran, asemade, conducidos por elas, quen, moitas veces, non s\u00f3 cargaban co froito da s\u00faa descendencia, sen\u00f3n tam\u00e9n coa gabardina do esposo para que el fumase tranquilo se lle apetec\u00eda. \u00c9 curioso que os paseantes matutinos de cochi\u00f1os sexan maioritariamente var\u00f3ns canosos, e non porque sexan vi\u00favos, sen\u00f3n porque mentres eles presumen de coidar \u00f3s netos, excepci\u00f3ns aparte, as esposas est\u00e1n na casa preparando as manxadoiras e acondicionando o fogar, o cal me fai pensar que non se mellorou tanto como se di na separaci\u00f3n de roles. Son primeiros pasos pero a\u00ednda queda moito por andar.<\/p>\n<p style=\"text-align: justify;\">\u00a0Esa observaci\u00f3n f\u00edxome lembrar outras vellas fotos do \u00e1lbum familiar, do cami\u00f1o das romar\u00edas, a onde se acud\u00eda coa imprescindible boa intenci\u00f3n de pasalo ben, reunidos en dous grupos principais, os homes xuntos e lixeiros uns pasos por diante das mulleres, tam\u00e9n xuntas pero con cadans\u00faa cesta de viandas \u00e1 cabeza, que o d\u00eda anterior se afanaron en preparar. Por iso, a pesar de todo o que se diga, de se o momento m\u00e1is feliz dunha nai \u00e9 cando o neno di a s\u00faa primeira palabra, que polo xeral soe ser \u00abmam\u00e1\u00bb, estou convencido de que era cando daba o seu primeiro paso, cando se entende que a crianza empezar\u00eda a deixar de ser unha carga.<\/p>\n<p style=\"text-align: justify;\"><a href=\"http:\/\/cafebarbantia.barbantia.es\/wp-content\/uploads\/2019\/10\/micromachismo2.jpg\"><img decoding=\"async\" loading=\"lazy\" class=\"size-medium wp-image-11283 alignright\" alt=\"micromachismo2\" src=\"http:\/\/cafebarbantia.barbantia.es\/wp-content\/uploads\/2019\/10\/micromachismo2-300x159.jpg\" width=\"300\" height=\"159\" srcset=\"http:\/\/cafebarbantia.barbantia.es\/wp-content\/uploads\/2019\/10\/micromachismo2-300x159.jpg 300w, http:\/\/cafebarbantia.barbantia.es\/wp-content\/uploads\/2019\/10\/micromachismo2-1024x545.jpg 1024w, http:\/\/cafebarbantia.barbantia.es\/wp-content\/uploads\/2019\/10\/micromachismo2-900x479.jpg 900w, http:\/\/cafebarbantia.barbantia.es\/wp-content\/uploads\/2019\/10\/micromachismo2.jpg 1280w\" sizes=\"(max-width: 300px) 100vw, 300px\" \/><\/a>Moitas veces eran as mesmas mulleres quen animaban \u00f3s esposos a non cargar con aquilo que por uso e abuso era cousa delas -ti cambias o aceite e eu lavo o coche-, para que ningu\u00e9n puxese en d\u00fabida a s\u00faa masculinidade. Que un home tendese a roupa ou fregase o chan era pouco menos ca un delito na veci\u00f1anza. Cont\u00e1bame unha daquelas resignadas esposas como certa tarde, cando \u00edan sa\u00edr da casa dos sogros para a deles, o esposo prop\u00faxolle agardar \u00e1 noitada para levar el \u00f3 cativo no colo sen ser visto nin criticado. \u00abE non era por covard\u00eda, sen\u00f3n para evitar murmuraci\u00f3ns\u00bb, acl\u00e1rame.<\/p>\n<p style=\"text-align: justify;\">Sen tomar a parte polo todo e sen deixar de censurar condutas arcaicas, non \u00e9 certo que homes leven incrustado o machismo no seu cerne, a\u00ednda que si poden quedar r\u00e9moras na idea, iso que se d\u00e1 en chamar micromachismos, que non por ser micro son menores. En xeral (que excepci\u00f3ns sempre as houbo e haber\u00e1) como dic\u00eda o profesor Mari\u00f1o Ferro hai uns d\u00edas neste xornal, o machismo \u00e9 m\u00e1is unha cuesti\u00f3n cultural ca algo instintivo. E contra eses costumes, tradici\u00f3ns e malos h\u00e1bitos pelexamos uns e outros.<\/p>\n<p style=\"text-align: justify;\">Por sorte, as\u00ed como sempre houbo verdadeiros cabaleiros a quen non lles importaba ser acusados de maricallos por botar unha man nos labores da casa, a\u00ednda quedan r\u00e9moras que de portas para dentro seguen sendo m\u00e1is energ\u00famenos ca os cavern\u00edcolas dos tebeos para xustificar aquela frase tan propia das solteironas de antano, preferindo quedar para vestir santos ca para espir borrachos, que no fondo non deixa de ser un primeiro aviso contra o machismo exacerbado, do que, sen necesidade de acudir \u00e1 prensa diaria, todos, desgraciadamente, co\u00f1ecemos historias que nos arrep\u00edan entre tantos primeiros e esperanzadores paso.<\/p>\n<p style=\"text-align: justify;\">\n","protected":false},"excerpt":{"rendered":"<p>Francisco Ant. Vidal Blanco.\u00a0A media ma\u00f1\u00e1, nesa hora en que as r\u00faas se enchen de cafeteiros sa\u00edndo das oficinas e xubilados cansos de ler noticias e escoitar as radios, a mi\u00f1a r\u00faa \u00e9nchese de av\u00f3s paseando cochi\u00f1os de nenos. Moitos menos dos que ser\u00eda de desexar, pero suficientes para que esa imaxe se grave na &hellip; <a href=\"http:\/\/cafebarbantia.barbantia.es\/?p=11281\" class=\"more-link\">Seguir lendo <span class=\"screen-reader-text\">Os primeiros pasos<\/span> <span class=\"meta-nav\">&rarr;<\/span><\/a><\/p>\n","protected":false},"author":1,"featured_media":0,"comment_status":"open","ping_status":"closed","sticky":false,"template":"","format":"standard","meta":{"_bbp_topic_count":0,"_bbp_reply_count":0,"_bbp_total_topic_count":0,"_bbp_total_reply_count":0,"_bbp_voice_count":0,"_bbp_anonymous_reply_count":0,"_bbp_topic_count_hidden":0,"_bbp_reply_count_hidden":0,"_bbp_forum_subforum_count":0,"_exactmetrics_skip_tracking":false,"_exactmetrics_sitenote_active":false,"_exactmetrics_sitenote_note":"","_exactmetrics_sitenote_category":0,"_monsterinsights_skip_tracking":false,"_monsterinsights_sitenote_active":false,"_monsterinsights_sitenote_note":"","_monsterinsights_sitenote_category":0},"categories":[7,52,9],"tags":[],"aioseo_notices":[],"_links":{"self":[{"href":"http:\/\/cafebarbantia.barbantia.es\/index.php?rest_route=\/wp\/v2\/posts\/11281"}],"collection":[{"href":"http:\/\/cafebarbantia.barbantia.es\/index.php?rest_route=\/wp\/v2\/posts"}],"about":[{"href":"http:\/\/cafebarbantia.barbantia.es\/index.php?rest_route=\/wp\/v2\/types\/post"}],"author":[{"embeddable":true,"href":"http:\/\/cafebarbantia.barbantia.es\/index.php?rest_route=\/wp\/v2\/users\/1"}],"replies":[{"embeddable":true,"href":"http:\/\/cafebarbantia.barbantia.es\/index.php?rest_route=%2Fwp%2Fv2%2Fcomments&post=11281"}],"version-history":[{"count":2,"href":"http:\/\/cafebarbantia.barbantia.es\/index.php?rest_route=\/wp\/v2\/posts\/11281\/revisions"}],"predecessor-version":[{"id":11309,"href":"http:\/\/cafebarbantia.barbantia.es\/index.php?rest_route=\/wp\/v2\/posts\/11281\/revisions\/11309"}],"wp:attachment":[{"href":"http:\/\/cafebarbantia.barbantia.es\/index.php?rest_route=%2Fwp%2Fv2%2Fmedia&parent=11281"}],"wp:term":[{"taxonomy":"category","embeddable":true,"href":"http:\/\/cafebarbantia.barbantia.es\/index.php?rest_route=%2Fwp%2Fv2%2Fcategories&post=11281"},{"taxonomy":"post_tag","embeddable":true,"href":"http:\/\/cafebarbantia.barbantia.es\/index.php?rest_route=%2Fwp%2Fv2%2Ftags&post=11281"}],"curies":[{"name":"wp","href":"https:\/\/api.w.org\/{rel}","templated":true}]}}