{"id":11375,"date":"2019-11-10T06:00:56","date_gmt":"2019-11-10T06:00:56","guid":{"rendered":"http:\/\/cafebarbantia.barbantia.es\/?p=11375"},"modified":"2019-10-29T09:26:50","modified_gmt":"2019-10-29T09:26:50","slug":"os-nobel","status":"publish","type":"post","link":"http:\/\/cafebarbantia.barbantia.es\/?p=11375","title":{"rendered":"Os Nobel"},"content":{"rendered":"<p style=\"text-align: justify;\"><a href=\"http:\/\/cafebarbantia.barbantia.es\/wp-content\/uploads\/2019\/10\/BO26P1F3_203912.jpg\"><img decoding=\"async\" loading=\"lazy\" class=\"alignleft size-medium wp-image-11376\" alt=\"BO26P1F3_203912\" src=\"http:\/\/cafebarbantia.barbantia.es\/wp-content\/uploads\/2019\/10\/BO26P1F3_203912-300x168.jpg\" width=\"300\" height=\"168\" srcset=\"http:\/\/cafebarbantia.barbantia.es\/wp-content\/uploads\/2019\/10\/BO26P1F3_203912-300x168.jpg 300w, http:\/\/cafebarbantia.barbantia.es\/wp-content\/uploads\/2019\/10\/BO26P1F3_203912-1024x576.jpg 1024w, http:\/\/cafebarbantia.barbantia.es\/wp-content\/uploads\/2019\/10\/BO26P1F3_203912-900x506.jpg 900w, http:\/\/cafebarbantia.barbantia.es\/wp-content\/uploads\/2019\/10\/BO26P1F3_203912.jpg 1280w\" sizes=\"(max-width: 300px) 100vw, 300px\" \/><\/a><em><strong>Francisco Ant. Vidal Blanco.\u00a0<\/strong><\/em>Non vou falar do Nobel de literatura, sempre o m\u00e1is pol\u00e9mico e inesperado de cantos se conceden cada ano, xa sexa por comunista ou por facha, por co\u00f1ecido ou non. Incluso m\u00e1is pol\u00e9mico co da paz cando llo deron a Obama ou a Kissinger. <!--more-->Nin os descubridores das vitaminas, os raios cat\u00f3dicos, o l\u00e1ser, as comunicaci\u00f3ns inal\u00e1mbricas, o transplante de vasos sangu\u00edneos e toda esa lista de avances que nos fan m\u00e1is doada a vida tiveron a mesma ou similar relevancia ou protagonismo no seu d\u00eda grande. Tampouco todos os Nobel te\u00f1en o mesmo valor.<\/p>\n<div id=\"6TEXTO_DETALLEad_RobaPaginasMobile-id\" itemscope=\"\" itemtype=\"https:\/\/schema.org\/WPAdBlock\" style=\"text-align: justify;\" data-ads=\"true\" data-url=\"\/4900\/webm.EXT.LAVOZDEGALICIA\/galicia\/barbanza\" data-mapping=\"ROBAMOBILE\" data-sizes=\"[[300,600],[300,250]]\" data-param=\"pos\" data-format=\"mobile\" data-targeting=\"robapaginas\">Xa pasou a semana dos anuncios para darlle paso \u00e1s d\u00fabidas, cr\u00edticas e xustificaci\u00f3ns. A\u00ednda queda por diante m\u00e1is dun mes para preparar os sm\u00f3kings e os flashes e eu seguirei pregunt\u00e1ndome por que non llo deron a este ou a aquel. Cada quen ten o seu preferido, e se unhas veces festexamos a elecci\u00f3n, este ano xa saltaron voces escandalizadas pregunt\u00e1ndose a quen se lle ocorreu premiar a Handke despois do que dixo ou fixo.<\/div>\n<p style=\"text-align: justify;\">O certo \u00e9 que a Academia sueca, neste apartado dos seus prestixiosos premios parece que sempre quere dar a nota. Non hai m\u00e1is que ver quen ga\u00f1ou e quen non \u00f3 largo da s\u00faa historia. Non pretendo dicir que os premiados non o merezan, pero as faltas rech\u00edan m\u00e1is ca uns gonzos oxidados, porque, a\u00ednda que moitos celebramos o de Saramago como se fose galego, non sabemos por que Lobo Antunes, un dos poucos autores vivos inclu\u00eddos na biblioteca Pl\u00e9iade en raz\u00f3n \u00e1 calidade da s\u00faa obra, segue nas listas de candidatos <em>per vitae aeternae<\/em>;<a href=\"http:\/\/cafebarbantia.barbantia.es\/wp-content\/uploads\/2019\/10\/Nobel-F\u00edsica.jpg\"><img decoding=\"async\" loading=\"lazy\" class=\"alignright size-medium wp-image-11377\" alt=\"Nobel F\u00edsica\" src=\"http:\/\/cafebarbantia.barbantia.es\/wp-content\/uploads\/2019\/10\/Nobel-F\u00edsica-300x168.jpg\" width=\"300\" height=\"168\" srcset=\"http:\/\/cafebarbantia.barbantia.es\/wp-content\/uploads\/2019\/10\/Nobel-F\u00edsica-300x168.jpg 300w, http:\/\/cafebarbantia.barbantia.es\/wp-content\/uploads\/2019\/10\/Nobel-F\u00edsica-900x506.jpg 900w, http:\/\/cafebarbantia.barbantia.es\/wp-content\/uploads\/2019\/10\/Nobel-F\u00edsica.jpg 980w\" sizes=\"(max-width: 300px) 100vw, 300px\" \/><\/a> como segue M\u00e9ndez Ferr\u00edn, agardando que con el se reco\u00f1eza o valor da literatura en galego, de cuxa calidade xa non hai d\u00fabida. Pero sen outro apoio por parte de quen di velar pola cultura m\u00e1is ca cunha foto en determinado d\u00eda, non ser\u00e1 dif\u00edcil ver antes a calquera rara avis d\u00e1ndolle a man \u00f3 rei de Suecia, mentres as mellores obras do noso pa\u00eds acaban no contedor de reciclaxe de papel. Xa sei que estou pedindo un imposible, pero a quen non lle gustar\u00eda o\u00edr falar en galego no pazo real de Suecia?<\/p>\n<div style=\"text-align: justify;\"><\/div>\n<div id=\"ad_Roba2Desktop\" itemscope=\"\" itemtype=\"https:\/\/schema.org\/WPAdBlock\" style=\"text-align: justify;\" data-url=\"\/2260323\/LVDG.Desktop\/barbanza\" data-mapping=\"VOZ_ROBA_DESKTOP\" data-sizes=\"[[300,250],[300,300],[300,600],'fluid']\" data-param=\"pos\" data-format=\"normal\" data-targeting=\"Roba2\" data-google-query-id=\"COvxg-CSweUCFakGBgAdJwgI1g\">\u00a0Tampouco sei para que serve realmente o Nobel. Por veces parece que \u00e9 algo semellante a eses premios que te\u00f1en a algunha editorial mangoneando, s\u00f3 para promocionar \u00e1 s\u00faa xente, vender papel e facer caixa, mentres m\u00e9dicos, f\u00edsicos e qu\u00edmicos son relegados a un lugar de comparsa.<\/div>\n<p style=\"text-align: justify;\"><a href=\"http:\/\/cafebarbantia.barbantia.es\/wp-content\/uploads\/2019\/10\/nobel-de-medicina.jpg\"><img decoding=\"async\" loading=\"lazy\" class=\"alignleft size-medium wp-image-11378\" alt=\"nobel-de-medicina\" src=\"http:\/\/cafebarbantia.barbantia.es\/wp-content\/uploads\/2019\/10\/nobel-de-medicina-300x168.jpg\" width=\"300\" height=\"168\" srcset=\"http:\/\/cafebarbantia.barbantia.es\/wp-content\/uploads\/2019\/10\/nobel-de-medicina-300x168.jpg 300w, http:\/\/cafebarbantia.barbantia.es\/wp-content\/uploads\/2019\/10\/nobel-de-medicina-1024x576.jpg 1024w, http:\/\/cafebarbantia.barbantia.es\/wp-content\/uploads\/2019\/10\/nobel-de-medicina-900x506.jpg 900w, http:\/\/cafebarbantia.barbantia.es\/wp-content\/uploads\/2019\/10\/nobel-de-medicina.jpg 1600w\" sizes=\"(max-width: 300px) 100vw, 300px\" \/><\/a>Este ano as ciencias premiaron \u00f3s dese\u00f1adores das bater\u00edas de litio que todos usamos desde hai m\u00e1is de trinta anos, os que atoparon o mecanismo polo que as c\u00e9lulas captan o os\u00edxeno, que tanto axuda no control de procesos cancer\u00edxenos e no dese\u00f1o de medicamentos m\u00e1is eficaces e menos agresivos, e para reco\u00f1ecer a importancia do descubrimento de exoplanetas e os primeiros momentos do universo, e as\u00ed entender desde e ata cando e por que existe este noso mundo, pero a poucos d\u00edas de facerse p\u00fablico o nome dos galardoados, xa ningu\u00e9n se lembra de como se chaman. O dito, non todos os Nobel te\u00f1en o mesmo valor.<\/p>\n<div id=\"ad_Roba2Mobile\" itemscope=\"\" itemtype=\"https:\/\/schema.org\/WPAdBlock\" style=\"text-align: justify;\" data-url=\"\/2260323\/LVDG.Mobile\/barbanza\" data-mapping=\"VOZ_ROBA_MOBILE\" data-sizes=\"[[300,250],[300,300],[300,600],'fluid']\" data-param=\"pos\" data-format=\"mobile\" data-targeting=\"Roba2\">As\u00ed \u00e9 que non quero falar do Nobel cando se converte nun espect\u00e1culo ou nun motivo de decoraci\u00f3n de librer\u00edas; pero si cando falamos das obras que nos amosan a condici\u00f3n humana e nos axudan a entendela, destes escritores e cient\u00edficos cuxo labor vai por diante deles. De quen desde o seu laboratorio, escritorio ou c\u00e1tedra universitaria, traballa, ensina e d\u00e1nos o froito das s\u00faas investigaci\u00f3ns sen agardar medallas nin palmadi\u00f1as.<\/div>\n","protected":false},"excerpt":{"rendered":"<p>Francisco Ant. Vidal Blanco.\u00a0Non vou falar do Nobel de literatura, sempre o m\u00e1is pol\u00e9mico e inesperado de cantos se conceden cada ano, xa sexa por comunista ou por facha, por co\u00f1ecido ou non. Incluso m\u00e1is pol\u00e9mico co da paz cando llo deron a Obama ou a Kissinger.<\/p>\n","protected":false},"author":1,"featured_media":0,"comment_status":"open","ping_status":"closed","sticky":false,"template":"","format":"standard","meta":{"_bbp_topic_count":0,"_bbp_reply_count":0,"_bbp_total_topic_count":0,"_bbp_total_reply_count":0,"_bbp_voice_count":0,"_bbp_anonymous_reply_count":0,"_bbp_topic_count_hidden":0,"_bbp_reply_count_hidden":0,"_bbp_forum_subforum_count":0,"_exactmetrics_skip_tracking":false,"_exactmetrics_sitenote_active":false,"_exactmetrics_sitenote_note":"","_exactmetrics_sitenote_category":0,"_monsterinsights_skip_tracking":false,"_monsterinsights_sitenote_active":false,"_monsterinsights_sitenote_note":"","_monsterinsights_sitenote_category":0},"categories":[39,7,52,9],"tags":[],"aioseo_notices":[],"_links":{"self":[{"href":"http:\/\/cafebarbantia.barbantia.es\/index.php?rest_route=\/wp\/v2\/posts\/11375"}],"collection":[{"href":"http:\/\/cafebarbantia.barbantia.es\/index.php?rest_route=\/wp\/v2\/posts"}],"about":[{"href":"http:\/\/cafebarbantia.barbantia.es\/index.php?rest_route=\/wp\/v2\/types\/post"}],"author":[{"embeddable":true,"href":"http:\/\/cafebarbantia.barbantia.es\/index.php?rest_route=\/wp\/v2\/users\/1"}],"replies":[{"embeddable":true,"href":"http:\/\/cafebarbantia.barbantia.es\/index.php?rest_route=%2Fwp%2Fv2%2Fcomments&post=11375"}],"version-history":[{"count":1,"href":"http:\/\/cafebarbantia.barbantia.es\/index.php?rest_route=\/wp\/v2\/posts\/11375\/revisions"}],"predecessor-version":[{"id":11379,"href":"http:\/\/cafebarbantia.barbantia.es\/index.php?rest_route=\/wp\/v2\/posts\/11375\/revisions\/11379"}],"wp:attachment":[{"href":"http:\/\/cafebarbantia.barbantia.es\/index.php?rest_route=%2Fwp%2Fv2%2Fmedia&parent=11375"}],"wp:term":[{"taxonomy":"category","embeddable":true,"href":"http:\/\/cafebarbantia.barbantia.es\/index.php?rest_route=%2Fwp%2Fv2%2Fcategories&post=11375"},{"taxonomy":"post_tag","embeddable":true,"href":"http:\/\/cafebarbantia.barbantia.es\/index.php?rest_route=%2Fwp%2Fv2%2Ftags&post=11375"}],"curies":[{"name":"wp","href":"https:\/\/api.w.org\/{rel}","templated":true}]}}