{"id":11382,"date":"2019-11-09T06:00:05","date_gmt":"2019-11-09T06:00:05","guid":{"rendered":"http:\/\/cafebarbantia.barbantia.es\/?p=11382"},"modified":"2019-11-04T08:21:28","modified_gmt":"2019-11-04T08:21:28","slug":"criar-anos-ou-malvas","status":"publish","type":"post","link":"http:\/\/cafebarbantia.barbantia.es\/?p=11382","title":{"rendered":"Criar anos ou malvas"},"content":{"rendered":"<p style=\"text-align: justify;\"><em><strong><a href=\"http:\/\/cafebarbantia.barbantia.es\/wp-content\/uploads\/2019\/11\/candle-2038736_1280.jpg\"><img decoding=\"async\" loading=\"lazy\" class=\"alignright size-medium wp-image-11383\" alt=\"candle-2038736_1280\" src=\"http:\/\/cafebarbantia.barbantia.es\/wp-content\/uploads\/2019\/11\/candle-2038736_1280-300x199.jpg\" width=\"300\" height=\"199\" srcset=\"http:\/\/cafebarbantia.barbantia.es\/wp-content\/uploads\/2019\/11\/candle-2038736_1280-300x199.jpg 300w, http:\/\/cafebarbantia.barbantia.es\/wp-content\/uploads\/2019\/11\/candle-2038736_1280-1024x682.jpg 1024w, http:\/\/cafebarbantia.barbantia.es\/wp-content\/uploads\/2019\/11\/candle-2038736_1280-900x599.jpg 900w, http:\/\/cafebarbantia.barbantia.es\/wp-content\/uploads\/2019\/11\/candle-2038736_1280.jpg 1280w\" sizes=\"(max-width: 300px) 100vw, 300px\" \/><\/a>X. Ricardo Losada.\u00a0<\/strong><\/em>Non creo na vida eterna, pero tampouco podo evitar pensar de cando en vez na inmortalidade. M\u00e1is a\u00ednda cando se considera un dos temas m\u00e1is relevantes a nivel cient\u00edfico do s\u00e9culo XXI. Un equipo do Centro Nacional de Investigaci\u00f3ns Oncol\u00f3xicas xa conseguiu retrasar en ratos o envellecemento e as enfermidades asociadas a el. <!--more-->Sabendo que o material xen\u00e9tico est\u00e1 protexido polos tel\u00f3meros, estruturas que, por acortarse ao longo da vida, provocan o envellecemento, xeraron un rato transx\u00e9nico cunha encima, a telomerasa, que rexenera os tel\u00f3meros, facendo que ese rato vivise o corenta por cento m\u00e1is de tempo. \u00c9 un experimento que non pode facerse con humanos xa que o envellecemento non \u00e9 considerado unha enfermidade, pero, case con toda seguridade (somos unha especie que sempre acaba facendo o que pode facer), alg\u00fan d\u00eda se levar\u00e1 a cabo. Cantos anos m\u00e1is poderiamos vivir? Polo que te\u00f1o lido, a opini\u00f3n dos cient\u00edficos \u00e9 moi variada. Hai quen pensa en 120, quen pensa en 500 e quen non pon l\u00edmites.<\/p>\n<p style=\"text-align: justify;\">\u00a0\u00a0\u00a0\u00a0 Non sei que escoller\u00eda (mortal ou inmortal) se tivese a oportunidade, pero agon\u00edame pensar que, pola mi\u00f1a idade (estou a 2 anos dese punto de inflexi\u00f3n que marcan os 60), despois de case catro mil mill\u00f3ns de anos de vida mortal obrigada, sexa precisamente a mi\u00f1a xeraci\u00f3n a \u00faltima que non poida escoller. Para consolarme, g\u00fastame recordar o que lle pasou a Kant. Nunca tivo boa sa\u00fade, pero gab\u00e1base de saber os secretos da lonxevidade, e chegou a vivir 80 anos nun s\u00e9culo, o XVIII, en que as expectativas de vida non chegaban aos corenta. Por\u00e9n, confesou con tristeza que fora un logro in\u00fatil xa que todos os seus amigos morreran antes e, sen eles, a vida carec\u00eda de sentido. Pero esa an\u00e9cdota \u00e9, para o meu \u00e1nimo, un consolo moment\u00e1neo. A ciencia permitir\u00e1 que tam\u00e9n vivan eternamente (se te\u00f1en cartos, claro) os nosos amigos.<\/p>\n<p style=\"text-align: justify;\"><a href=\"http:\/\/cafebarbantia.barbantia.es\/wp-content\/uploads\/2019\/11\/immortal-758418_960_720.jpg\"><img decoding=\"async\" loading=\"lazy\" class=\"alignleft size-medium wp-image-11384\" alt=\"immortal-758418_960_720\" src=\"http:\/\/cafebarbantia.barbantia.es\/wp-content\/uploads\/2019\/11\/immortal-758418_960_720-282x300.jpg\" width=\"282\" height=\"300\" srcset=\"http:\/\/cafebarbantia.barbantia.es\/wp-content\/uploads\/2019\/11\/immortal-758418_960_720-282x300.jpg 282w, http:\/\/cafebarbantia.barbantia.es\/wp-content\/uploads\/2019\/11\/immortal-758418_960_720.jpg 678w\" sizes=\"(max-width: 282px) 100vw, 282px\" \/><\/a>\u00a0\u00a0\u00a0\u00a0\u00a0 A proba m\u00e1is evidente de que non hai que tomar o tema da inmortalidade como pura fantas\u00eda \u00e9 que os fundadores de Google crearon Calico, unha empresa que pretende descubrir os secretos do envellecemento e lograr que vivamos 500 anos neste planeta ou nunha colonia extraterrestre. Curioso como as novas tecnolox\u00edas debuxan un c\u00edrculo e volven \u00e1s preocupaci\u00f3ns dos primeiros humanos. Adoita sinalarse que a nosa especie so\u00f1ou ao longo da historia catro formas diferentes de inmortalidade: o elixir da eterna mocidade, a resurrecci\u00f3n do corpo, a inmortalidade da alma e o legado (ese eco que deixas no mundo coa t\u00faa obra ou os teus actos). A primeira forma b\u00fascana hoxe a biotecnolox\u00eda, a nanotecnolox\u00eda e a enxe\u00f1er\u00eda xen\u00e9tica; a segunda, a crioxenia; a terceira, ese transhumanismo que aspira a subir a mente ao ciberespazo, e a cuarta, a obsesi\u00f3n pola fama que internet e as redes sociais acercan a calquera humano. Cal escoller\u00eda eu? Non o te\u00f1o claro. Cando opto por ser mortal, xa que penso que ser eterno debe ser moi aburrido, de inmediato penso que m\u00e1is aburrida \u00e9 a alternativa: criar malvas. Cando opto por ser inmortal, xa que penso que estar morto debe ser desesperante, de inmediato penso que \u00e9 a mesma situaci\u00f3n en que estaba antes de nacer, e non recordo estar desesperado para nada. Por iso me gustar\u00eda ter a oportunidade de escoller. A\u00ednda que agora non sei que escoller\u00eda, estou m\u00e1is que seguro, segur\u00edsimo, de que nese momento crucial non dubidar\u00eda.<\/p>\n","protected":false},"excerpt":{"rendered":"<p>X. Ricardo Losada.\u00a0Non creo na vida eterna, pero tampouco podo evitar pensar de cando en vez na inmortalidade. M\u00e1is a\u00ednda cando se considera un dos temas m\u00e1is relevantes a nivel cient\u00edfico do s\u00e9culo XXI. Un equipo do Centro Nacional de Investigaci\u00f3ns Oncol\u00f3xicas xa conseguiu retrasar en ratos o envellecemento e as enfermidades asociadas a el.<\/p>\n","protected":false},"author":1,"featured_media":0,"comment_status":"open","ping_status":"closed","sticky":false,"template":"","format":"standard","meta":{"_bbp_topic_count":0,"_bbp_reply_count":0,"_bbp_total_topic_count":0,"_bbp_total_reply_count":0,"_bbp_voice_count":0,"_bbp_anonymous_reply_count":0,"_bbp_topic_count_hidden":0,"_bbp_reply_count_hidden":0,"_bbp_forum_subforum_count":0,"_exactmetrics_skip_tracking":false,"_exactmetrics_sitenote_active":false,"_exactmetrics_sitenote_note":"","_exactmetrics_sitenote_category":0,"_monsterinsights_skip_tracking":false,"_monsterinsights_sitenote_active":false,"_monsterinsights_sitenote_note":"","_monsterinsights_sitenote_category":0},"categories":[39,7,9,26],"tags":[],"aioseo_notices":[],"_links":{"self":[{"href":"http:\/\/cafebarbantia.barbantia.es\/index.php?rest_route=\/wp\/v2\/posts\/11382"}],"collection":[{"href":"http:\/\/cafebarbantia.barbantia.es\/index.php?rest_route=\/wp\/v2\/posts"}],"about":[{"href":"http:\/\/cafebarbantia.barbantia.es\/index.php?rest_route=\/wp\/v2\/types\/post"}],"author":[{"embeddable":true,"href":"http:\/\/cafebarbantia.barbantia.es\/index.php?rest_route=\/wp\/v2\/users\/1"}],"replies":[{"embeddable":true,"href":"http:\/\/cafebarbantia.barbantia.es\/index.php?rest_route=%2Fwp%2Fv2%2Fcomments&post=11382"}],"version-history":[{"count":1,"href":"http:\/\/cafebarbantia.barbantia.es\/index.php?rest_route=\/wp\/v2\/posts\/11382\/revisions"}],"predecessor-version":[{"id":11385,"href":"http:\/\/cafebarbantia.barbantia.es\/index.php?rest_route=\/wp\/v2\/posts\/11382\/revisions\/11385"}],"wp:attachment":[{"href":"http:\/\/cafebarbantia.barbantia.es\/index.php?rest_route=%2Fwp%2Fv2%2Fmedia&parent=11382"}],"wp:term":[{"taxonomy":"category","embeddable":true,"href":"http:\/\/cafebarbantia.barbantia.es\/index.php?rest_route=%2Fwp%2Fv2%2Fcategories&post=11382"},{"taxonomy":"post_tag","embeddable":true,"href":"http:\/\/cafebarbantia.barbantia.es\/index.php?rest_route=%2Fwp%2Fv2%2Ftags&post=11382"}],"curies":[{"name":"wp","href":"https:\/\/api.w.org\/{rel}","templated":true}]}}