{"id":11424,"date":"2019-11-25T06:00:52","date_gmt":"2019-11-25T06:00:52","guid":{"rendered":"http:\/\/cafebarbantia.barbantia.es\/?p=11424"},"modified":"2019-11-12T09:33:35","modified_gmt":"2019-11-12T09:33:35","slug":"11424","status":"publish","type":"post","link":"http:\/\/cafebarbantia.barbantia.es\/?p=11424","title":{"rendered":"Bendito porco inmundo"},"content":{"rendered":"<figure id=\"attachment_11426\" aria-describedby=\"caption-attachment-11426\" style=\"width: 300px\" class=\"wp-caption alignright\"><a href=\"http:\/\/cafebarbantia.barbantia.es\/wp-content\/uploads\/2019\/11\/BN9C7F1_11.jpg\"><img decoding=\"async\" loading=\"lazy\" class=\"size-medium wp-image-11426\" alt=\"Matalobos\" src=\"http:\/\/cafebarbantia.barbantia.es\/wp-content\/uploads\/2019\/11\/BN9C7F1_11-300x168.jpg\" width=\"300\" height=\"168\" srcset=\"http:\/\/cafebarbantia.barbantia.es\/wp-content\/uploads\/2019\/11\/BN9C7F1_11-300x168.jpg 300w, http:\/\/cafebarbantia.barbantia.es\/wp-content\/uploads\/2019\/11\/BN9C7F1_11-1024x576.jpg 1024w, http:\/\/cafebarbantia.barbantia.es\/wp-content\/uploads\/2019\/11\/BN9C7F1_11-900x506.jpg 900w, http:\/\/cafebarbantia.barbantia.es\/wp-content\/uploads\/2019\/11\/BN9C7F1_11.jpg 1280w\" sizes=\"(max-width: 300px) 100vw, 300px\" \/><\/a><figcaption id=\"caption-attachment-11426\" class=\"wp-caption-text\">Matalobos<\/figcaption><\/figure>\n<p style=\"text-align: justify;\"><em><strong>Francisco Ant. Vidal Blanco.\u00a0<\/strong><\/em>Nunha carta de Mahmet Al\u00ed a Usbeck, recollida por Montesquieu nas s\u00faas\u00a0<em>Cartas persas<\/em>, c\u00f3ntase como No\u00e9 organizou a arca e botou todos os desperdicios dos animais contra un lado, sen decatarse de que eran tantos que a barca comezou a escorar. Aconsellado con Deus, No\u00e9 virou a postura dos elefantes para que a s\u00faa bosta caese na outra banda e compensase a escora. <!--more-->Ent\u00f3n xurdiu o milagre: do medio daquela inmundicia xurdiu o porco. A\u00ed est\u00e1 a raz\u00f3n pola que este \u00e9 un animal impuro.<\/p>\n<p style=\"text-align: justify;\">Nesta parte do mundo, mentres uns nos contan que os ismaelitas non comen cocho porque Mahoma, antes de ser profeta fora coidador dunha piara, outros ac\u00f3llense \u00e1 idea de que era un medio de transmisi\u00f3ns de enfermidades. Sexa como sexa non saben o que perden, e n\u00f3s, por sorte, temos a san Marti\u00f1o marc\u00e1ndonos o d\u00eda do ano no que o bendito marr\u00e1n pasa a mellor vida e a m\u00e1is agradecidos est\u00f3magos.<\/p>\n<p style=\"text-align: justify;\">Pero moito antes de que Mahoma recibise os consellos divinos por boca do arcanxo Gabriel, e incluso antes de que Mois\u00e9s sacase a todos os hebreos da terra \u00e1 que emigraran por ser o Exipto daquel tempo unha verdadeira terra de promisi\u00f3n, con moito traballo mal pagado, xa o cocho ti\u00f1a moi mala prensa. Asociado \u00f3 deus Seth, o deus do caos, un verdadeiro demo\u00f1o, malvado, tramposo e caloteiro, un argallante capaz de trocar de cara e corpo con tal de enganar a quen fose s\u00f3 para facer mal, en certa ocasi\u00f3n, fac\u00e9ndolle crer \u00f3s santos deuses do ben e da bondade que era un simple porco negro fozando na lama do Nilo, deixou que o seu sobri\u00f1o Horus se lle acercase, para acometelo traidoramente lesion\u00e1ndolle un ollo, polo que Ra o maldixo e con el maldixo a todos os porcos e a todos os porqueiros, prohib\u00edndolles entrar nos templos.<\/p>\n<p style=\"text-align: justify;\">Nesa terra do Oriente, onde tantos deuses se encontraron, encontran e enfrontan, adapt\u00e1ndose e copi\u00e1ndose ritos e costumes, os mitos e as lendas viaxaron entre o Nilo e Xerusal\u00e9n tras as famosas pragas que a mitolox\u00eda conta dun xeito e a historia doutro. As\u00ed, segundo o historiador T\u00e1cito, os xudeus non comen carne de porco por memoria do dano que sufriron en Exipto, onde padeceron unha especie de sarna provocada pola inxesti\u00f3n daquel animal.<\/p>\n<p style=\"text-align: justify;\"><a href=\"http:\/\/cafebarbantia.barbantia.es\/wp-content\/uploads\/2019\/11\/porco2.jpg\"><img decoding=\"async\" loading=\"lazy\" class=\"alignleft size-medium wp-image-11427\" alt=\"porco2\" src=\"http:\/\/cafebarbantia.barbantia.es\/wp-content\/uploads\/2019\/11\/porco2-300x199.jpg\" width=\"300\" height=\"199\" srcset=\"http:\/\/cafebarbantia.barbantia.es\/wp-content\/uploads\/2019\/11\/porco2-300x199.jpg 300w, http:\/\/cafebarbantia.barbantia.es\/wp-content\/uploads\/2019\/11\/porco2.jpg 400w\" sizes=\"(max-width: 300px) 100vw, 300px\" \/><\/a>Como vemos, xustificaci\u00f3ns para prohibilo non faltaron, e tan mala fama lle quedou, que nos primeiros s\u00e9culos do cristianismo, os id\u00f3latras tentaban \u00f3s santos eremitas, recollidos \u00e1 soidade do deserto con longos xax\u00fans e baixo un sol abrasador, amos\u00e1ndolle cochos que eles confund\u00edan coa figura do tentador, mentres n\u00f3s, fillos de b\u00e1rbaros, acostumados a crialos, aprendemos a aproveitarlle todo, desde o foci\u00f1o ata o rabo.<\/p>\n<p style=\"text-align: justify;\">Mais como o poder da masa manda e os gustos diet\u00e9ticos de occidente non eran doados de borrar, o porco non tardou en ser enxalzado nas haxiograf\u00edas de excelsos var\u00f3ns como santo Ant\u00f3n Abade, san Brais ou san Pedro, quen a pesar de ter unha cultura xud\u00eda, segundo el mesmo lle explicou \u00f3s seus disc\u00edpulos, tivo unha visi\u00f3n na que unha voz divina o invitaba a sacrificalos e comelos, pero como o santo pai da Igrexa se negaba a facelo dicindo que nunca no seu corpo entrara nada impuro, Deus desde o ceo amoestouno: \u00abNon lle chames impuro a algo creado por min\u00bb. E desde esa o Cristianismo reconciliouse na mesa cos b\u00e1rbaros do imperio e ga\u00f1ou adeptos.<\/p>\n","protected":false},"excerpt":{"rendered":"<p>Francisco Ant. Vidal Blanco.\u00a0Nunha carta de Mahmet Al\u00ed a Usbeck, recollida por Montesquieu nas s\u00faas\u00a0Cartas persas, c\u00f3ntase como No\u00e9 organizou a arca e botou todos os desperdicios dos animais contra un lado, sen decatarse de que eran tantos que a barca comezou a escorar. Aconsellado con Deus, No\u00e9 virou a postura dos elefantes para que &hellip; <a href=\"http:\/\/cafebarbantia.barbantia.es\/?p=11424\" class=\"more-link\">Seguir lendo <span class=\"screen-reader-text\">Bendito porco inmundo<\/span> <span class=\"meta-nav\">&rarr;<\/span><\/a><\/p>\n","protected":false},"author":1,"featured_media":0,"comment_status":"open","ping_status":"closed","sticky":false,"template":"","format":"standard","meta":{"_bbp_topic_count":0,"_bbp_reply_count":0,"_bbp_total_topic_count":0,"_bbp_total_reply_count":0,"_bbp_voice_count":0,"_bbp_anonymous_reply_count":0,"_bbp_topic_count_hidden":0,"_bbp_reply_count_hidden":0,"_bbp_forum_subforum_count":0,"_exactmetrics_skip_tracking":false,"_exactmetrics_sitenote_active":false,"_exactmetrics_sitenote_note":"","_exactmetrics_sitenote_category":0,"_monsterinsights_skip_tracking":false,"_monsterinsights_sitenote_active":false,"_monsterinsights_sitenote_note":"","_monsterinsights_sitenote_category":0},"categories":[7,52,9],"tags":[],"aioseo_notices":[],"_links":{"self":[{"href":"http:\/\/cafebarbantia.barbantia.es\/index.php?rest_route=\/wp\/v2\/posts\/11424"}],"collection":[{"href":"http:\/\/cafebarbantia.barbantia.es\/index.php?rest_route=\/wp\/v2\/posts"}],"about":[{"href":"http:\/\/cafebarbantia.barbantia.es\/index.php?rest_route=\/wp\/v2\/types\/post"}],"author":[{"embeddable":true,"href":"http:\/\/cafebarbantia.barbantia.es\/index.php?rest_route=\/wp\/v2\/users\/1"}],"replies":[{"embeddable":true,"href":"http:\/\/cafebarbantia.barbantia.es\/index.php?rest_route=%2Fwp%2Fv2%2Fcomments&post=11424"}],"version-history":[{"count":2,"href":"http:\/\/cafebarbantia.barbantia.es\/index.php?rest_route=\/wp\/v2\/posts\/11424\/revisions"}],"predecessor-version":[{"id":11429,"href":"http:\/\/cafebarbantia.barbantia.es\/index.php?rest_route=\/wp\/v2\/posts\/11424\/revisions\/11429"}],"wp:attachment":[{"href":"http:\/\/cafebarbantia.barbantia.es\/index.php?rest_route=%2Fwp%2Fv2%2Fmedia&parent=11424"}],"wp:term":[{"taxonomy":"category","embeddable":true,"href":"http:\/\/cafebarbantia.barbantia.es\/index.php?rest_route=%2Fwp%2Fv2%2Fcategories&post=11424"},{"taxonomy":"post_tag","embeddable":true,"href":"http:\/\/cafebarbantia.barbantia.es\/index.php?rest_route=%2Fwp%2Fv2%2Ftags&post=11424"}],"curies":[{"name":"wp","href":"https:\/\/api.w.org\/{rel}","templated":true}]}}