{"id":11515,"date":"2019-12-08T06:00:49","date_gmt":"2019-12-08T06:00:49","guid":{"rendered":"http:\/\/cafebarbantia.barbantia.es\/?p=11515"},"modified":"2019-12-02T19:23:05","modified_gmt":"2019-12-02T19:23:05","slug":"eveline","status":"publish","type":"post","link":"http:\/\/cafebarbantia.barbantia.es\/?p=11515","title":{"rendered":"Eveline"},"content":{"rendered":"<p style=\"text-align: justify;\"><em><strong><a href=\"http:\/\/cafebarbantia.barbantia.es\/wp-content\/uploads\/2019\/11\/chus.jpg\"><img decoding=\"async\" loading=\"lazy\" class=\"alignleft size-medium wp-image-11516\" alt=\"chus\" src=\"http:\/\/cafebarbantia.barbantia.es\/wp-content\/uploads\/2019\/11\/chus-300x168.jpg\" width=\"300\" height=\"168\" srcset=\"http:\/\/cafebarbantia.barbantia.es\/wp-content\/uploads\/2019\/11\/chus-300x168.jpg 300w, http:\/\/cafebarbantia.barbantia.es\/wp-content\/uploads\/2019\/11\/chus-1024x575.jpg 1024w, http:\/\/cafebarbantia.barbantia.es\/wp-content\/uploads\/2019\/11\/chus-900x505.jpg 900w, http:\/\/cafebarbantia.barbantia.es\/wp-content\/uploads\/2019\/11\/chus.jpg 1280w\" sizes=\"(max-width: 300px) 100vw, 300px\" \/><\/a>Mar\u00eda Xes\u00fas Blanco.\u00a0<\/strong><\/em>Eveline chegou de inc\u00f3gnito. Como o far\u00eda a personaxe principal nun libro de misterio. Ningu\u00e9n sabe onde est\u00e1. Nin as s\u00faas amizades. Tampouco a s\u00faa familia.\u00a0 Leva o cristal algo aberto para escoitar o son do vento que vai quedando atr\u00e1s.<!--more--> L\u00e9mbralle o zoar suave das medias que deixou, apresurada, no tendal. O taxi detense \u00e1 beira dun carreiro. Varias horas de viaxe e a\u00ednda queda un pouco para chegar. \u00c9 preciso estirar as pernas. Hoxe non lle importa a choiva nin o fr\u00edo. Nin esa humidade da n\u00e9boa bulindo nas fosas nasais e nos beizos. Eveline quere gozar dese espazo agarimoso que aten\u00faa o estrondo do oc\u00e9ano. Hai moito tempo que non cami\u00f1a pola praia. Percorre amodo o cami\u00f1o ata as rochas e sinte unha forza lene que empeza a agromar na area. Sen d\u00fabida \u00e9 esa cor intensa que reflicte a luz na beiramar a que suxire a necesidade urxente de sa\u00edr a flote.<\/p>\n<p style=\"text-align: justify;\">Claro que Eveline non \u00e9 a personaxe dunha novela, non. \u00c9 unha muller real de carne e \u00f3so. Nova. A piques de cumprir os trinta. Que leva unha identidade ficticia, iso si. Ademais dunha maleta prestada, unha pulseira electr\u00f3nica que lle oprime o pulso da man esquerda e a direcci\u00f3n da casa de acollida. Ningu\u00e9n sabe agora onde est\u00e1. Nin o que acontecer\u00e1 co seu futuro. Tampouco se alg\u00fan d\u00eda recoller\u00e1 as medias, tan lindas, que deixou esquecidas no tendal.<\/p>\n<p style=\"text-align: justify;\">\n","protected":false},"excerpt":{"rendered":"<p>Mar\u00eda Xes\u00fas Blanco.\u00a0Eveline chegou de inc\u00f3gnito. Como o far\u00eda a personaxe principal nun libro de misterio. Ningu\u00e9n sabe onde est\u00e1. Nin as s\u00faas amizades. Tampouco a s\u00faa familia.\u00a0 Leva o cristal algo aberto para escoitar o son do vento que vai quedando atr\u00e1s.<\/p>\n","protected":false},"author":1,"featured_media":0,"comment_status":"open","ping_status":"closed","sticky":false,"template":"","format":"standard","meta":{"_bbp_topic_count":0,"_bbp_reply_count":0,"_bbp_total_topic_count":0,"_bbp_total_reply_count":0,"_bbp_voice_count":0,"_bbp_anonymous_reply_count":0,"_bbp_topic_count_hidden":0,"_bbp_reply_count_hidden":0,"_bbp_forum_subforum_count":0,"_exactmetrics_skip_tracking":false,"_exactmetrics_sitenote_active":false,"_exactmetrics_sitenote_note":"","_exactmetrics_sitenote_category":0,"_monsterinsights_skip_tracking":false,"_monsterinsights_sitenote_active":false,"_monsterinsights_sitenote_note":"","_monsterinsights_sitenote_category":0},"categories":[32,38,9],"tags":[],"aioseo_notices":[],"_links":{"self":[{"href":"http:\/\/cafebarbantia.barbantia.es\/index.php?rest_route=\/wp\/v2\/posts\/11515"}],"collection":[{"href":"http:\/\/cafebarbantia.barbantia.es\/index.php?rest_route=\/wp\/v2\/posts"}],"about":[{"href":"http:\/\/cafebarbantia.barbantia.es\/index.php?rest_route=\/wp\/v2\/types\/post"}],"author":[{"embeddable":true,"href":"http:\/\/cafebarbantia.barbantia.es\/index.php?rest_route=\/wp\/v2\/users\/1"}],"replies":[{"embeddable":true,"href":"http:\/\/cafebarbantia.barbantia.es\/index.php?rest_route=%2Fwp%2Fv2%2Fcomments&post=11515"}],"version-history":[{"count":3,"href":"http:\/\/cafebarbantia.barbantia.es\/index.php?rest_route=\/wp\/v2\/posts\/11515\/revisions"}],"predecessor-version":[{"id":11548,"href":"http:\/\/cafebarbantia.barbantia.es\/index.php?rest_route=\/wp\/v2\/posts\/11515\/revisions\/11548"}],"wp:attachment":[{"href":"http:\/\/cafebarbantia.barbantia.es\/index.php?rest_route=%2Fwp%2Fv2%2Fmedia&parent=11515"}],"wp:term":[{"taxonomy":"category","embeddable":true,"href":"http:\/\/cafebarbantia.barbantia.es\/index.php?rest_route=%2Fwp%2Fv2%2Fcategories&post=11515"},{"taxonomy":"post_tag","embeddable":true,"href":"http:\/\/cafebarbantia.barbantia.es\/index.php?rest_route=%2Fwp%2Fv2%2Ftags&post=11515"}],"curies":[{"name":"wp","href":"https:\/\/api.w.org\/{rel}","templated":true}]}}