{"id":1163,"date":"2014-05-08T06:37:18","date_gmt":"2014-05-08T06:37:18","guid":{"rendered":"http:\/\/cafebarbantia.barbantia.es\/?p=1163"},"modified":"2014-05-08T06:37:18","modified_gmt":"2014-05-08T06:37:18","slug":"as-outras-paisaxes","status":"publish","type":"post","link":"http:\/\/cafebarbantia.barbantia.es\/?p=1163","title":{"rendered":"As outras paisaxes"},"content":{"rendered":"<p style=\"text-align: justify;\"><em><strong><a href=\"http:\/\/cafebarbantia.barbantia.es\/wp-content\/uploads\/2014\/04\/pedro-as-outras-paisaxes.jpg\"><img decoding=\"async\" loading=\"lazy\" class=\"size-medium wp-image-1165 alignright\" alt=\"pedro as outras paisaxes\" src=\"http:\/\/cafebarbantia.barbantia.es\/wp-content\/uploads\/2014\/04\/pedro-as-outras-paisaxes-300x189.jpg\" width=\"300\" height=\"189\" srcset=\"http:\/\/cafebarbantia.barbantia.es\/wp-content\/uploads\/2014\/04\/pedro-as-outras-paisaxes-300x189.jpg 300w, http:\/\/cafebarbantia.barbantia.es\/wp-content\/uploads\/2014\/04\/pedro-as-outras-paisaxes.jpg 465w\" sizes=\"(max-width: 300px) 100vw, 300px\" \/><\/a>Pedro Garc\u00eda Vidal<\/strong><\/em>. Todos algunha vez tivemos esa sensaci\u00f3n de retorno a xeograf\u00edas recordadas percibindo un aroma, escoitando un son, degustando un sabor ou acariciando unha superficie que se torna familiar ou \u00edntima. Porque, a\u00ednda reco\u00f1ecendo o papel preponderante da vista na experiencia da paisaxe, non podemos esquecer as paisaxes sensoriais non visuais<!--more-->, ou xeograf\u00edas inducidas polo olfacto, o gusto, o o\u00eddo ou o tacto. Estes sentidos poden ser moito m\u00e1is potentes e inmediatos que o sentido da vista \u00e1 hora de vivir ou imaxinar unha paisaxe, e en especial os seus elementos ocultos:<\/p>\n<p style=\"text-align: justify;\"><span style=\"text-align: justify;\">O o\u00eddo, como radar a captar os sons singulares que dan m\u00fasica \u00e1s paisaxes, as xeograf\u00edas sonoras que definen territorios. No caso da paisaxe rural, por contraste coa cidade ruidosa, o trazo sonoro m\u00e1is frecuentemente destacado \u00e9 o silencio e a calma. Por\u00e9n, nas paisaxes non urbanas tam\u00e9n hai sons, sons varios, poderosos, espec\u00edficos e moi apreciables.<\/span><\/p>\n<p style=\"text-align: justify;\"><span style=\"text-align: justify;\">Ao medio sonoro contrib\u00faen os sons da natureza e os sons de orixe humana. Se o vento e a auga son as compo\u00f1entes da sinfon\u00eda da paisaxe, son igualmente de radical importancia os sons producidos polos animais, ese mundo de sons, esas paisaxes sonoras que enchen de m\u00fasicas o espazo. Estes son os sons de orixe vital, pero \u00e1 parte estar\u00edan aqueles producidos polos homes -pensemos, por exemplo, na importancia dos sons das camp\u00e1s no mundo rural- onde incluso a palabra queda presa no ba\u00fal dos recordos.<\/span><\/p>\n<p style=\"text-align: justify;\">O olfacto \u00e9 outro dos sentidos \u00e1 espreita, a captar aromas varios que colonizan a memoria de sensaci\u00f3ns perfumadas. Poucos sentidos como o olfacto son capaces de evocar con tanta fidelidade e precisi\u00f3n momentos e lugares vividos. A capacidade evocadora dos olores \u00e9 inmensa. Inesquecible El perfume, de Patrick S\u00fcskind, novela trasladada ao cine, onde se narra a vida de Jean-Baptiste, perfumista e asasino cuxa existencia est\u00e1 vencellada \u00e1 maxia das fragrancias e das esencias.<\/p>\n<p style=\"text-align: justify;\">O gusto \u00e9 o sentido a completar toda unha xeograf\u00eda de sabores que alegran o padal, para logo na ausencia, gozar do pracer daquelas agradables sensaci\u00f3ns gustativas.<\/p>\n<p style=\"text-align: justify;\">E o tacto, por \u00faltimo, ese enorme sentido tan desenvolvido nas persoas cegas, afeitas a ollar e ver nun mundo escuro para o resto dos mortais. Imaxes tocadas, apalpadas, nadas da fondura das tebras, froito dunha paciente concentraci\u00f3n sensorial que grava texturas diversas en contacto coa pel.<\/p>\n<p style=\"text-align: justify;\">Os aromas, sons, sabores e superficies forman parte da paisaxe igual que a forma e a cor. Na escola da contemplaci\u00f3n todos os sentidos deben estar \u00e1 espreita, \u00e1vidos de sensaci\u00f3ns novas a engrosar os arquivos da memoria. S\u00f3 coa permanente vixilia dos sentidos, penetraremos nos segredos m\u00e1is \u00edntimos dunha paisaxe, escrutando intensa e de vagar cada un dos factores que a conforman. Logo, na ausencia, esa xeograf\u00eda sentida, reco\u00f1ecida polos seus aromas, saboreada nas s\u00faas esencias, identificada polos seus sons ou polo contacto coa pel, ser\u00e1 aquela \u00e1 que por veces retornamos filtrada polo cristal do tempo. Son as paisaxes no fondo do espello das que fala o gran poeta Avil\u00e9s de Taramancos.<\/p>\n","protected":false},"excerpt":{"rendered":"<p>Pedro Garc\u00eda Vidal. Todos algunha vez tivemos esa sensaci\u00f3n de retorno a xeograf\u00edas recordadas percibindo un aroma, escoitando un son, degustando un sabor ou acariciando unha superficie que se torna familiar ou \u00edntima. Porque, a\u00ednda reco\u00f1ecendo o papel preponderante da vista na experiencia da paisaxe, non podemos esquecer as paisaxes sensoriais non visuais<\/p>\n","protected":false},"author":1,"featured_media":0,"comment_status":"open","ping_status":"closed","sticky":false,"template":"","format":"standard","meta":{"_bbp_topic_count":0,"_bbp_reply_count":0,"_bbp_total_topic_count":0,"_bbp_total_reply_count":0,"_bbp_voice_count":0,"_bbp_anonymous_reply_count":0,"_bbp_topic_count_hidden":0,"_bbp_reply_count_hidden":0,"_bbp_forum_subforum_count":0,"_exactmetrics_skip_tracking":false,"_exactmetrics_sitenote_active":false,"_exactmetrics_sitenote_note":"","_exactmetrics_sitenote_category":0,"_monsterinsights_skip_tracking":false,"_monsterinsights_sitenote_active":false,"_monsterinsights_sitenote_note":"","_monsterinsights_sitenote_category":0},"categories":[39,7,34],"tags":[],"aioseo_notices":[],"_links":{"self":[{"href":"http:\/\/cafebarbantia.barbantia.es\/index.php?rest_route=\/wp\/v2\/posts\/1163"}],"collection":[{"href":"http:\/\/cafebarbantia.barbantia.es\/index.php?rest_route=\/wp\/v2\/posts"}],"about":[{"href":"http:\/\/cafebarbantia.barbantia.es\/index.php?rest_route=\/wp\/v2\/types\/post"}],"author":[{"embeddable":true,"href":"http:\/\/cafebarbantia.barbantia.es\/index.php?rest_route=\/wp\/v2\/users\/1"}],"replies":[{"embeddable":true,"href":"http:\/\/cafebarbantia.barbantia.es\/index.php?rest_route=%2Fwp%2Fv2%2Fcomments&post=1163"}],"version-history":[{"count":4,"href":"http:\/\/cafebarbantia.barbantia.es\/index.php?rest_route=\/wp\/v2\/posts\/1163\/revisions"}],"predecessor-version":[{"id":1210,"href":"http:\/\/cafebarbantia.barbantia.es\/index.php?rest_route=\/wp\/v2\/posts\/1163\/revisions\/1210"}],"wp:attachment":[{"href":"http:\/\/cafebarbantia.barbantia.es\/index.php?rest_route=%2Fwp%2Fv2%2Fmedia&parent=1163"}],"wp:term":[{"taxonomy":"category","embeddable":true,"href":"http:\/\/cafebarbantia.barbantia.es\/index.php?rest_route=%2Fwp%2Fv2%2Fcategories&post=1163"},{"taxonomy":"post_tag","embeddable":true,"href":"http:\/\/cafebarbantia.barbantia.es\/index.php?rest_route=%2Fwp%2Fv2%2Ftags&post=1163"}],"curies":[{"name":"wp","href":"https:\/\/api.w.org\/{rel}","templated":true}]}}