{"id":11824,"date":"2020-02-19T06:00:43","date_gmt":"2020-02-19T06:00:43","guid":{"rendered":"http:\/\/cafebarbantia.barbantia.es\/?p=11824"},"modified":"2020-02-11T09:27:08","modified_gmt":"2020-02-11T09:27:08","slug":"os-cordons-dos-zapatos-de-steiner","status":"publish","type":"post","link":"http:\/\/cafebarbantia.barbantia.es\/?p=11824","title":{"rendered":"Os cord\u00f3ns dos zapatos de Steiner"},"content":{"rendered":"<p align=\"justify\"><span style=\"font-size: large;\"><span style=\"font-family: 'Times New Roman', serif;\"><em><strong><a href=\"http:\/\/cafebarbantia.barbantia.es\/wp-content\/uploads\/2020\/02\/hombre-atando-cordones-zapatos_53876-26144.jpg\"><img decoding=\"async\" loading=\"lazy\" class=\"alignright size-medium wp-image-11825\" alt=\"hombre-atando-cordones-zapatos_53876-26144\" src=\"http:\/\/cafebarbantia.barbantia.es\/wp-content\/uploads\/2020\/02\/hombre-atando-cordones-zapatos_53876-26144-300x199.jpg\" width=\"300\" height=\"199\" srcset=\"http:\/\/cafebarbantia.barbantia.es\/wp-content\/uploads\/2020\/02\/hombre-atando-cordones-zapatos_53876-26144-300x199.jpg 300w, http:\/\/cafebarbantia.barbantia.es\/wp-content\/uploads\/2020\/02\/hombre-atando-cordones-zapatos_53876-26144.jpg 626w\" sizes=\"(max-width: 300px) 100vw, 300px\" \/><\/a>Fidel Vidal.\u00a0<\/strong><\/em>A psicolox\u00eda evolutiva v\u00e9n ofrecendo distintas teor\u00edas ou modelos sobre o desenrolo do ser humano. Freud, desde o punto de vista psico-sexual, fala das fases oral, anal, f\u00e1lica, un per\u00edodo de latencia, para rematar coa fase xenital. <!--more-->Por outra banda, Piaget faino pensando nas facultades cognitivas, desde a intelixencia sensitivo-motriz at\u00e9 a derradeira capaz de operaci\u00f3ns formais ou abstractas. Ou Erikson, con estudos de orde psicosocial, quen describe etapas (con par\u00e1metros enfrontados) que abrangue unha vida enteira, desde a confianza\/desconfianza (na nenez), at\u00e9 a integridade\/desamparo (dos vellos), pasando, entre outras, pola de identidade\/confusi\u00f3n, subli\u00f1ando unha das s\u00faas contribuci\u00f3ns claves, a denominada <\/span><span style=\"font-family: 'Times New Roman', serif;\"><i>crise de identidade<\/i><\/span><span style=\"font-family: 'Times New Roman', serif;\"> propia dos adolescentes. <\/span><\/span><\/p>\n<p align=\"justify\"><span style=\"font-size: large;\"><span style=\"font-family: 'Times New Roman', serif;\">Sexa como for, o que nos trae hoxe son determinadas (e determinantes) condutas que nos marcan ou anuncian momentos cruciais das nosas vidas.<\/span><span style=\"font-family: 'Times New Roman', serif;\"> Po\u00f1o de exemplo un sucedido persoal. Dado a frecuentar as verbenas do ver\u00e1n, houbo unha secuencia que me fixo asentar ou sentar cabeza para mudar de rumbo. Sucedeu cando unha rapaza a quen quer\u00eda sacar a bailar contestoume con esta frase lapidaria: \u201cVaia bailar coas do seu tempo\u201d. A xuventude festeira rematara nese intre. Como tam\u00e9n eran importantes os impedimentos que \u00edan limitando as nosas habilidades: non ser quen de morder os dedos dos p\u00e9s ou, pola contra, alcanzar trancos de autonom\u00eda: non pedir para ir ao v\u00e1ter, vestirte sen axuda. <\/span><\/span><\/p>\n<p align=\"justify\"><span style=\"font-size: large;\"><span style=\"font-family: 'Times New Roman', serif;\">Ou nadar. O meu non foi un caso diferente ao dos amigos. Aprend\u00edn a nadar <\/span><span style=\"font-family: 'Times New Roman', serif;\"><i>de s\u00fapeto<\/i><\/span><span style=\"font-family: 'Times New Roman', serif;\">. Algu\u00e9n, nun descoido, chimp\u00e1bate no mar desde unha dorna: aboiabas ou afogabas. E a\u00ed estabas patexando como un canci\u00f1o, que tampouco necesitaban de monitores para se defenderen na auga. Despois vi\u00f1an as exhibici\u00f3ns de aguantar de \u201cresollo\u201d at\u00e9 quedar morado, ou os \u201cpicados\u201d desde o peirao diante das rapazas, que non fac\u00edan caso ning\u00fan. Co \u201cestir\u00f3n\u201d, xa con pelos nas pernas, anhelabas abandonar o pantal\u00f3n curto de rapaz para entrar na mocidade anunciada polo pantal\u00f3n longo. <a href=\"http:\/\/cafebarbantia.barbantia.es\/wp-content\/uploads\/2020\/02\/George_Steiner_2013_cropped.jpg\"><img decoding=\"async\" loading=\"lazy\" class=\"alignleft size-medium wp-image-11826\" alt=\"George_Steiner_2013_(cropped)\" src=\"http:\/\/cafebarbantia.barbantia.es\/wp-content\/uploads\/2020\/02\/George_Steiner_2013_cropped-243x300.jpg\" width=\"243\" height=\"300\" srcset=\"http:\/\/cafebarbantia.barbantia.es\/wp-content\/uploads\/2020\/02\/George_Steiner_2013_cropped-243x300.jpg 243w, http:\/\/cafebarbantia.barbantia.es\/wp-content\/uploads\/2020\/02\/George_Steiner_2013_cropped.jpg 564w\" sizes=\"(max-width: 243px) 100vw, 243px\" \/><\/a>Lembro sentir envexa polos que tocaban un instrumento, como daqueles capaces de asubiaren cos dedos, e non digamos dos virtuosos que s\u00f3 usaban o dedo pequeno. Andar en bicicleta supu\u00f1a unha aut\u00e9ntica aventura. E a\u00ed est\u00e1 o \u00e9xito de pedalear nun equilibrio prodixioso por debaixo da barra nunha bicicleta de adulto. Xa moci\u00f1o, unha das habilidades de certa fachenda estaba en saber facer o n\u00f3 da gravata. <\/span><\/span><\/p>\n<p align=\"justify\"><span style=\"font-size: large;\"><span style=\"font-family: 'Times New Roman', serif;\">Por iso resultoume altamente entra\u00f1able ler a \u201centrevista p\u00f3stuma\u201d de Geoge Steiner, a quen -mesmo pasando de Don Quijote- tanto debemos os afeccionados \u00e1 lectura e \u00e1 literatura (recomendamos <\/span><span style=\"font-family: 'Times New Roman', serif;\"><i>Steiner, no limiar dos 88 anos<\/i><\/span><span style=\"font-family: 'Times New Roman', serif;\">, de Gonzalo Trasbach, publicado neste mesmo Caf\u00e9). Ref\u00edrome a unha das confesi\u00f3ns ao seu amigo e transmisor da conversa, Nuccio Ordine, publicada no <\/span><span style=\"font-family: 'Times New Roman', serif;\"><i>Corriere della sera<\/i><\/span><span style=\"font-family: 'Times New Roman', serif;\">, e posteriormente traducida ao espa\u00f1ol en <\/span><span style=\"font-family: 'Times New Roman', serif;\"><i>El Pa\u00eds<\/i><\/span><span style=\"font-family: 'Times New Roman', serif;\">. Steiner morreu o 3 de febreiro deste 2020 con 90 anos convencido de que <\/span><span style=\"font-family: 'Times New Roman', serif;\"><i>despois<\/i><\/span><span style=\"font-family: 'Times New Roman', serif;\"> \u201cnon hai nada\u201d. E aproveitou ben os consellos que lle dera s\u00faa nai. \u201cA ela d\u00e9bolle que me animase a convivir de maneira frut\u00edfera coa mi\u00f1a discapacidade. De neno, para me facer reaccionar, dic\u00edame que a `dificultade\u00b4 era un `don\u00b4 divino. Ademais de librar do servizo militar, o meu defecto brindoume a oportunidade de aprender a mellorar, de intentar entender que sen esforzo non se consegue nada na vida. Un dos logros m\u00e1is fermosos da mi\u00f1a existencia foi cando consegu\u00edn atarme os cord\u00f3ns dos zapatos por primeira vez coa man impedida.\u201d<\/span><\/span><\/p>\n","protected":false},"excerpt":{"rendered":"<p>Fidel Vidal.\u00a0A psicolox\u00eda evolutiva v\u00e9n ofrecendo distintas teor\u00edas ou modelos sobre o desenrolo do ser humano. Freud, desde o punto de vista psico-sexual, fala das fases oral, anal, f\u00e1lica, un per\u00edodo de latencia, para rematar coa fase xenital.<\/p>\n","protected":false},"author":1,"featured_media":0,"comment_status":"open","ping_status":"closed","sticky":false,"template":"","format":"standard","meta":{"_bbp_topic_count":0,"_bbp_reply_count":0,"_bbp_total_topic_count":0,"_bbp_total_reply_count":0,"_bbp_voice_count":0,"_bbp_anonymous_reply_count":0,"_bbp_topic_count_hidden":0,"_bbp_reply_count_hidden":0,"_bbp_forum_subforum_count":0,"_exactmetrics_skip_tracking":false,"_exactmetrics_sitenote_active":false,"_exactmetrics_sitenote_note":"","_exactmetrics_sitenote_category":0,"_monsterinsights_skip_tracking":false,"_monsterinsights_sitenote_active":false,"_monsterinsights_sitenote_note":"","_monsterinsights_sitenote_category":0},"categories":[7,65],"tags":[],"aioseo_notices":[],"_links":{"self":[{"href":"http:\/\/cafebarbantia.barbantia.es\/index.php?rest_route=\/wp\/v2\/posts\/11824"}],"collection":[{"href":"http:\/\/cafebarbantia.barbantia.es\/index.php?rest_route=\/wp\/v2\/posts"}],"about":[{"href":"http:\/\/cafebarbantia.barbantia.es\/index.php?rest_route=\/wp\/v2\/types\/post"}],"author":[{"embeddable":true,"href":"http:\/\/cafebarbantia.barbantia.es\/index.php?rest_route=\/wp\/v2\/users\/1"}],"replies":[{"embeddable":true,"href":"http:\/\/cafebarbantia.barbantia.es\/index.php?rest_route=%2Fwp%2Fv2%2Fcomments&post=11824"}],"version-history":[{"count":1,"href":"http:\/\/cafebarbantia.barbantia.es\/index.php?rest_route=\/wp\/v2\/posts\/11824\/revisions"}],"predecessor-version":[{"id":11827,"href":"http:\/\/cafebarbantia.barbantia.es\/index.php?rest_route=\/wp\/v2\/posts\/11824\/revisions\/11827"}],"wp:attachment":[{"href":"http:\/\/cafebarbantia.barbantia.es\/index.php?rest_route=%2Fwp%2Fv2%2Fmedia&parent=11824"}],"wp:term":[{"taxonomy":"category","embeddable":true,"href":"http:\/\/cafebarbantia.barbantia.es\/index.php?rest_route=%2Fwp%2Fv2%2Fcategories&post=11824"},{"taxonomy":"post_tag","embeddable":true,"href":"http:\/\/cafebarbantia.barbantia.es\/index.php?rest_route=%2Fwp%2Fv2%2Ftags&post=11824"}],"curies":[{"name":"wp","href":"https:\/\/api.w.org\/{rel}","templated":true}]}}