{"id":11872,"date":"2020-03-20T06:00:45","date_gmt":"2020-03-20T06:00:45","guid":{"rendered":"http:\/\/cafebarbantia.barbantia.es\/?p=11872"},"modified":"2020-02-20T12:35:07","modified_gmt":"2020-02-20T12:35:07","slug":"a-nai-brasileira-de-thomas-mann","status":"publish","type":"post","link":"http:\/\/cafebarbantia.barbantia.es\/?p=11872","title":{"rendered":"A nai brasileira de Thomas Mann"},"content":{"rendered":"<p align=\"justify\"><span style=\"color: #333333;\"><span style=\"font-size: medium;\"><a href=\"http:\/\/cafebarbantia.barbantia.es\/wp-content\/uploads\/2020\/02\/10a.jpg\"><img decoding=\"async\" loading=\"lazy\" class=\"alignright size-medium wp-image-11873\" alt=\"10a\" src=\"http:\/\/cafebarbantia.barbantia.es\/wp-content\/uploads\/2020\/02\/10a-300x224.jpg\" width=\"300\" height=\"224\" srcset=\"http:\/\/cafebarbantia.barbantia.es\/wp-content\/uploads\/2020\/02\/10a-300x224.jpg 300w, http:\/\/cafebarbantia.barbantia.es\/wp-content\/uploads\/2020\/02\/10a-1024x767.jpg 1024w, http:\/\/cafebarbantia.barbantia.es\/wp-content\/uploads\/2020\/02\/10a-900x674.jpg 900w, http:\/\/cafebarbantia.barbantia.es\/wp-content\/uploads\/2020\/02\/10a.jpg 1299w\" sizes=\"(max-width: 300px) 100vw, 300px\" \/><\/a><strong><em>Xerardo AgraFoxo.\u00a0<\/em><\/strong>\u00c1 media tarde acud\u00edn \u00e1 oficina de informaci\u00f3n onde me atendeu Laise, unha moza morena e alegre, que escoitou con interese as informaci\u00f3ns que eu acadara sobre a vida de J\u00falia da Silva na rexi\u00f3n de Paraty. <\/span><\/span><\/p>\n<p align=\"justify\"><span style=\"color: #333333;\">\u2013<span style=\"font-size: medium;\">Existe a Fazenda Boa Vista?<\/span><\/span><\/p>\n<p align=\"justify\"><span style=\"color: #333333;\">\u2013<span style=\"font-size: medium;\">Si.<!--more--><\/span><\/span><\/p>\n<p align=\"justify\"><span style=\"color: #333333;\">\u2013<span style=\"font-size: medium;\">Hai alg\u00fan libro sobre ela?<\/span><\/span><\/p>\n<p align=\"justify\"><span style=\"color: #333333;\">\u2013<span style=\"font-size: medium;\">Infelizmente, non.<\/span><\/span><\/p>\n<p align=\"justify\"><span style=\"color: #333333;\">\u2013<span style=\"font-size: medium;\">Canto tempo residiu aqu\u00ed J\u00falia da Silva? <\/span><\/span><\/p>\n<p align=\"justify\"><span style=\"color: #333333;\">\u2013<span style=\"font-size: medium;\">Viviu aqu\u00ed ata os 8 anos, pero coido que en Paraty ningu\u00e9n sabe dela. <\/span><\/span><\/p>\n<p align=\"justify\"><span style=\"color: #333333;\">\u2013<span style=\"font-size: medium;\">Nada?<\/span><\/span><\/p>\n<p align=\"justify\"><span style=\"color: #333333;\"><a href=\"http:\/\/cafebarbantia.barbantia.es\/wp-content\/uploads\/2020\/02\/10b.jpg\"><img decoding=\"async\" loading=\"lazy\" class=\"alignleft size-medium wp-image-11874\" alt=\"10b\" src=\"http:\/\/cafebarbantia.barbantia.es\/wp-content\/uploads\/2020\/02\/10b-300x224.jpg\" width=\"300\" height=\"224\" srcset=\"http:\/\/cafebarbantia.barbantia.es\/wp-content\/uploads\/2020\/02\/10b-300x224.jpg 300w, http:\/\/cafebarbantia.barbantia.es\/wp-content\/uploads\/2020\/02\/10b-1024x767.jpg 1024w, http:\/\/cafebarbantia.barbantia.es\/wp-content\/uploads\/2020\/02\/10b-900x674.jpg 900w, http:\/\/cafebarbantia.barbantia.es\/wp-content\/uploads\/2020\/02\/10b.jpg 1299w\" sizes=\"(max-width: 300px) 100vw, 300px\" \/><\/a>\u2013<span style=\"font-size: medium;\">Case non temos recordos. Foi \u201cembora\u201d para Alema\u00f1a e agora ve\u00f1en moitos alem\u00e1ns preguntado por J\u00falia da Silva. Eles din que o car\u00e1cter melanc\u00f3lico de Thomas Mann obedece \u00e1s ra\u00edces da s\u00faa nai brasileira, que aparece reflectida nas principais obras do Premio Nobel.<\/span><\/span><\/p>\n<p align=\"justify\"><span style=\"color: #333333;\">\u2013<span style=\"font-size: medium;\">Ent\u00f3n&#8230;?<\/span><\/span><\/p>\n<p align=\"justify\"><span style=\"color: #333333;\">\u2013<span style=\"font-size: medium;\">Sent\u00edmolo moito. Houbo unha exposici\u00f3n sobre J\u00falia da Silva, pero non quedou nada dela. S\u00f3 Diuner Mello, un \u201cpesquisador\u201d da vila, lle pode dar m\u00e1is informaci\u00f3n.<\/span><\/span><\/p>\n","protected":false},"excerpt":{"rendered":"<p>Xerardo AgraFoxo.\u00a0\u00c1 media tarde acud\u00edn \u00e1 oficina de informaci\u00f3n onde me atendeu Laise, unha moza morena e alegre, que escoitou con interese as informaci\u00f3ns que eu acadara sobre a vida de J\u00falia da Silva na rexi\u00f3n de Paraty. \u2013Existe a Fazenda Boa Vista? \u2013Si.<\/p>\n","protected":false},"author":1,"featured_media":0,"comment_status":"open","ping_status":"closed","sticky":false,"template":"","format":"standard","meta":{"_bbp_topic_count":0,"_bbp_reply_count":0,"_bbp_total_topic_count":0,"_bbp_total_reply_count":0,"_bbp_voice_count":0,"_bbp_anonymous_reply_count":0,"_bbp_topic_count_hidden":0,"_bbp_reply_count_hidden":0,"_bbp_forum_subforum_count":0,"_exactmetrics_skip_tracking":false,"_exactmetrics_sitenote_active":false,"_exactmetrics_sitenote_note":"","_exactmetrics_sitenote_category":0,"_monsterinsights_skip_tracking":false,"_monsterinsights_sitenote_active":false,"_monsterinsights_sitenote_note":"","_monsterinsights_sitenote_category":0},"categories":[7,9,22,21],"tags":[],"aioseo_notices":[],"_links":{"self":[{"href":"http:\/\/cafebarbantia.barbantia.es\/index.php?rest_route=\/wp\/v2\/posts\/11872"}],"collection":[{"href":"http:\/\/cafebarbantia.barbantia.es\/index.php?rest_route=\/wp\/v2\/posts"}],"about":[{"href":"http:\/\/cafebarbantia.barbantia.es\/index.php?rest_route=\/wp\/v2\/types\/post"}],"author":[{"embeddable":true,"href":"http:\/\/cafebarbantia.barbantia.es\/index.php?rest_route=\/wp\/v2\/users\/1"}],"replies":[{"embeddable":true,"href":"http:\/\/cafebarbantia.barbantia.es\/index.php?rest_route=%2Fwp%2Fv2%2Fcomments&post=11872"}],"version-history":[{"count":1,"href":"http:\/\/cafebarbantia.barbantia.es\/index.php?rest_route=\/wp\/v2\/posts\/11872\/revisions"}],"predecessor-version":[{"id":11875,"href":"http:\/\/cafebarbantia.barbantia.es\/index.php?rest_route=\/wp\/v2\/posts\/11872\/revisions\/11875"}],"wp:attachment":[{"href":"http:\/\/cafebarbantia.barbantia.es\/index.php?rest_route=%2Fwp%2Fv2%2Fmedia&parent=11872"}],"wp:term":[{"taxonomy":"category","embeddable":true,"href":"http:\/\/cafebarbantia.barbantia.es\/index.php?rest_route=%2Fwp%2Fv2%2Fcategories&post=11872"},{"taxonomy":"post_tag","embeddable":true,"href":"http:\/\/cafebarbantia.barbantia.es\/index.php?rest_route=%2Fwp%2Fv2%2Ftags&post=11872"}],"curies":[{"name":"wp","href":"https:\/\/api.w.org\/{rel}","templated":true}]}}