{"id":11977,"date":"2020-04-07T06:00:56","date_gmt":"2020-04-07T06:00:56","guid":{"rendered":"http:\/\/cafebarbantia.barbantia.es\/?p=11977"},"modified":"2020-03-09T08:05:31","modified_gmt":"2020-03-09T08:05:31","slug":"falso","status":"publish","type":"post","link":"http:\/\/cafebarbantia.barbantia.es\/?p=11977","title":{"rendered":"Falso"},"content":{"rendered":"<p style=\"text-align: justify;\"><em><strong><a href=\"http:\/\/cafebarbantia.barbantia.es\/wp-content\/uploads\/2020\/03\/letra-dni.jpg\"><img decoding=\"async\" loading=\"lazy\" class=\"alignright size-medium wp-image-11978\" alt=\"letra-dni\" src=\"http:\/\/cafebarbantia.barbantia.es\/wp-content\/uploads\/2020\/03\/letra-dni-300x203.jpg\" width=\"300\" height=\"203\" srcset=\"http:\/\/cafebarbantia.barbantia.es\/wp-content\/uploads\/2020\/03\/letra-dni-300x203.jpg 300w, http:\/\/cafebarbantia.barbantia.es\/wp-content\/uploads\/2020\/03\/letra-dni.jpg 560w\" sizes=\"(max-width: 300px) 100vw, 300px\" \/><\/a>Mauricia Ces Quint\u00e1ns.\u00a0<\/strong><\/em>Agora me decato. Toda a vida celebrando o 19 de febreiro a mi\u00f1a onom\u00e1stica. No carn\u00e9 pon o 20, pero \u00e9 falso. Non o carn\u00e9, a data.\u00a0 Esa foi o d\u00eda que meu pai tivo tempo para me apuntar no Rexistro Civil e estaba o secretario do Xulgado.<!--more--><\/p>\n<p style=\"text-align: justify;\">Ata os 60, os 60 anos, esa foi a verdade. Con toda precisi\u00f3n, irrefutable. Un venres de semana, \u00e1s 11:00 horas por este fuso horario. Te\u00f1o comprobado: os que nacen en venres son alegres, divertidos e confiados. Coincid\u00eda. Ata agora. Agora xa non sabes\u2026 Igual era o subconsciente que mo ditaba. Xa me parec\u00eda raro\u2026 Eu era desconfiada. No fondo. Pero desconfiada. Ser\u00e1 a identidade galega, xogar ao desconf\u00edo, sen amosalo, ata que non quede mancha. Reservada.<\/p>\n<p style=\"text-align: justify;\">En cambio o oficial non ofrece d\u00fabida; \u00e9 a verdade. Mentres non se demostre o contrario, ou o consideren necesario. As probas e os documentos tam\u00e9n poden ser enganosos ou falsos\u2026 Pero facemos que vale.<\/p>\n<p style=\"text-align: justify;\">As\u00ed que un bo d\u00eda, o menos pensado, a unha boa hora, precisamente cando cumpro anos, mi\u00f1a nai cambia a versi\u00f3n. Non era as\u00ed, ela non o dixo; nunca foi tal. E ofr\u00e9ceme probas igual de irrefutables. Estarei equivocada?<\/p>\n<p style=\"text-align: justify;\">Ela est\u00e1 no certo. Os anos non hai quen mos quite. Pero con estas premisas serei desconfiada. A verdade \u00e9 m\u00f3bil. Todo pode ser falso\u2026<\/p>\n","protected":false},"excerpt":{"rendered":"<p>Mauricia Ces Quint\u00e1ns.\u00a0Agora me decato. Toda a vida celebrando o 19 de febreiro a mi\u00f1a onom\u00e1stica. No carn\u00e9 pon o 20, pero \u00e9 falso. Non o carn\u00e9, a data.\u00a0 Esa foi o d\u00eda que meu pai tivo tempo para me apuntar no Rexistro Civil e estaba o secretario do Xulgado.<\/p>\n","protected":false},"author":1,"featured_media":0,"comment_status":"open","ping_status":"closed","sticky":false,"template":"","format":"standard","meta":{"_bbp_topic_count":0,"_bbp_reply_count":0,"_bbp_total_topic_count":0,"_bbp_total_reply_count":0,"_bbp_voice_count":0,"_bbp_anonymous_reply_count":0,"_bbp_topic_count_hidden":0,"_bbp_reply_count_hidden":0,"_bbp_forum_subforum_count":0,"_exactmetrics_skip_tracking":false,"_exactmetrics_sitenote_active":false,"_exactmetrics_sitenote_note":"","_exactmetrics_sitenote_category":0,"_monsterinsights_skip_tracking":false,"_monsterinsights_sitenote_active":false,"_monsterinsights_sitenote_note":"","_monsterinsights_sitenote_category":0},"categories":[94,9],"tags":[],"aioseo_notices":[],"_links":{"self":[{"href":"http:\/\/cafebarbantia.barbantia.es\/index.php?rest_route=\/wp\/v2\/posts\/11977"}],"collection":[{"href":"http:\/\/cafebarbantia.barbantia.es\/index.php?rest_route=\/wp\/v2\/posts"}],"about":[{"href":"http:\/\/cafebarbantia.barbantia.es\/index.php?rest_route=\/wp\/v2\/types\/post"}],"author":[{"embeddable":true,"href":"http:\/\/cafebarbantia.barbantia.es\/index.php?rest_route=\/wp\/v2\/users\/1"}],"replies":[{"embeddable":true,"href":"http:\/\/cafebarbantia.barbantia.es\/index.php?rest_route=%2Fwp%2Fv2%2Fcomments&post=11977"}],"version-history":[{"count":1,"href":"http:\/\/cafebarbantia.barbantia.es\/index.php?rest_route=\/wp\/v2\/posts\/11977\/revisions"}],"predecessor-version":[{"id":11979,"href":"http:\/\/cafebarbantia.barbantia.es\/index.php?rest_route=\/wp\/v2\/posts\/11977\/revisions\/11979"}],"wp:attachment":[{"href":"http:\/\/cafebarbantia.barbantia.es\/index.php?rest_route=%2Fwp%2Fv2%2Fmedia&parent=11977"}],"wp:term":[{"taxonomy":"category","embeddable":true,"href":"http:\/\/cafebarbantia.barbantia.es\/index.php?rest_route=%2Fwp%2Fv2%2Fcategories&post=11977"},{"taxonomy":"post_tag","embeddable":true,"href":"http:\/\/cafebarbantia.barbantia.es\/index.php?rest_route=%2Fwp%2Fv2%2Ftags&post=11977"}],"curies":[{"name":"wp","href":"https:\/\/api.w.org\/{rel}","templated":true}]}}