{"id":12245,"date":"2020-06-18T06:00:35","date_gmt":"2020-06-18T06:00:35","guid":{"rendered":"http:\/\/cafebarbantia.barbantia.es\/?p=12245"},"modified":"2020-06-06T12:10:49","modified_gmt":"2020-06-06T12:10:49","slug":"galicia-e-os-galegos-na-poesia-castela-cxxxix-alvaro-mutis","status":"publish","type":"post","link":"http:\/\/cafebarbantia.barbantia.es\/?p=12245","title":{"rendered":"Galicia e os galegos na poes\u00eda castel\u00e1 CXXXIX. \u00c1lvaro Mutis"},"content":{"rendered":"<p style=\"text-align: justify;\"><i><b><a href=\"http:\/\/cafebarbantia.barbantia.es\/wp-content\/uploads\/2020\/06\/O0D6752.jpg\"><img decoding=\"async\" loading=\"lazy\" class=\"alignright size-medium wp-image-12253\" alt=\"_O0D6752\" src=\"http:\/\/cafebarbantia.barbantia.es\/wp-content\/uploads\/2020\/06\/O0D6752-300x200.jpg\" width=\"300\" height=\"200\" srcset=\"http:\/\/cafebarbantia.barbantia.es\/wp-content\/uploads\/2020\/06\/O0D6752-300x200.jpg 300w, http:\/\/cafebarbantia.barbantia.es\/wp-content\/uploads\/2020\/06\/O0D6752-1024x682.jpg 1024w, http:\/\/cafebarbantia.barbantia.es\/wp-content\/uploads\/2020\/06\/O0D6752-900x600.jpg 900w\" sizes=\"(max-width: 300px) 100vw, 300px\" \/><\/a>Rom\u00e1n Ar\u00e9n.<\/b><\/i>O colombiano \u00c1lvaro Mutis Jaramillo naceu en Bogot\u00e1 en 1923 e comezou a s\u00faa andaina como poeta vencellado \u00e1 revista &lt;Mito&gt;, para publicar o seu primeiro poemario, <i>La balanza, <\/i>en 1947, ao que seguir\u00eda <i>Los elementos del desastre <\/i>en 1953, onde aparece xa o personaxe que o fixo famoso, Maqroll el Gaviero.<!--more--> En 1960 publica <i>Los trabajos perdidos<\/i> e en 1973 a <i>Summa de Maqrol el Gaviero,<\/i> ano que \u00e9 tam\u00e9n o de seu comezo como narrador. En 1997 acadou o premio Pr\u00edncipe de Asturias e en 2001 o premio Cervantes. Co\u00f1eceu Galicia e o 27 de setembro de 2008, da man de Barbantia e o Pen Clube de Galicia estivo en Boiro, na casa de Cultura Ram\u00f3n Mart\u00ednez L\u00f3pez, na compa\u00f1a de Manuel Rivas, Gonzalo Navaza, Bieito Iglesias, Cami\u00f1o Noia e Lu\u00eds Gonz\u00e1lez Tosar, tras recibir o Premio Rosal\u00eda de Castro. Xantou cos socios de Barbantia e logo subiu ao monte Curota para contemplar a r\u00eda de Arousa. Home ledo e cordial, deixou grato recordo na nosa terra.<a href=\"http:\/\/cafebarbantia.barbantia.es\/wp-content\/uploads\/2020\/06\/Mutis-en-Boiro-V.jpg\"><img decoding=\"async\" loading=\"lazy\" class=\"alignleft size-medium wp-image-12254\" alt=\"Mutis en Boiro (V)\" src=\"http:\/\/cafebarbantia.barbantia.es\/wp-content\/uploads\/2020\/06\/Mutis-en-Boiro-V-300x225.jpg\" width=\"300\" height=\"225\" srcset=\"http:\/\/cafebarbantia.barbantia.es\/wp-content\/uploads\/2020\/06\/Mutis-en-Boiro-V-300x225.jpg 300w, http:\/\/cafebarbantia.barbantia.es\/wp-content\/uploads\/2020\/06\/Mutis-en-Boiro-V-1024x768.jpg 1024w, http:\/\/cafebarbantia.barbantia.es\/wp-content\/uploads\/2020\/06\/Mutis-en-Boiro-V-900x675.jpg 900w\" sizes=\"(max-width: 300px) 100vw, 300px\" \/><\/a> En 1994 dedicou a Cunqueiro o breve artigo \u201c\u00c1lvaro Cunqueiro\u201d, descubrimiento y asombro constante\u201d, onde di que o autor mindoniense \u201cse ha convertido en el \u00faltimo de mis cl\u00e1sicos secretos, el \u00faltimo escritor contempor\u00e1neo cuya lectura, meiados, cuando lo descubr\u00ed, mis sesenta a\u00f1os, se convirti\u00f3 en ese \u2018vicio impune\u2019 del que hablaba Valery Larbaud\u201d. Engade logo que \u201cCunqueiro pertenece a esa especie, cada d\u00eda m\u00e1s rara, del escritor que se inventa a s\u00ed mismo, cuya obra, hunde sus ra\u00edces en los m\u00e1s profundos veneros de nuestros mitos y de nuestra lengua\u201d.<\/p>\n<p style=\"text-align: justify;\">Tam\u00e9n Santiago o impresionou e \u00e1 cidade dedicou o poema \u201cNocturno en Compostela\u201d:<\/p>\n<p style=\"text-align: justify;\">Sobre la piedra constelada\/vela el Ap\u00f3stol.\/Listo para partir, la mano presta\/en su bast\u00f3n de peregrino,\/espera, con todo, por nosotros\/con paciencia de siglos.\u201d<\/p>\n","protected":false},"excerpt":{"rendered":"<p>Rom\u00e1n Ar\u00e9n.O colombiano \u00c1lvaro Mutis Jaramillo naceu en Bogot\u00e1 en 1923 e comezou a s\u00faa andaina como poeta vencellado \u00e1 revista &lt;Mito&gt;, para publicar o seu primeiro poemario, La balanza, en 1947, ao que seguir\u00eda Los elementos del desastre en 1953, onde aparece xa o personaxe que o fixo famoso, Maqroll el Gaviero.<\/p>\n","protected":false},"author":1,"featured_media":0,"comment_status":"open","ping_status":"closed","sticky":false,"template":"","format":"standard","meta":{"_bbp_topic_count":0,"_bbp_reply_count":0,"_bbp_total_topic_count":0,"_bbp_total_reply_count":0,"_bbp_voice_count":0,"_bbp_anonymous_reply_count":0,"_bbp_topic_count_hidden":0,"_bbp_reply_count_hidden":0,"_bbp_forum_subforum_count":0,"_exactmetrics_skip_tracking":false,"_exactmetrics_sitenote_active":false,"_exactmetrics_sitenote_note":"","_exactmetrics_sitenote_category":0,"_monsterinsights_skip_tracking":false,"_monsterinsights_sitenote_active":false,"_monsterinsights_sitenote_note":"","_monsterinsights_sitenote_category":0},"categories":[7,10,28],"tags":[],"aioseo_notices":[],"_links":{"self":[{"href":"http:\/\/cafebarbantia.barbantia.es\/index.php?rest_route=\/wp\/v2\/posts\/12245"}],"collection":[{"href":"http:\/\/cafebarbantia.barbantia.es\/index.php?rest_route=\/wp\/v2\/posts"}],"about":[{"href":"http:\/\/cafebarbantia.barbantia.es\/index.php?rest_route=\/wp\/v2\/types\/post"}],"author":[{"embeddable":true,"href":"http:\/\/cafebarbantia.barbantia.es\/index.php?rest_route=\/wp\/v2\/users\/1"}],"replies":[{"embeddable":true,"href":"http:\/\/cafebarbantia.barbantia.es\/index.php?rest_route=%2Fwp%2Fv2%2Fcomments&post=12245"}],"version-history":[{"count":2,"href":"http:\/\/cafebarbantia.barbantia.es\/index.php?rest_route=\/wp\/v2\/posts\/12245\/revisions"}],"predecessor-version":[{"id":12255,"href":"http:\/\/cafebarbantia.barbantia.es\/index.php?rest_route=\/wp\/v2\/posts\/12245\/revisions\/12255"}],"wp:attachment":[{"href":"http:\/\/cafebarbantia.barbantia.es\/index.php?rest_route=%2Fwp%2Fv2%2Fmedia&parent=12245"}],"wp:term":[{"taxonomy":"category","embeddable":true,"href":"http:\/\/cafebarbantia.barbantia.es\/index.php?rest_route=%2Fwp%2Fv2%2Fcategories&post=12245"},{"taxonomy":"post_tag","embeddable":true,"href":"http:\/\/cafebarbantia.barbantia.es\/index.php?rest_route=%2Fwp%2Fv2%2Ftags&post=12245"}],"curies":[{"name":"wp","href":"https:\/\/api.w.org\/{rel}","templated":true}]}}