{"id":12261,"date":"2020-06-20T06:00:29","date_gmt":"2020-06-20T06:00:29","guid":{"rendered":"http:\/\/cafebarbantia.barbantia.es\/?p=12261"},"modified":"2020-06-14T10:25:39","modified_gmt":"2020-06-14T10:25:39","slug":"carta-a-unha-nena","status":"publish","type":"post","link":"http:\/\/cafebarbantia.barbantia.es\/?p=12261","title":{"rendered":"Carta a unha nena"},"content":{"rendered":"<p style=\"text-align: justify;\"><em><strong><a href=\"http:\/\/cafebarbantia.barbantia.es\/wp-content\/uploads\/2020\/06\/pexels-photo-3818561.jpeg\"><img decoding=\"async\" loading=\"lazy\" class=\"alignright size-medium wp-image-12262\" alt=\"pexels-photo-3818561\" src=\"http:\/\/cafebarbantia.barbantia.es\/wp-content\/uploads\/2020\/06\/pexels-photo-3818561-300x200.jpeg\" width=\"300\" height=\"200\" srcset=\"http:\/\/cafebarbantia.barbantia.es\/wp-content\/uploads\/2020\/06\/pexels-photo-3818561-300x200.jpeg 300w, http:\/\/cafebarbantia.barbantia.es\/wp-content\/uploads\/2020\/06\/pexels-photo-3818561-1024x682.jpeg 1024w, http:\/\/cafebarbantia.barbantia.es\/wp-content\/uploads\/2020\/06\/pexels-photo-3818561-900x600.jpeg 900w\" sizes=\"(max-width: 300px) 100vw, 300px\" \/><\/a>Pilar Sampedro.\u00a0<\/strong><\/em>Ven, quero que entres comigo nun libro.<\/p>\n<p style=\"text-align: justify;\">Imos facelo petando na s\u00faa porta, pedindo permiso para que nos deixe abrilo. Ir m\u00e1is al\u00e1 da cuberta, onde apenas podemos ver o t\u00edtulo e os nomes de quen o escribiu e debuxou.<!--more--><\/p>\n<p style=\"text-align: justify;\">Cando un libro nos permite lelo, entramos nun mundo libre, no que todo \u00e9\u00a0 posible.<\/p>\n<p style=\"text-align: justify;\">Por iso, mentres agardamos que se despeche a porta, facemos boca anticip\u00e1ndonos. Con ese t\u00edtulo, seguramente penetremos a un territorio determinado. As persoas que colocan os nomes aos libros, contan con tempo para pensalo e non te\u00f1en compromisos anteriores para p\u00f3rlles o dos familiares. En todo caso, ese asunto arr\u00e1nxano dedic\u00e1ndolles o libro. A fulani\u00f1a por\u2026<\/p>\n<p style=\"text-align: justify;\">O libro \u00e9 outra cousa. Con ese nome podemos atopar\u2026 e xa imos creando n\u00f3s un mundo.<\/p>\n<p style=\"text-align: justify;\">A persoa que o escribiu ax\u00fadanos a imaxinalo pois cada autora, cada autor, m\u00f3vese por unha rexi\u00f3n determinada. A cada unha de n\u00f3s, g\u00fastanos m\u00e1is unha estaci\u00f3n do ano, uns lugares aos que fuxir cando queremos escapar da realidade. Para canto m\u00e1is eles, que te\u00f1en eses mundos ben definidos e debuxados. \u00c1s veces, na contracuberta adi\u00e1ntannos algunha informaci\u00f3n coa que xogamos para avanzar nesa creaci\u00f3n recreaci\u00f3n que tentamos.<\/p>\n<p style=\"text-align: justify;\"><a href=\"http:\/\/cafebarbantia.barbantia.es\/wp-content\/uploads\/2020\/06\/pexels-photo-3768122.jpeg\"><img decoding=\"async\" loading=\"lazy\" class=\"alignleft size-medium wp-image-12263\" alt=\"pexels-photo-3768122\" src=\"http:\/\/cafebarbantia.barbantia.es\/wp-content\/uploads\/2020\/06\/pexels-photo-3768122-300x247.jpeg\" width=\"300\" height=\"247\" srcset=\"http:\/\/cafebarbantia.barbantia.es\/wp-content\/uploads\/2020\/06\/pexels-photo-3768122-300x247.jpeg 300w, http:\/\/cafebarbantia.barbantia.es\/wp-content\/uploads\/2020\/06\/pexels-photo-3768122-1024x844.jpeg 1024w, http:\/\/cafebarbantia.barbantia.es\/wp-content\/uploads\/2020\/06\/pexels-photo-3768122-900x742.jpeg 900w, http:\/\/cafebarbantia.barbantia.es\/wp-content\/uploads\/2020\/06\/pexels-photo-3768122.jpeg 1818w\" sizes=\"(max-width: 300px) 100vw, 300px\" \/><\/a>Cando nos avisan de que podemos abrir o libro xa temos unha idea do que imos atopar, pero sempre sempre sempre sempre acaba por sorprendernos. A\u00ed est\u00e1 a maxia!<\/p>\n<p style=\"text-align: justify;\">Porque nese planeta que exploramos ao ler, est\u00e1 a irrealidade. O que \u00e9 posible s\u00f3 porque algu\u00e9n o pensa.<\/p>\n<p style=\"text-align: justify;\">Hai mundos propios dos libros aos que entramos ti e mais eu.<\/p>\n<p style=\"text-align: justify;\">Libros que nos levan a outros libros do pasado e todos forman parte dun universo especial no que os animais falan.<\/p>\n<p style=\"text-align: justify;\">E tam\u00e9n est\u00e1n habitados por aqueles outros seres que non son xente pero bolen por eses espazos da imaxinaci\u00f3n: mouros e mouras, fadas, trasnos, nubeiros, elfos, unicornios, oll\u00e1paros, xacias, sereas, encantos, lamias, lavandeiras, tardos, meigas, drag\u00f3ns e cocas, urcos, o home do saco e outros coc\u00f3ns coma o saca\u00fantos, biosbardos\u2026 Canto hai e cantos perigos se corren cando unha viaxa polos libros. Menos mal que sempre tes \u00e1 man amuletos e seres que te coidan, menos mal que nunca buscas tesouros que roubarlle a ningu\u00e9n e as\u00ed vas m\u00e1is tranquilo, menos mal que sempre podes volver da viaxe pechando o libro. Cando o pechas quedan a\u00ed, dentro, prisioneiros, cabreados porque pensaban que eras un bocado f\u00e1cil, pero non, ti est\u00e1s preparado para a expedici\u00f3n. Por iso, d\u00eda tras d\u00eda, avanzas ata conseguir rematar a historia e chegar ao fin: \u201cE color\u00edn colorado\u2026 este libro est\u00e1 rematado\u201d<\/p>\n<p style=\"text-align: justify;\">Cando comezaras o \u201c\u00c9rase unha vez\u201d nunca pensaras que \u00edas atopar tantas respostas, que \u00edas co\u00f1ecer tantos personaxes que xa te acompa\u00f1ar\u00e1n sempre, tantas paisaxes que est\u00e1n gardadas nese lugar da mente que che permitir\u00e1 volver sempre.<\/p>\n<p style=\"text-align: justify;\">Quedas con f\u00f3rmulas coma o abracadabra ou o \u00e1brete s\u00e9samo que che van permitir volver abrir portas, porque ti xa es unha viaxeira arriscada, coma Ulises, e coma el volves a \u00cdtaca, o teu pa\u00eds.<\/p>\n<p>&nbsp;<\/p>\n","protected":false},"excerpt":{"rendered":"<p>Pilar Sampedro.\u00a0Ven, quero que entres comigo nun libro. Imos facelo petando na s\u00faa porta, pedindo permiso para que nos deixe abrilo. Ir m\u00e1is al\u00e1 da cuberta, onde apenas podemos ver o t\u00edtulo e os nomes de quen o escribiu e debuxou.<\/p>\n","protected":false},"author":1,"featured_media":0,"comment_status":"open","ping_status":"closed","sticky":false,"template":"","format":"standard","meta":{"_bbp_topic_count":0,"_bbp_reply_count":0,"_bbp_total_topic_count":0,"_bbp_total_reply_count":0,"_bbp_voice_count":0,"_bbp_anonymous_reply_count":0,"_bbp_topic_count_hidden":0,"_bbp_reply_count_hidden":0,"_bbp_forum_subforum_count":0,"_exactmetrics_skip_tracking":false,"_exactmetrics_sitenote_active":false,"_exactmetrics_sitenote_note":"","_exactmetrics_sitenote_category":0,"_monsterinsights_skip_tracking":false,"_monsterinsights_sitenote_active":false,"_monsterinsights_sitenote_note":"","_monsterinsights_sitenote_category":0},"categories":[7,9,69],"tags":[],"aioseo_notices":[],"_links":{"self":[{"href":"http:\/\/cafebarbantia.barbantia.es\/index.php?rest_route=\/wp\/v2\/posts\/12261"}],"collection":[{"href":"http:\/\/cafebarbantia.barbantia.es\/index.php?rest_route=\/wp\/v2\/posts"}],"about":[{"href":"http:\/\/cafebarbantia.barbantia.es\/index.php?rest_route=\/wp\/v2\/types\/post"}],"author":[{"embeddable":true,"href":"http:\/\/cafebarbantia.barbantia.es\/index.php?rest_route=\/wp\/v2\/users\/1"}],"replies":[{"embeddable":true,"href":"http:\/\/cafebarbantia.barbantia.es\/index.php?rest_route=%2Fwp%2Fv2%2Fcomments&post=12261"}],"version-history":[{"count":1,"href":"http:\/\/cafebarbantia.barbantia.es\/index.php?rest_route=\/wp\/v2\/posts\/12261\/revisions"}],"predecessor-version":[{"id":12264,"href":"http:\/\/cafebarbantia.barbantia.es\/index.php?rest_route=\/wp\/v2\/posts\/12261\/revisions\/12264"}],"wp:attachment":[{"href":"http:\/\/cafebarbantia.barbantia.es\/index.php?rest_route=%2Fwp%2Fv2%2Fmedia&parent=12261"}],"wp:term":[{"taxonomy":"category","embeddable":true,"href":"http:\/\/cafebarbantia.barbantia.es\/index.php?rest_route=%2Fwp%2Fv2%2Fcategories&post=12261"},{"taxonomy":"post_tag","embeddable":true,"href":"http:\/\/cafebarbantia.barbantia.es\/index.php?rest_route=%2Fwp%2Fv2%2Ftags&post=12261"}],"curies":[{"name":"wp","href":"https:\/\/api.w.org\/{rel}","templated":true}]}}