{"id":12279,"date":"2020-06-16T06:00:46","date_gmt":"2020-06-16T06:00:46","guid":{"rendered":"http:\/\/cafebarbantia.barbantia.es\/?p=12279"},"modified":"2020-06-14T10:30:05","modified_gmt":"2020-06-14T10:30:05","slug":"outro-dia-calquera","status":"publish","type":"post","link":"http:\/\/cafebarbantia.barbantia.es\/?p=12279","title":{"rendered":"Outro d\u00eda calquera"},"content":{"rendered":"<p style=\"text-align: justify;\"><em><strong><a href=\"http:\/\/cafebarbantia.barbantia.es\/wp-content\/uploads\/2020\/06\/images.jpg\"><img decoding=\"async\" loading=\"lazy\" class=\"alignright size-full wp-image-12280\" alt=\"images\" src=\"http:\/\/cafebarbantia.barbantia.es\/wp-content\/uploads\/2020\/06\/images.jpg\" width=\"290\" height=\"174\" \/><\/a>Mauricia Ces Quint\u00e1ns.\u00a0<\/strong><\/em>\u2013Vai \u00e1 merda\u00a1 As\u00ed de claro.<\/p>\n<p style=\"text-align: justify;\">A traxedia v\u00edase vir. Unha b\u00f3la de billar fulminada polo tapete verde, dende tempo atr\u00e1s; dende o primeiro, seguramente. Incluso antes. Antes, cando a\u00ednda non estaba. Pero fac\u00eda as beiras. Daquela maneira. Como unha chama inflamada. <!--more-->Opositaba. Si, xa daquela dera mostras incontrovertibles de que pasar\u00eda por riba do aire. Estaba na s\u00faa natureza. Como a cor dos ollos, a pel eslamiada de fumar, a calor; e conxelar o espazo de todos coas vent\u00e1s de par en par, polo lombo, porque si; porque a s\u00faa mente imparable buscaba algo. E atop\u00e1bao. Por iso as p\u00edlulas de durmir non a saciaban. E se se lle po\u00f1\u00eda no corno que \u00eda calor, nin toda a auga do deserto pod\u00eda calmala.<\/p>\n<p style=\"text-align: justify;\">\u00a0\u00a0\u00a0\u00a0\u00a0\u00a0\u00a0\u00a0\u00a0\u00a0\u00a0 Pasaron os d\u00edas. Un tras do outro, como adoita suceder. As estaci\u00f3ns agora esvaecidas fuxiron como follas do calendario. Os meses deron paso aos anos. Existiron pequenos conatos de lapas incendiarias por ambas partes; leves enfrontamentos desencadearon tormentas de sarabia que deron paso a ciclox\u00e9neses explosivas cada vez m\u00e1is escuras e aireadas. Agora, si\u00a1\u00a1 Agora xa, chegado ao cumio, non \u00eda soportar m\u00e1is as intromisi\u00f3ns da xerala do cuartel sen mando, as ordes indiscriminadas, a voz imperativa e autoritaria, polas bravas. Nunca m\u00e1is\u00a1\u00a1 A partires dese intre, as estacas quedaron chantadas en cada linde da leira; inamovibles.<\/p>\n<p style=\"text-align: justify;\">\u00a0\u00a0\u00a0\u00a0\u00a0\u00a0\u00a0\u00a0\u00a0\u00a0\u00a0 \u2013\u00c1 merda vas ti, porque ti xa es merda\u00a1\u00a1<\/p>\n<p style=\"text-align: justify;\">Semellaba outro d\u00eda calquera no entorno laboral, dividido polo Covid 19 en compartimentos estancos de cristal temperado. Sucedeu sen pensar. Un xoves. \u00c1 media ma\u00f1\u00e1 soaron disparos.<\/p>\n","protected":false},"excerpt":{"rendered":"<p>Mauricia Ces Quint\u00e1ns.\u00a0\u2013Vai \u00e1 merda\u00a1 As\u00ed de claro. A traxedia v\u00edase vir. Unha b\u00f3la de billar fulminada polo tapete verde, dende tempo atr\u00e1s; dende o primeiro, seguramente. Incluso antes. Antes, cando a\u00ednda non estaba. Pero fac\u00eda as beiras. Daquela maneira. Como unha chama inflamada.<\/p>\n","protected":false},"author":1,"featured_media":0,"comment_status":"open","ping_status":"closed","sticky":false,"template":"","format":"standard","meta":{"_bbp_topic_count":0,"_bbp_reply_count":0,"_bbp_total_topic_count":0,"_bbp_total_reply_count":0,"_bbp_voice_count":0,"_bbp_anonymous_reply_count":0,"_bbp_topic_count_hidden":0,"_bbp_reply_count_hidden":0,"_bbp_forum_subforum_count":0,"_exactmetrics_skip_tracking":false,"_exactmetrics_sitenote_active":false,"_exactmetrics_sitenote_note":"","_exactmetrics_sitenote_category":0,"_monsterinsights_skip_tracking":false,"_monsterinsights_sitenote_active":false,"_monsterinsights_sitenote_note":"","_monsterinsights_sitenote_category":0},"categories":[94,9],"tags":[],"aioseo_notices":[],"_links":{"self":[{"href":"http:\/\/cafebarbantia.barbantia.es\/index.php?rest_route=\/wp\/v2\/posts\/12279"}],"collection":[{"href":"http:\/\/cafebarbantia.barbantia.es\/index.php?rest_route=\/wp\/v2\/posts"}],"about":[{"href":"http:\/\/cafebarbantia.barbantia.es\/index.php?rest_route=\/wp\/v2\/types\/post"}],"author":[{"embeddable":true,"href":"http:\/\/cafebarbantia.barbantia.es\/index.php?rest_route=\/wp\/v2\/users\/1"}],"replies":[{"embeddable":true,"href":"http:\/\/cafebarbantia.barbantia.es\/index.php?rest_route=%2Fwp%2Fv2%2Fcomments&post=12279"}],"version-history":[{"count":1,"href":"http:\/\/cafebarbantia.barbantia.es\/index.php?rest_route=\/wp\/v2\/posts\/12279\/revisions"}],"predecessor-version":[{"id":12281,"href":"http:\/\/cafebarbantia.barbantia.es\/index.php?rest_route=\/wp\/v2\/posts\/12279\/revisions\/12281"}],"wp:attachment":[{"href":"http:\/\/cafebarbantia.barbantia.es\/index.php?rest_route=%2Fwp%2Fv2%2Fmedia&parent=12279"}],"wp:term":[{"taxonomy":"category","embeddable":true,"href":"http:\/\/cafebarbantia.barbantia.es\/index.php?rest_route=%2Fwp%2Fv2%2Fcategories&post=12279"},{"taxonomy":"post_tag","embeddable":true,"href":"http:\/\/cafebarbantia.barbantia.es\/index.php?rest_route=%2Fwp%2Fv2%2Ftags&post=12279"}],"curies":[{"name":"wp","href":"https:\/\/api.w.org\/{rel}","templated":true}]}}