{"id":12289,"date":"2020-06-21T06:00:45","date_gmt":"2020-06-21T06:00:45","guid":{"rendered":"http:\/\/cafebarbantia.barbantia.es\/?p=12289"},"modified":"2020-06-17T14:27:53","modified_gmt":"2020-06-17T14:27:53","slug":"conversas-de-escaparate-almorzo-no-paraiso","status":"publish","type":"post","link":"http:\/\/cafebarbantia.barbantia.es\/?p=12289","title":{"rendered":"Conversas de escaparate. Almorzo no para\u00edso"},"content":{"rendered":"<p style=\"text-align: justify;\"><a href=\"http:\/\/cafebarbantia.barbantia.es\/wp-content\/uploads\/2020\/06\/maniqu\u00ed.jpg\"><img decoding=\"async\" loading=\"lazy\" class=\"alignleft size-medium wp-image-12290\" alt=\"maniqu\u00ed\" src=\"http:\/\/cafebarbantia.barbantia.es\/wp-content\/uploads\/2020\/06\/maniqu\u00ed-225x300.jpg\" width=\"225\" height=\"300\" srcset=\"http:\/\/cafebarbantia.barbantia.es\/wp-content\/uploads\/2020\/06\/maniqu\u00ed-225x300.jpg 225w, http:\/\/cafebarbantia.barbantia.es\/wp-content\/uploads\/2020\/06\/maniqu\u00ed-768x1024.jpg 768w, http:\/\/cafebarbantia.barbantia.es\/wp-content\/uploads\/2020\/06\/maniqu\u00ed-900x1200.jpg 900w\" sizes=\"(max-width: 225px) 100vw, 225px\" \/><\/a><em><strong>Fidel Vidal.\u00a0<\/strong><\/em>-A vida entre par\u00e9nteses. Vai para dous meses coa mesma roupa.<\/p>\n<p style=\"text-align: justify;\">-Os que somos de natureza limpa non precisamos mudarnos.<\/p>\n<p style=\"text-align: justify;\">-Natureza limpa\u2026 Non me fagas rir.<\/p>\n<p style=\"text-align: justify;\">-Loado sexa o Se\u00f1or. En mala hora me colocaron cabo t\u00faa.<\/p>\n<p style=\"text-align: justify;\">-Far\u00edas un bo cura. Dos de antes, dos de sotana. Sentar\u00edache que nin pintada.<!--more--><\/p>\n<p style=\"text-align: justify;\">-Mellor ca ti uns zapatos de tac\u00f3n de agulla.<\/p>\n<p style=\"text-align: justify;\">-Acredito. O conxunto ideal: sotana negra combinando cuns zapatos de char\u00f3n vermella con tac\u00f3ns de vertixe.<\/p>\n<p style=\"text-align: justify;\">-O que ti digas, cazador e comedor de r\u00e1s.<\/p>\n<p style=\"text-align: justify;\">-Recibir\u00edanche no ceo non a repique de camp\u00e1s sen\u00f3n con banda de m\u00fasica e media ducia de bombas de palenque.<\/p>\n<p style=\"text-align: justify;\"><a href=\"http:\/\/cafebarbantia.barbantia.es\/wp-content\/uploads\/2020\/06\/maniqu\u00ed2.jpg\"><img decoding=\"async\" loading=\"lazy\" class=\"alignright size-medium wp-image-12291\" alt=\"maniqu\u00ed2\" src=\"http:\/\/cafebarbantia.barbantia.es\/wp-content\/uploads\/2020\/06\/maniqu\u00ed2-225x300.jpg\" width=\"225\" height=\"300\" srcset=\"http:\/\/cafebarbantia.barbantia.es\/wp-content\/uploads\/2020\/06\/maniqu\u00ed2-225x300.jpg 225w, http:\/\/cafebarbantia.barbantia.es\/wp-content\/uploads\/2020\/06\/maniqu\u00ed2-768x1024.jpg 768w, http:\/\/cafebarbantia.barbantia.es\/wp-content\/uploads\/2020\/06\/maniqu\u00ed2-900x1200.jpg 900w\" sizes=\"(max-width: 225px) 100vw, 225px\" \/><\/a>-Falando de ceo. Antes de desaparecer gustar\u00edame ver o mar.<\/p>\n<p style=\"text-align: justify;\">-Nunca viches o mar?<\/p>\n<p style=\"text-align: justify;\">-Si que o vin, pero xa case nin me lembro ben del. V\u00e1iseme borrando como se me borrou a cara da mi\u00f1a noiva.<\/p>\n<p style=\"text-align: justify;\">-As\u00ed que tiveches noiva?<\/p>\n<p style=\"text-align: justify;\">-Non sentir\u00e1s celos?<\/p>\n<p style=\"text-align: justify;\">-Si, celos do mar. Tampouco eu desexo que se esqueza do meu rostro como eu non me esquezo do seu.<\/p>\n<p style=\"text-align: justify;\">-Xa estou escoitando o agarimo das ondas esvarando a modi\u00f1o na praia.<\/p>\n<p style=\"text-align: justify;\">-Tam\u00e9n eu as anhelo. As ondas do mar da nosa r\u00eda.<\/p>\n<p style=\"text-align: justify;\">-Conv\u00eddasme?<\/p>\n<p style=\"text-align: justify;\">-Est\u00e1s convidado. Se nos dan permiso, ma\u00f1\u00e1 mesmo almorzamos no para\u00edso.<\/p>\n<p>&nbsp;<\/p>\n<p>&nbsp;<\/p>\n","protected":false},"excerpt":{"rendered":"<p>Fidel Vidal.\u00a0-A vida entre par\u00e9nteses. Vai para dous meses coa mesma roupa. -Os que somos de natureza limpa non precisamos mudarnos. -Natureza limpa\u2026 Non me fagas rir. -Loado sexa o Se\u00f1or. En mala hora me colocaron cabo t\u00faa. -Far\u00edas un bo cura. Dos de antes, dos de sotana. Sentar\u00edache que nin pintada.<\/p>\n","protected":false},"author":1,"featured_media":0,"comment_status":"open","ping_status":"closed","sticky":false,"template":"","format":"standard","meta":{"_bbp_topic_count":0,"_bbp_reply_count":0,"_bbp_total_topic_count":0,"_bbp_total_reply_count":0,"_bbp_voice_count":0,"_bbp_anonymous_reply_count":0,"_bbp_topic_count_hidden":0,"_bbp_reply_count_hidden":0,"_bbp_forum_subforum_count":0,"_exactmetrics_skip_tracking":false,"_exactmetrics_sitenote_active":false,"_exactmetrics_sitenote_note":"","_exactmetrics_sitenote_category":0,"_monsterinsights_skip_tracking":false,"_monsterinsights_sitenote_active":false,"_monsterinsights_sitenote_note":"","_monsterinsights_sitenote_category":0},"categories":[65,9],"tags":[],"aioseo_notices":[],"_links":{"self":[{"href":"http:\/\/cafebarbantia.barbantia.es\/index.php?rest_route=\/wp\/v2\/posts\/12289"}],"collection":[{"href":"http:\/\/cafebarbantia.barbantia.es\/index.php?rest_route=\/wp\/v2\/posts"}],"about":[{"href":"http:\/\/cafebarbantia.barbantia.es\/index.php?rest_route=\/wp\/v2\/types\/post"}],"author":[{"embeddable":true,"href":"http:\/\/cafebarbantia.barbantia.es\/index.php?rest_route=\/wp\/v2\/users\/1"}],"replies":[{"embeddable":true,"href":"http:\/\/cafebarbantia.barbantia.es\/index.php?rest_route=%2Fwp%2Fv2%2Fcomments&post=12289"}],"version-history":[{"count":1,"href":"http:\/\/cafebarbantia.barbantia.es\/index.php?rest_route=\/wp\/v2\/posts\/12289\/revisions"}],"predecessor-version":[{"id":12292,"href":"http:\/\/cafebarbantia.barbantia.es\/index.php?rest_route=\/wp\/v2\/posts\/12289\/revisions\/12292"}],"wp:attachment":[{"href":"http:\/\/cafebarbantia.barbantia.es\/index.php?rest_route=%2Fwp%2Fv2%2Fmedia&parent=12289"}],"wp:term":[{"taxonomy":"category","embeddable":true,"href":"http:\/\/cafebarbantia.barbantia.es\/index.php?rest_route=%2Fwp%2Fv2%2Fcategories&post=12289"},{"taxonomy":"post_tag","embeddable":true,"href":"http:\/\/cafebarbantia.barbantia.es\/index.php?rest_route=%2Fwp%2Fv2%2Ftags&post=12289"}],"curies":[{"name":"wp","href":"https:\/\/api.w.org\/{rel}","templated":true}]}}