{"id":12293,"date":"2020-06-22T06:00:49","date_gmt":"2020-06-22T06:00:49","guid":{"rendered":"http:\/\/cafebarbantia.barbantia.es\/?p=12293"},"modified":"2020-06-22T08:45:22","modified_gmt":"2020-06-22T08:45:22","slug":"conxumidores-bolxeviques","status":"publish","type":"post","link":"http:\/\/cafebarbantia.barbantia.es\/?p=12293","title":{"rendered":"Consumidores bolxeviques"},"content":{"rendered":"<p style=\"text-align: justify;\"><a href=\"http:\/\/cafebarbantia.barbantia.es\/wp-content\/uploads\/2020\/06\/descarga.jpg\"><img decoding=\"async\" loading=\"lazy\" class=\"alignright size-full wp-image-12294\" alt=\"descarga\" src=\"http:\/\/cafebarbantia.barbantia.es\/wp-content\/uploads\/2020\/06\/descarga.jpg\" width=\"300\" height=\"168\" \/><\/a><em><strong>X. Ricardo Losada.\u00a0<\/strong><\/em>Nunca me molestou, pero agora comeza a molestarme, e vou aproveitar esta tribuna para protestar. Non me parece ben que cada vez que se quere representar un vello, sobre todo nas ilustraci\u00f3ns para nenos, se representen con moita calva e pouco pelo e, por riba, pelo branco. <!--more-->Hai persoas, como un servidor, que temos esas d\u00faas caracter\u00edsticas pero a\u00ednda non somos vellos, nin no sentido cronol\u00f3xico (non chegamos nin aos sesenta) nin, moito menos, no sentido mental (levant\u00e1monos todos os d\u00edas con moitas ganas de vivir e de facer cousas novidosas).<\/p>\n<p style=\"text-align: justify;\">\u00a0\u00a0\u00a0\u00a0 Non vou ser eu, desde logo, quen lles diga a ilustradores e debuxantes como te\u00f1en que representar os vellos. Nin os vou ameazar cunha demanda xudicial que, de seguro, ga\u00f1ar\u00eda. Por\u00edalla, sen dubidalo, se os responsables fosen unha multinacional ou un fillo de pap\u00e1, pero \u00e9 evidente que os ilustradores dos libros que, por suposto, te\u00f1en a mi\u00f1a admiraci\u00f3n, non est\u00e1n para perder un xu\u00edzo que, nun caso de tal gravidade, os obrigar\u00eda a pagar indemnizaci\u00f3ns similares \u00e1s que lles pagan as tabaqueiras aos enfermos do pulm\u00f3n. Se vos parece esaxerado, pensade que os tipos canosos e con pouco pelo, que somos lexi\u00f3n, vivimos nun constante estado de s\u00edndrome postraum\u00e1tico, pois os espellos est\u00e1n dese\u00f1ados para reflectir o canon de beleza de cada sociedade. E a\u00ednda m\u00e1is. Ter\u00edan que indemnizarnos pola gran cantidade de tinte e de crecepelo que nos vemos obrigados a comprar.<\/p>\n<p style=\"text-align: justify;\"><a href=\"http:\/\/cafebarbantia.barbantia.es\/wp-content\/uploads\/2020\/06\/1coquits.jpg\"><img decoding=\"async\" loading=\"lazy\" class=\"alignleft size-medium wp-image-12295\" alt=\"1coquits\" src=\"http:\/\/cafebarbantia.barbantia.es\/wp-content\/uploads\/2020\/06\/1coquits-300x189.jpg\" width=\"300\" height=\"189\" srcset=\"http:\/\/cafebarbantia.barbantia.es\/wp-content\/uploads\/2020\/06\/1coquits-300x189.jpg 300w, http:\/\/cafebarbantia.barbantia.es\/wp-content\/uploads\/2020\/06\/1coquits-900x567.jpg 900w, http:\/\/cafebarbantia.barbantia.es\/wp-content\/uploads\/2020\/06\/1coquits.jpg 1000w\" sizes=\"(max-width: 300px) 100vw, 300px\" \/><\/a>\u00a0\u00a0\u00a0\u00a0 Non o tomedes a chanza. A principio dos anos 80, cando a\u00ednda non ti\u00f1an televisi\u00f3n, nas illas Fidji o modelo de beleza feminino era o dunha muller <i>gordechi\u00f1a<\/i> e repoluda, de formas redondeadas, tal e como foi en Occidente noutras \u00e9pocas. Dicir que eras papudi\u00f1a tom\u00e1base como un afago. Cando a mediados desa d\u00e9cada apareceu a televisi\u00f3n, con predominio de series norteamericanas, o modelo de beleza comezou a cambiar e, dez anos despois, era o mesmo, 90-60-90, que en Occidente, d\u00e1ndose os primeiros casos de anorexia e bulimia da s\u00faa historia. Non digo, nin moito menos, que sexa o mesmo, e case me d\u00e1 vergonza utilizar os dous casos nun texto coma este. S\u00f3 quero ilustrar a influencia das imaxes reiteradas na creaci\u00f3n de prexu\u00edzos. Como dixo Giorgy Piatakov, se o Partido o esixe, un aut\u00e9ntico bolxevique est\u00e1 disposto a crer que o negro \u00e9 branco, e o branco, negro. No caso que nos ocupa, se a sociedade capitalista o esixe, o aut\u00e9ntico consumidor est\u00e1 disposto a crer que o calvo e encanecido \u00e9 vello, e o vello, calvo e encanecido.<\/p>\n","protected":false},"excerpt":{"rendered":"<p>X. Ricardo Losada.\u00a0Nunca me molestou, pero agora comeza a molestarme, e vou aproveitar esta tribuna para protestar. Non me parece ben que cada vez que se quere representar un vello, sobre todo nas ilustraci\u00f3ns para nenos, se representen con moita calva e pouco pelo e, por riba, pelo branco.<\/p>\n","protected":false},"author":1,"featured_media":0,"comment_status":"open","ping_status":"closed","sticky":false,"template":"","format":"standard","meta":{"_bbp_topic_count":0,"_bbp_reply_count":0,"_bbp_total_topic_count":0,"_bbp_total_reply_count":0,"_bbp_voice_count":0,"_bbp_anonymous_reply_count":0,"_bbp_topic_count_hidden":0,"_bbp_reply_count_hidden":0,"_bbp_forum_subforum_count":0,"_exactmetrics_skip_tracking":false,"_exactmetrics_sitenote_active":false,"_exactmetrics_sitenote_note":"","_exactmetrics_sitenote_category":0,"_monsterinsights_skip_tracking":false,"_monsterinsights_sitenote_active":false,"_monsterinsights_sitenote_note":"","_monsterinsights_sitenote_category":0},"categories":[7,9,26],"tags":[],"aioseo_notices":[],"_links":{"self":[{"href":"http:\/\/cafebarbantia.barbantia.es\/index.php?rest_route=\/wp\/v2\/posts\/12293"}],"collection":[{"href":"http:\/\/cafebarbantia.barbantia.es\/index.php?rest_route=\/wp\/v2\/posts"}],"about":[{"href":"http:\/\/cafebarbantia.barbantia.es\/index.php?rest_route=\/wp\/v2\/types\/post"}],"author":[{"embeddable":true,"href":"http:\/\/cafebarbantia.barbantia.es\/index.php?rest_route=\/wp\/v2\/users\/1"}],"replies":[{"embeddable":true,"href":"http:\/\/cafebarbantia.barbantia.es\/index.php?rest_route=%2Fwp%2Fv2%2Fcomments&post=12293"}],"version-history":[{"count":2,"href":"http:\/\/cafebarbantia.barbantia.es\/index.php?rest_route=\/wp\/v2\/posts\/12293\/revisions"}],"predecessor-version":[{"id":12302,"href":"http:\/\/cafebarbantia.barbantia.es\/index.php?rest_route=\/wp\/v2\/posts\/12293\/revisions\/12302"}],"wp:attachment":[{"href":"http:\/\/cafebarbantia.barbantia.es\/index.php?rest_route=%2Fwp%2Fv2%2Fmedia&parent=12293"}],"wp:term":[{"taxonomy":"category","embeddable":true,"href":"http:\/\/cafebarbantia.barbantia.es\/index.php?rest_route=%2Fwp%2Fv2%2Fcategories&post=12293"},{"taxonomy":"post_tag","embeddable":true,"href":"http:\/\/cafebarbantia.barbantia.es\/index.php?rest_route=%2Fwp%2Fv2%2Ftags&post=12293"}],"curies":[{"name":"wp","href":"https:\/\/api.w.org\/{rel}","templated":true}]}}