{"id":12306,"date":"2020-09-10T06:00:28","date_gmt":"2020-09-10T06:00:28","guid":{"rendered":"http:\/\/cafebarbantia.barbantia.es\/?p=12306"},"modified":"2020-08-21T07:16:10","modified_gmt":"2020-08-21T07:16:10","slug":"a-cousa-comun","status":"publish","type":"post","link":"http:\/\/cafebarbantia.barbantia.es\/?p=12306","title":{"rendered":"A cousa com\u00fan"},"content":{"rendered":"<p style=\"text-align: justify;\"><em><strong><a href=\"http:\/\/cafebarbantia.barbantia.es\/wp-content\/uploads\/2020\/06\/dividing-house.jpg\"><img decoding=\"async\" loading=\"lazy\" class=\"size-medium wp-image-12307 alignright\" alt=\"dividing-house\" src=\"http:\/\/cafebarbantia.barbantia.es\/wp-content\/uploads\/2020\/06\/dividing-house-300x225.jpg\" width=\"300\" height=\"225\" srcset=\"http:\/\/cafebarbantia.barbantia.es\/wp-content\/uploads\/2020\/06\/dividing-house-300x225.jpg 300w, http:\/\/cafebarbantia.barbantia.es\/wp-content\/uploads\/2020\/06\/dividing-house.jpg 400w\" sizes=\"(max-width: 300px) 100vw, 300px\" \/><\/a>Marina Losada Vicente.\u00a0<\/strong><\/em>Era o tema do d\u00eda, da semana e ameazaba con ser o tema do mes. A cousa \u00eda para tempo. O concello proxectaba abrir unha r\u00faa que atravesaba un campo bald\u00edo ao que daban casas que ti\u00f1an esa zona como patio in diviso, am\u00e9n de pequenas fincas de propiedade m\u00faltiple dado o car\u00e1cter miniparcelar ao uso.<!--more--> En tempos chegaron a dividirse casas ao medio, por herdanza de varios irm\u00e1ns, que abriron portas no que eran vent\u00e1s para facer entrada, sen encomendarse a permiso alg\u00fan.<\/p>\n<p style=\"text-align: justify;\">Carmenci\u00f1a escoitaba anoxada como a veci\u00f1a se queixaba de que lle levaban d\u00faas cuncas de terra. Anoxada \u00e9 pouco. Do\u00edda. Nun arrebato digno de ser gravado, levantou a voz para eloxiar a obra p\u00fablica. Palabras como o ben com\u00fan, pensar no futuro, deixar atr\u00e1s concepci\u00f3ns arcaicas da propiedade. Parec\u00eda comunista a muller. Defendeu o dereito da maior\u00eda en contra dos intereses privados. Boa ser\u00eda se non. Nin escolas, nin estradas, nin hospitais\u2026 ter\u00edan lugar ante a actitude de persoas que cualificou de \u201dinc\u00edvicas\u201d.<\/p>\n<p style=\"text-align: justify;\">Uns d\u00edas despois presentouse ante min cunha carta da Deputaci\u00f3n, Servizo de Patrimonio e Contrataci\u00f3n, dirixida aos herdeiros de Palleiro sen Palla -aplico aqu\u00ed a lei de protecci\u00f3n de datos-, como propietarios dunha leira afectada polo expediente de expropiaci\u00f3n forzosa, por causa de utilidade p\u00fablica, que se levar\u00e1n a cabo entre a Leira de Arriba e a Leira de Abaixo -volvo ampararme na lei de protecci\u00f3n de datos, tan recorrida nos \u00faltimos tempos.<\/p>\n<p style=\"text-align: justify;\">En canto coll\u00edn o requerimento xa sab\u00eda eu de sobra de que \u00eda, por todos os demais que xa ti\u00f1a visto aqueles d\u00edas, mais Carmencita non ti\u00f1a nin idea de que se trataba. Unha vez que lle expliquei o contido, dixo que era un erro, que non ti\u00f1an propiedade algunha nesa zona. Aclarado que o se\u00f1or Palleiro sen Palla era o finado de seu av\u00f3, recomendeille que o falase na casa. Uns d\u00edas despois presentouse moi chea de raz\u00f3n coa carta.<\/p>\n<p style=\"text-align: justify;\">-Mira ti que cousas -dixo-, mam\u00e1 xamais falou desa cunca de terra que herdara o av\u00f3 dunha t\u00eda s\u00faa. Faime rapidamente un prego de descarga -foi como lle chamou ao recurso de reposici\u00f3n-, non vaian pensar \u201ceses\u201d que van quedar con algo que \u00e9 da nosa familia.<\/p>\n","protected":false},"excerpt":{"rendered":"<p>Marina Losada Vicente.\u00a0Era o tema do d\u00eda, da semana e ameazaba con ser o tema do mes. A cousa \u00eda para tempo. O concello proxectaba abrir unha r\u00faa que atravesaba un campo bald\u00edo ao que daban casas que ti\u00f1an esa zona como patio in diviso, am\u00e9n de pequenas fincas de propiedade m\u00faltiple dado o car\u00e1cter &hellip; <a href=\"http:\/\/cafebarbantia.barbantia.es\/?p=12306\" class=\"more-link\">Seguir lendo <span class=\"screen-reader-text\">A cousa com\u00fan<\/span> <span class=\"meta-nav\">&rarr;<\/span><\/a><\/p>\n","protected":false},"author":1,"featured_media":0,"comment_status":"open","ping_status":"closed","sticky":false,"template":"","format":"standard","meta":{"_bbp_topic_count":0,"_bbp_reply_count":0,"_bbp_total_topic_count":0,"_bbp_total_reply_count":0,"_bbp_voice_count":0,"_bbp_anonymous_reply_count":0,"_bbp_topic_count_hidden":0,"_bbp_reply_count_hidden":0,"_bbp_forum_subforum_count":0,"_exactmetrics_skip_tracking":false,"_exactmetrics_sitenote_active":false,"_exactmetrics_sitenote_note":"","_exactmetrics_sitenote_category":0,"_monsterinsights_skip_tracking":false,"_monsterinsights_sitenote_active":false,"_monsterinsights_sitenote_note":"","_monsterinsights_sitenote_category":0},"categories":[73,9],"tags":[],"aioseo_notices":[],"_links":{"self":[{"href":"http:\/\/cafebarbantia.barbantia.es\/index.php?rest_route=\/wp\/v2\/posts\/12306"}],"collection":[{"href":"http:\/\/cafebarbantia.barbantia.es\/index.php?rest_route=\/wp\/v2\/posts"}],"about":[{"href":"http:\/\/cafebarbantia.barbantia.es\/index.php?rest_route=\/wp\/v2\/types\/post"}],"author":[{"embeddable":true,"href":"http:\/\/cafebarbantia.barbantia.es\/index.php?rest_route=\/wp\/v2\/users\/1"}],"replies":[{"embeddable":true,"href":"http:\/\/cafebarbantia.barbantia.es\/index.php?rest_route=%2Fwp%2Fv2%2Fcomments&post=12306"}],"version-history":[{"count":2,"href":"http:\/\/cafebarbantia.barbantia.es\/index.php?rest_route=\/wp\/v2\/posts\/12306\/revisions"}],"predecessor-version":[{"id":12428,"href":"http:\/\/cafebarbantia.barbantia.es\/index.php?rest_route=\/wp\/v2\/posts\/12306\/revisions\/12428"}],"wp:attachment":[{"href":"http:\/\/cafebarbantia.barbantia.es\/index.php?rest_route=%2Fwp%2Fv2%2Fmedia&parent=12306"}],"wp:term":[{"taxonomy":"category","embeddable":true,"href":"http:\/\/cafebarbantia.barbantia.es\/index.php?rest_route=%2Fwp%2Fv2%2Fcategories&post=12306"},{"taxonomy":"post_tag","embeddable":true,"href":"http:\/\/cafebarbantia.barbantia.es\/index.php?rest_route=%2Fwp%2Fv2%2Ftags&post=12306"}],"curies":[{"name":"wp","href":"https:\/\/api.w.org\/{rel}","templated":true}]}}