{"id":12309,"date":"2020-06-23T06:00:26","date_gmt":"2020-06-23T06:00:26","guid":{"rendered":"http:\/\/cafebarbantia.barbantia.es\/?p=12309"},"modified":"2020-06-22T21:22:21","modified_gmt":"2020-06-22T21:22:21","slug":"mais-pantalleo-e-menos-postureo","status":"publish","type":"post","link":"http:\/\/cafebarbantia.barbantia.es\/?p=12309","title":{"rendered":"M\u00e1is pantalleo e menos postureo"},"content":{"rendered":"<p style=\"text-align: justify;\"><a href=\"http:\/\/cafebarbantia.barbantia.es\/wp-content\/uploads\/2020\/06\/pexels-photo-3779770.jpeg\"><img decoding=\"async\" loading=\"lazy\" class=\"alignleft size-medium wp-image-12310\" alt=\"pexels-photo-3779770\" src=\"http:\/\/cafebarbantia.barbantia.es\/wp-content\/uploads\/2020\/06\/pexels-photo-3779770-300x248.jpeg\" width=\"300\" height=\"248\" srcset=\"http:\/\/cafebarbantia.barbantia.es\/wp-content\/uploads\/2020\/06\/pexels-photo-3779770-300x248.jpeg 300w, http:\/\/cafebarbantia.barbantia.es\/wp-content\/uploads\/2020\/06\/pexels-photo-3779770-1024x848.jpeg 1024w, http:\/\/cafebarbantia.barbantia.es\/wp-content\/uploads\/2020\/06\/pexels-photo-3779770-900x745.jpeg 900w, http:\/\/cafebarbantia.barbantia.es\/wp-content\/uploads\/2020\/06\/pexels-photo-3779770.jpeg 1811w\" sizes=\"(max-width: 300px) 100vw, 300px\" \/><\/a><em><strong>\u00d3scar Reboiras.\u00a0<\/strong><\/em>A mi\u00f1a nai adoita coller o autob\u00fas de li\u00f1a. Non ten coche, polo que cando precisa facer un recado a Rianxo, ir \u00e1 piscina ou visitar o m\u00e9dico, vai ata a parada que hai na aldea. Parada \u00e9 moito dicir, porque non existe nin marquesi\u00f1a nin alg\u00fan indicativo. \u00c9 simplemente un cruce no que para o bus e listo.\u00a0O caso \u00e9 que, durante as esperas, tam\u00e9n se aburre. A mi\u00f1a nai \u00e9 de chegar con tempo.<!--more--> O problema \u00e9 que no rural o transporte p\u00fablico tam\u00e9n se atrasa. Que fai ent\u00f3n? Pois o que facemos a maior\u00eda dos mortais.<\/p>\n<p style=\"text-align: justify;\">\u2014Cando noto que Rosa est\u00e1 detr\u00e1s da fiestra \u2014obviamente Rosa \u00e9 a veci\u00f1a cotilla que vive ao lado da parada de autob\u00fas\u2014, collo o m\u00f3bil e m\u00edroo. Pantalleo un pouco.<br \/>\n\u2014Mam\u00e1, ti tam\u00e9n? \u2014preg\u00fantolle, sorprendido.<\/p>\n<p style=\"text-align: justify;\">\u2014Home, e logo que pensas?<\/p>\n<p style=\"text-align: justify;\">O simp\u00e1tico do caso \u00e9 que a mi\u00f1a nai ten un tel\u00e9fono b\u00e1sico. \u00c9 un n\u00famero m\u00f3bil no que tam\u00e9n recibe as chamadas do fixo, pero pouco m\u00e1is. Disp\u00f3n de teclas grandes, pero non de internet. As\u00ed que mentres os demais revisamos o whastapp, o Facebook, o Instagram ou buscamos v\u00eddeos en YouTube, ela navega polo men\u00fa de contactos, rel\u00e9 os SMS que lle enviou Orange hai dous meses ou accede \u00e1 c\u00e1mara de 1,2 megap\u00edxeles.<\/p>\n<p style=\"text-align: justify;\">Fronte ao meu postureo, ela \u00e9 m\u00e1is aut\u00e9ntica. Ela escolle &#8220;pantallar&#8221;. Unha palabra que non pode ser m\u00e1is aca\u00edda. Por un lado faime pensar na Pantalla, na figura t\u00edpica do Entroido, un demo con cara amable. Unha figura que oculta moi ben a dualidade que representan as novas tecnolox\u00edas, un lugar no que aprender, refuxiarnos, perdernos e tam\u00e9n perder o tempo. E por, outra banda, a palabra, como non, faime pensar na pantalla que temos diante, no m\u00f3bil, tableta ou port\u00e1til que nos absorbe pero tam\u00e9n nos conecta coa xente e con outras realidades.<\/p>\n<p style=\"text-align: justify;\">As\u00ed, pois, reivindico a mi\u00f1a nai. Visto o visto, podes conclu\u00edr que o seu pantalleo non \u00e9 tal. Que o seu m\u00f3bil \u00e9 un total aburrimento. Pero se comparo o que fai ela co que fago eu, non podo m\u00e1is que pensar que, no meu caso, tras mirar fotos e m\u00e1is fotos nas redes sociais e de ver innumerables publicaci\u00f3ns que prometen sorprenderme co que vou descubrir, o \u00fanico que fixen foi quedar como estaba. Ela polo menos \u00e9 consciente. Non ten problema en rirse dela mesma e dos que a rodean. O m\u00f3bil \u00e9 unha pantalla para o seu verdadeiro divertimento, darlle que falar \u00e1 veci\u00f1a que esp\u00eda detr\u00e1s das cortinas mentres agarda o autob\u00fas. As\u00ed pois, m\u00e1is pantalleo e menos postureo.<\/p>\n","protected":false},"excerpt":{"rendered":"<p>\u00d3scar Reboiras.\u00a0A mi\u00f1a nai adoita coller o autob\u00fas de li\u00f1a. Non ten coche, polo que cando precisa facer un recado a Rianxo, ir \u00e1 piscina ou visitar o m\u00e9dico, vai ata a parada que hai na aldea. Parada \u00e9 moito dicir, porque non existe nin marquesi\u00f1a nin alg\u00fan indicativo. \u00c9 simplemente un cruce no que &hellip; <a href=\"http:\/\/cafebarbantia.barbantia.es\/?p=12309\" class=\"more-link\">Seguir lendo <span class=\"screen-reader-text\">M\u00e1is pantalleo e menos postureo<\/span> <span class=\"meta-nav\">&rarr;<\/span><\/a><\/p>\n","protected":false},"author":1,"featured_media":0,"comment_status":"open","ping_status":"closed","sticky":false,"template":"","format":"standard","meta":{"_bbp_topic_count":0,"_bbp_reply_count":0,"_bbp_total_topic_count":0,"_bbp_total_reply_count":0,"_bbp_voice_count":0,"_bbp_anonymous_reply_count":0,"_bbp_topic_count_hidden":0,"_bbp_reply_count_hidden":0,"_bbp_forum_subforum_count":0,"_exactmetrics_skip_tracking":false,"_exactmetrics_sitenote_active":false,"_exactmetrics_sitenote_note":"","_exactmetrics_sitenote_category":0,"_monsterinsights_skip_tracking":false,"_monsterinsights_sitenote_active":false,"_monsterinsights_sitenote_note":"","_monsterinsights_sitenote_category":0},"categories":[9,92],"tags":[],"aioseo_notices":[],"_links":{"self":[{"href":"http:\/\/cafebarbantia.barbantia.es\/index.php?rest_route=\/wp\/v2\/posts\/12309"}],"collection":[{"href":"http:\/\/cafebarbantia.barbantia.es\/index.php?rest_route=\/wp\/v2\/posts"}],"about":[{"href":"http:\/\/cafebarbantia.barbantia.es\/index.php?rest_route=\/wp\/v2\/types\/post"}],"author":[{"embeddable":true,"href":"http:\/\/cafebarbantia.barbantia.es\/index.php?rest_route=\/wp\/v2\/users\/1"}],"replies":[{"embeddable":true,"href":"http:\/\/cafebarbantia.barbantia.es\/index.php?rest_route=%2Fwp%2Fv2%2Fcomments&post=12309"}],"version-history":[{"count":2,"href":"http:\/\/cafebarbantia.barbantia.es\/index.php?rest_route=\/wp\/v2\/posts\/12309\/revisions"}],"predecessor-version":[{"id":13299,"href":"http:\/\/cafebarbantia.barbantia.es\/index.php?rest_route=\/wp\/v2\/posts\/12309\/revisions\/13299"}],"wp:attachment":[{"href":"http:\/\/cafebarbantia.barbantia.es\/index.php?rest_route=%2Fwp%2Fv2%2Fmedia&parent=12309"}],"wp:term":[{"taxonomy":"category","embeddable":true,"href":"http:\/\/cafebarbantia.barbantia.es\/index.php?rest_route=%2Fwp%2Fv2%2Fcategories&post=12309"},{"taxonomy":"post_tag","embeddable":true,"href":"http:\/\/cafebarbantia.barbantia.es\/index.php?rest_route=%2Fwp%2Fv2%2Ftags&post=12309"}],"curies":[{"name":"wp","href":"https:\/\/api.w.org\/{rel}","templated":true}]}}