{"id":12333,"date":"2020-10-06T06:00:09","date_gmt":"2020-10-06T06:00:09","guid":{"rendered":"http:\/\/cafebarbantia.barbantia.es\/?p=12333"},"modified":"2020-09-29T15:37:56","modified_gmt":"2020-09-29T15:37:56","slug":"historias-de-selene","status":"publish","type":"post","link":"http:\/\/cafebarbantia.barbantia.es\/?p=12333","title":{"rendered":"Historias de Selene"},"content":{"rendered":"<figure id=\"attachment_12334\" aria-describedby=\"caption-attachment-12334\" style=\"width: 300px\" class=\"wp-caption alignright\"><a href=\"http:\/\/cafebarbantia.barbantia.es\/wp-content\/uploads\/2020\/06\/BJ27C4F2_201325.jpg\"><img decoding=\"async\" loading=\"lazy\" class=\"size-medium wp-image-12334\" alt=\"L\u00faa chea dende Compostela FOTo Carmen Docampo\" src=\"http:\/\/cafebarbantia.barbantia.es\/wp-content\/uploads\/2020\/06\/BJ27C4F2_201325-300x168.jpg\" width=\"300\" height=\"168\" srcset=\"http:\/\/cafebarbantia.barbantia.es\/wp-content\/uploads\/2020\/06\/BJ27C4F2_201325-300x168.jpg 300w, http:\/\/cafebarbantia.barbantia.es\/wp-content\/uploads\/2020\/06\/BJ27C4F2_201325-1024x576.jpg 1024w, http:\/\/cafebarbantia.barbantia.es\/wp-content\/uploads\/2020\/06\/BJ27C4F2_201325-900x506.jpg 900w, http:\/\/cafebarbantia.barbantia.es\/wp-content\/uploads\/2020\/06\/BJ27C4F2_201325.jpg 1280w\" sizes=\"(max-width: 300px) 100vw, 300px\" \/><\/a><figcaption id=\"caption-attachment-12334\" class=\"wp-caption-text\">L\u00faa chea dende Compostela FOTo Carmen Docampo<\/figcaption><\/figure>\n<p style=\"text-align: justify;\"><em><strong>Jose Lires.\u00a0<\/strong><\/em>A L\u00faa \u00e9 un globo que se me escapou. Con esta cantarela, moitos nenos e nenas da mi\u00f1a xeraci\u00f3n dabamos boa conta da merenda paponeando diante do televisor. O poema musicado de Gloria Fuertes coincide no tempo -estamos a falar dos anos 70 do s\u00e9culo pasado- coa teor\u00eda cient\u00edfica m\u00e1is aceptada sobre a orixe da L\u00faa. A met\u00e1fora, intencionada ou non, desvela a filiaci\u00f3n do astro.<!--more--><\/p>\n<p style=\"text-align: justify;\">O noso sat\u00e9lite poder\u00eda considerarse coma un f\u00f3sil da Terra primitiva. Unha filla nacida por ces\u00e1rea ap\u00f3s do violento choque entre un corpo celeste, aproximadamente do tama\u00f1o de Marte, contra o planeta a\u00ednda mozo. Van al\u00e1 m\u00e1is de 4.500 mill\u00f3ns de anos, e a\u00ed segue. Vixiante. Oculta de d\u00eda e cambiante de noite. Afast\u00e1ndose de n\u00f3s cunha velocidade comparable \u00e1 do crecemento das nosas unllas, pero conscientes ambos corpos celestes, de que o seu destino final ser\u00e1 o de seren engulidos xuntos polo Sol. Mentres tanto, nai e filla transitan polo espazo sometidas \u00e1 ditadura implacable das forzas da gravidade.<\/p>\n<div id=\"6TEXTO_DETALLEad_RobaPaginasMobile-id\" itemscope=\"\" itemtype=\"https:\/\/schema.org\/WPAdBlock\" style=\"text-align: justify;\" data-ads=\"true\" data-url=\"\/4900\/webm.EXT.LAVOZDEGALICIA\/galicia\/barbanza\" data-mapping=\"ROBAMOBILE\" data-sizes=\"[[300,600],[300,250]]\" data-param=\"pos\" data-format=\"mobile\" data-targeting=\"robapaginas\">A L\u00faa carece de fronteiras, \u00e9 de todos e de ningu\u00e9n. Os fil\u00f3sofos aprend\u00e9ronnos a mirar cara a ela m\u00e1is al\u00f3 do dedo que a sinalaba, quedando retratados os necios. \u00c1 par, algu\u00e9n ideou unha regra mnemot\u00e9cnica, advert\u00edndonos primeiro da tendencia ao engano do astro, para podermos determinar, sen caer na trampa, a fase pola que atravesa a s\u00faa faciana.<\/div>\n<div id=\"SMIntext-effective-1593501190647\" style=\"text-align: justify;\"><strong>Mirala por telescopios<\/strong><\/div>\n<div style=\"text-align: justify;\"><\/div>\n<p style=\"text-align: justify;\">Os cient\u00edficos anim\u00e1ronnos a collermos un telescopio e observar as peculiaridades das paisaxes lunares. A trav\u00e9s do obxectivo descubrimos unhas zonas claras, as terras altas inzadas de cr\u00e1teres de impacto, e unhas grandes manchas escuras, chairas deprimidas que reciben o nome de maria (mare en singular) pois os primeiros astr\u00f3nomos asimil\u00e1banas aos mares terrestres.<\/p>\n<p style=\"text-align: justify;\">\u00c1 espera da pr\u00f3xima misi\u00f3n espacial (no horizonte do 2024) tan s\u00f3 unha ducia de humanos pisou a L\u00faa. Entre eles, para maior honra do gremio ao que pertenzo, un xe\u00f3logo. O \u00fanico cient\u00edfico en visitala. As rochas, que tanto el como os seus predecesores recolleron, convert\u00e9ronse en tesouros dun valor incalculable. O exceso de celo dalg\u00fan investigador levouno a transportar as mostras asignadas para o seu estudo cosidas \u00e1 roupa interior.<\/p>\n<p style=\"text-align: justify;\">Non deber\u00eda causar sorpresa que as distintas culturas, froito probablemente do medo ao desco\u00f1ecido, montasen cadans\u00faa pel\u00edcula ao redor dese c\u00edrculo brillante que aparec\u00eda e desaparec\u00eda no ceo cumprindo un ciclo cada 29 d\u00edas. Nacer, vivir, morrer. Algunha das paranoias actuais son vestixios da tradici\u00f3n popular, retorcida e mal interpretada.<\/p>\n<div id=\"ad_Roba2Mobile\" itemscope=\"\" itemtype=\"https:\/\/schema.org\/WPAdBlock\" style=\"text-align: justify;\" data-url=\"\/2260323\/LVDG.Mobile\/barbanza\" data-mapping=\"VOZ_ROBA_MOBILE\" data-sizes=\"[[200,200],[250,250],[300,250],[300,300],[300,600],'fluid']\" data-param=\"pos\" data-format=\"mobile\" data-targeting=\"Roba2\"><strong>O influxo<\/strong><\/div>\n<p style=\"text-align: justify;\">Sonche totalmente esc\u00e9ptico sobre o influxo da L\u00faa e o seu poder de mudar o comportamento humano. A ciencia desmonta calquera conexi\u00f3n. Agora ben, o cualificativo de lun\u00e1tico v\u00e9nlle ao pelo a aquel aspirante a astronauta da NASA que en plena loucura de amor ousou roubar un anaco de L\u00faa. Deixando a un lado o feito do delito cometido, o cal foi xustamente castigado con oito anos de c\u00e1rcere, o acto premeditado de deitarse coa s\u00faa parella sobre pouco m\u00e1is de cen gramos de L\u00faa, por moi po\u00e9tico que soe, non deixa de ser unha acci\u00f3n tan fachendosa como rid\u00edcula. Ser o primeiro en\u2026 esa premisa tantas veces detonante da estupidez humana!<\/p>\n<p style=\"text-align: justify;\">Miremos a L\u00faa con curiosidade, con expectativas de atopar respostas cient\u00edficas a preguntas existenciais sobre o Universo e, deste xeito, quen sabe se alg\u00fan d\u00eda lograremos desterrar os sentimentos irracionais que suscita a s\u00faa compa\u00f1a.<\/p>\n","protected":false},"excerpt":{"rendered":"<p>Jose Lires.\u00a0A L\u00faa \u00e9 un globo que se me escapou. Con esta cantarela, moitos nenos e nenas da mi\u00f1a xeraci\u00f3n dabamos boa conta da merenda paponeando diante do televisor. O poema musicado de Gloria Fuertes coincide no tempo -estamos a falar dos anos 70 do s\u00e9culo pasado- coa teor\u00eda cient\u00edfica m\u00e1is aceptada sobre a orixe &hellip; <a href=\"http:\/\/cafebarbantia.barbantia.es\/?p=12333\" class=\"more-link\">Seguir lendo <span class=\"screen-reader-text\">Historias de Selene<\/span> <span class=\"meta-nav\">&rarr;<\/span><\/a><\/p>\n","protected":false},"author":1,"featured_media":0,"comment_status":"open","ping_status":"closed","sticky":false,"template":"","format":"standard","meta":{"_bbp_topic_count":0,"_bbp_reply_count":0,"_bbp_total_topic_count":0,"_bbp_total_reply_count":0,"_bbp_voice_count":0,"_bbp_anonymous_reply_count":0,"_bbp_topic_count_hidden":0,"_bbp_reply_count_hidden":0,"_bbp_forum_subforum_count":0,"_exactmetrics_skip_tracking":false,"_exactmetrics_sitenote_active":false,"_exactmetrics_sitenote_note":"","_exactmetrics_sitenote_category":0,"_monsterinsights_skip_tracking":false,"_monsterinsights_sitenote_active":false,"_monsterinsights_sitenote_note":"","_monsterinsights_sitenote_category":0},"categories":[39,7,41],"tags":[],"aioseo_notices":[],"_links":{"self":[{"href":"http:\/\/cafebarbantia.barbantia.es\/index.php?rest_route=\/wp\/v2\/posts\/12333"}],"collection":[{"href":"http:\/\/cafebarbantia.barbantia.es\/index.php?rest_route=\/wp\/v2\/posts"}],"about":[{"href":"http:\/\/cafebarbantia.barbantia.es\/index.php?rest_route=\/wp\/v2\/types\/post"}],"author":[{"embeddable":true,"href":"http:\/\/cafebarbantia.barbantia.es\/index.php?rest_route=\/wp\/v2\/users\/1"}],"replies":[{"embeddable":true,"href":"http:\/\/cafebarbantia.barbantia.es\/index.php?rest_route=%2Fwp%2Fv2%2Fcomments&post=12333"}],"version-history":[{"count":1,"href":"http:\/\/cafebarbantia.barbantia.es\/index.php?rest_route=\/wp\/v2\/posts\/12333\/revisions"}],"predecessor-version":[{"id":12335,"href":"http:\/\/cafebarbantia.barbantia.es\/index.php?rest_route=\/wp\/v2\/posts\/12333\/revisions\/12335"}],"wp:attachment":[{"href":"http:\/\/cafebarbantia.barbantia.es\/index.php?rest_route=%2Fwp%2Fv2%2Fmedia&parent=12333"}],"wp:term":[{"taxonomy":"category","embeddable":true,"href":"http:\/\/cafebarbantia.barbantia.es\/index.php?rest_route=%2Fwp%2Fv2%2Fcategories&post=12333"},{"taxonomy":"post_tag","embeddable":true,"href":"http:\/\/cafebarbantia.barbantia.es\/index.php?rest_route=%2Fwp%2Fv2%2Ftags&post=12333"}],"curies":[{"name":"wp","href":"https:\/\/api.w.org\/{rel}","templated":true}]}}