{"id":12422,"date":"2020-09-01T06:00:28","date_gmt":"2020-09-01T06:00:28","guid":{"rendered":"http:\/\/cafebarbantia.barbantia.es\/?p=12422"},"modified":"2020-08-21T06:54:49","modified_gmt":"2020-08-21T06:54:49","slug":"conversas-de-escaparate-as-medias-caidas","status":"publish","type":"post","link":"http:\/\/cafebarbantia.barbantia.es\/?p=12422","title":{"rendered":"Conversas de escaparate. As medias ca\u00eddas"},"content":{"rendered":"<p style=\"text-align: justify;\"><em><strong><a href=\"http:\/\/cafebarbantia.barbantia.es\/wp-content\/uploads\/2020\/08\/maniquis1.png\"><img decoding=\"async\" loading=\"lazy\" class=\"alignleft size-medium wp-image-12423\" alt=\"maniquis1\" src=\"http:\/\/cafebarbantia.barbantia.es\/wp-content\/uploads\/2020\/08\/maniquis1-208x300.png\" width=\"208\" height=\"300\" srcset=\"http:\/\/cafebarbantia.barbantia.es\/wp-content\/uploads\/2020\/08\/maniquis1-208x300.png 208w, http:\/\/cafebarbantia.barbantia.es\/wp-content\/uploads\/2020\/08\/maniquis1.png 256w\" sizes=\"(max-width: 208px) 100vw, 208px\" \/><\/a>Fidel Vidal.\u00a0<\/strong><\/em>-Malia o tempo que levamos xuntas estou no certo se digo que somos compa\u00f1eiras pero non amigas.<\/p>\n<p style=\"text-align: justify;\">-E a quen v\u00e9n iso, compa\u00f1eira?<\/p>\n<p style=\"text-align: justify;\">-Non comprendo os teus desplantes.<\/p>\n<p style=\"text-align: justify;\">-A que te refires?<\/p>\n<p style=\"text-align: justify;\">-\u00c1s veces que me torciches a cara ou puxeches aceno de distra\u00edda, sen contestares os meus sa\u00fados.<\/p>\n<p style=\"text-align: justify;\">-Ti ves visi\u00f3ns, querida.<!--more--><\/p>\n<p style=\"text-align: justify;\">-\u00cdas de ganchete do teu home. Por d\u00faas veces no derradeiro mes.<\/p>\n<p style=\"text-align: justify;\">-Do meu home? Alucinas. Se levamos preto dun ano separados.<\/p>\n<p style=\"text-align: justify;\">-Est\u00e1s de broma ou dis verdade?<\/p>\n<p style=\"text-align: justify;\">-Como vou estar de broma neste asunto?<\/p>\n<p style=\"text-align: justify;\"><a href=\"http:\/\/cafebarbantia.barbantia.es\/wp-content\/uploads\/2020\/08\/maniquis2.png\"><img decoding=\"async\" loading=\"lazy\" class=\"alignright size-medium wp-image-12424\" alt=\"maniquis2\" src=\"http:\/\/cafebarbantia.barbantia.es\/wp-content\/uploads\/2020\/08\/maniquis2-285x300.png\" width=\"285\" height=\"300\" srcset=\"http:\/\/cafebarbantia.barbantia.es\/wp-content\/uploads\/2020\/08\/maniquis2-285x300.png 285w, http:\/\/cafebarbantia.barbantia.es\/wp-content\/uploads\/2020\/08\/maniquis2.png 286w\" sizes=\"(max-width: 285px) 100vw, 285px\" \/><\/a>-Separados desde hai un ano? Non o podo crer.<\/p>\n<p style=\"text-align: justify;\">-Deixoume coa escusa de que non soportaba verme pola casa adiante coas medias ca\u00eddas.<\/p>\n<p style=\"text-align: justify;\">-Pois a muller que vin era iguali\u00f1a a ti. Eras ti mesma. Cuspidi\u00f1a.<\/p>\n<p style=\"text-align: justify;\">-Non es a primeira que me v\u00e9n con esa andr\u00f3mena.<\/p>\n<p style=\"text-align: justify;\">-O mesmo estilo de vestir, o peiteado, incluso a forma de mirar e cami\u00f1ar, e o teu sorriso.<\/p>\n<p style=\"text-align: justify;\">-Xa ves, querida, os homes mudan de muller por outra que v\u00e9n ser a mesma. Pero c\u00f3ntame, como levaba as medias?<\/p>\n","protected":false},"excerpt":{"rendered":"<p>Fidel Vidal.\u00a0-Malia o tempo que levamos xuntas estou no certo se digo que somos compa\u00f1eiras pero non amigas. -E a quen v\u00e9n iso, compa\u00f1eira? -Non comprendo os teus desplantes. -A que te refires? -\u00c1s veces que me torciches a cara ou puxeches aceno de distra\u00edda, sen contestares os meus sa\u00fados. -Ti ves visi\u00f3ns, querida.<\/p>\n","protected":false},"author":1,"featured_media":0,"comment_status":"open","ping_status":"closed","sticky":false,"template":"","format":"standard","meta":{"_bbp_topic_count":0,"_bbp_reply_count":0,"_bbp_total_topic_count":0,"_bbp_total_reply_count":0,"_bbp_voice_count":0,"_bbp_anonymous_reply_count":0,"_bbp_topic_count_hidden":0,"_bbp_reply_count_hidden":0,"_bbp_forum_subforum_count":0,"_exactmetrics_skip_tracking":false,"_exactmetrics_sitenote_active":false,"_exactmetrics_sitenote_note":"","_exactmetrics_sitenote_category":0,"_monsterinsights_skip_tracking":false,"_monsterinsights_sitenote_active":false,"_monsterinsights_sitenote_note":"","_monsterinsights_sitenote_category":0},"categories":[65,9],"tags":[],"aioseo_notices":[],"_links":{"self":[{"href":"http:\/\/cafebarbantia.barbantia.es\/index.php?rest_route=\/wp\/v2\/posts\/12422"}],"collection":[{"href":"http:\/\/cafebarbantia.barbantia.es\/index.php?rest_route=\/wp\/v2\/posts"}],"about":[{"href":"http:\/\/cafebarbantia.barbantia.es\/index.php?rest_route=\/wp\/v2\/types\/post"}],"author":[{"embeddable":true,"href":"http:\/\/cafebarbantia.barbantia.es\/index.php?rest_route=\/wp\/v2\/users\/1"}],"replies":[{"embeddable":true,"href":"http:\/\/cafebarbantia.barbantia.es\/index.php?rest_route=%2Fwp%2Fv2%2Fcomments&post=12422"}],"version-history":[{"count":1,"href":"http:\/\/cafebarbantia.barbantia.es\/index.php?rest_route=\/wp\/v2\/posts\/12422\/revisions"}],"predecessor-version":[{"id":12425,"href":"http:\/\/cafebarbantia.barbantia.es\/index.php?rest_route=\/wp\/v2\/posts\/12422\/revisions\/12425"}],"wp:attachment":[{"href":"http:\/\/cafebarbantia.barbantia.es\/index.php?rest_route=%2Fwp%2Fv2%2Fmedia&parent=12422"}],"wp:term":[{"taxonomy":"category","embeddable":true,"href":"http:\/\/cafebarbantia.barbantia.es\/index.php?rest_route=%2Fwp%2Fv2%2Fcategories&post=12422"},{"taxonomy":"post_tag","embeddable":true,"href":"http:\/\/cafebarbantia.barbantia.es\/index.php?rest_route=%2Fwp%2Fv2%2Ftags&post=12422"}],"curies":[{"name":"wp","href":"https:\/\/api.w.org\/{rel}","templated":true}]}}