{"id":12451,"date":"2021-11-17T06:00:46","date_gmt":"2021-11-17T06:00:46","guid":{"rendered":"http:\/\/cafebarbantia.barbantia.es\/?p=12451"},"modified":"2021-11-08T07:59:37","modified_gmt":"2021-11-08T07:59:37","slug":"a-igrexa-evanxelica-ebenezer","status":"publish","type":"post","link":"http:\/\/cafebarbantia.barbantia.es\/?p=12451","title":{"rendered":"A Igrexa Evanx\u00e9lica Ebenezer"},"content":{"rendered":"<p style=\"text-align: justify;\"><strong><em><a href=\"http:\/\/cafebarbantia.barbantia.es\/wp-content\/uploads\/2020\/08\/GL25P50F1_20054.jpg\"><img decoding=\"async\" loading=\"lazy\" class=\"alignleft size-medium wp-image-12452\" alt=\"GL25P50F1_20054\" src=\"http:\/\/cafebarbantia.barbantia.es\/wp-content\/uploads\/2020\/08\/GL25P50F1_20054-300x168.jpg\" width=\"300\" height=\"168\" srcset=\"http:\/\/cafebarbantia.barbantia.es\/wp-content\/uploads\/2020\/08\/GL25P50F1_20054-300x168.jpg 300w, http:\/\/cafebarbantia.barbantia.es\/wp-content\/uploads\/2020\/08\/GL25P50F1_20054-1024x575.jpg 1024w, http:\/\/cafebarbantia.barbantia.es\/wp-content\/uploads\/2020\/08\/GL25P50F1_20054-900x505.jpg 900w, http:\/\/cafebarbantia.barbantia.es\/wp-content\/uploads\/2020\/08\/GL25P50F1_20054.jpg 1280w\" sizes=\"(max-width: 300px) 100vw, 300px\" \/><\/a>Ezequiel Lago Mallo e Francisco Mallo Area<\/em><\/strong>. No termo municipal de Santa Ux\u00eda de Ribeira, concretamente na actual parroquia de Casti\u00f1eiras, enc\u00f3ntrase edificada dende hai m\u00e1is dun s\u00e9culo a Igrexa Evanx\u00e9lica Ebenezer. Hai que ter presente que no pasado a parroquia de Casti\u00f1eiras non exist\u00eda como tal<!--more--> (creouse nos anos 70), pertencendo as\u00ed esta igrexa nas s\u00faas orixes \u00e1 antiga parroquia de Carreira.<\/p>\n<p style=\"text-align: justify;\">Con todo, a\u00ednda que a vetusta igrexa comezou a constru\u00edrse no ano 1910 (como indica un dos linteis do edificio) e abriu oficialmente as s\u00faas portas no 1912, as orixes do protestantismo no municipio rem\u00f3ntanse a varias d\u00e9cadas atr\u00e1s no tempo; grazas a diversas correspondencias, como a do p\u00e1rroco de Santa Ux\u00eda e a do arcebispado de Santiago, ou unha solicitude do alcalde do municipio ao gobernador eclesi\u00e1stico, podemos co\u00f1ecer que, dende o ano 1889, o protestantismo xa estaba presente no municipio, moi posiblemente da man dun veci\u00f1o de Mar\u00edn, de profesi\u00f3n panadeiro, Antonio Acu\u00f1a, o cal, a pesar de que se trasladara ao municipio para exercer a s\u00faa profesi\u00f3n, comezar\u00eda a difundir o evanxeo, v\u00e9ndose nos seguintes anos reforzado por outros compa\u00f1eiros de fe e pastores evanx\u00e9licos, moitos destes \u00faltimos, de orixe inglesa.<\/p>\n<p style=\"text-align: justify;\">O seu labor evanxelizador non foi nin doado nin estivo falto de detractores; dende un primeiro momento, \u201cevidentemente\u201d, as autoridades relixiosas cat\u00f3licas locais amosaron o seu rexeitamento frontal ao seu labor evanxelizador, e non todos os veci\u00f1os e veci\u00f1as do municipio v\u00edan con bos ollos as s\u00faas intenci\u00f3ns, en parte inevitablemente polo labor de descr\u00e9dito realizado casa por casa por parte das diferentes autoridades relixiosas. Nese contexto, en 1892, destacou a chegada dos pastores Cecilio Hoyle y Enrique Turrall; o primeiro destes adquirir\u00eda unha vivenda ou local nese mesmo ano, para ampliar a obra evanxelizadora.<\/p>\n<p style=\"text-align: justify;\">\u00c9 a partir deste momento en que comeza un per\u00edodo de algo menos de 20 anos nos que se suceden enfrontamentos verbais e f\u00edsicos, conversas, correspondencias escritas e tel\u00e9grafos entre autoridades que van dende as relixiosas locais ou a alcald\u00eda ata autoridades superiores como o Gobernador ou Vicec\u00f3nsul brit\u00e1nico; non \u00e9 menos destacable o feito de que moitos destes enfrontamentos rematan coa intervenci\u00f3n da Garda Civil ou a chegada a instancias xudiciais. Moitos destes enfrontamentos, am\u00e9n das informaci\u00f3ns que podemos obter das correspondencias anteriormente citadas, foron recollidos en documentos e expedientes da Garda Civil.<\/p>\n<p style=\"text-align: justify;\">Xa ao redor do ano 1909, as en\u00e9rxicas protestas que vi\u00f1an caracterizando o rexeitamento e oposici\u00f3n cat\u00f3lica ir\u00e1n indo a menos e seguir\u00e1n nesa tendencia co paso dos anos; ao mesmo tempo, o protestantismo contin\u00faa consolid\u00e1ndose, como indicar\u00eda mesmamente a creaci\u00f3n da igrexa coa que comezabamos estas li\u00f1as. Durante este proceso, ser\u00edan moitos os crentes e representantes doutras localidades os que se trasladar\u00edan ate o municipio para apoiar a causa. A \u00fanica materia pendente ser\u00e1 a obtenci\u00f3n dun espazo que dedicar como cemiterio, xa que os crentes ti\u00f1an que ser enterrados en montes; non se obter\u00eda ata finais dos anos 20.<\/p>\n<p style=\"text-align: justify;\">Pasados un cento de anos, podemos afirmar que o protestantismo segue presente na comarca, existindo plena convivencia co catolicismo.<\/p>\n","protected":false},"excerpt":{"rendered":"<p>Ezequiel Lago Mallo e Francisco Mallo Area. No termo municipal de Santa Ux\u00eda de Ribeira, concretamente na actual parroquia de Casti\u00f1eiras, enc\u00f3ntrase edificada dende hai m\u00e1is dun s\u00e9culo a Igrexa Evanx\u00e9lica Ebenezer. Hai que ter presente que no pasado a parroquia de Casti\u00f1eiras non exist\u00eda como tal<\/p>\n","protected":false},"author":1,"featured_media":0,"comment_status":"open","ping_status":"closed","sticky":false,"template":"","format":"standard","meta":{"_bbp_topic_count":0,"_bbp_reply_count":0,"_bbp_total_topic_count":0,"_bbp_total_reply_count":0,"_bbp_voice_count":0,"_bbp_anonymous_reply_count":0,"_bbp_topic_count_hidden":0,"_bbp_reply_count_hidden":0,"_bbp_forum_subforum_count":0,"_exactmetrics_skip_tracking":false,"_exactmetrics_sitenote_active":false,"_exactmetrics_sitenote_note":"","_exactmetrics_sitenote_category":0,"_monsterinsights_skip_tracking":false,"_monsterinsights_sitenote_active":false,"_monsterinsights_sitenote_note":"","_monsterinsights_sitenote_category":0},"categories":[7,99,106],"tags":[],"aioseo_notices":[],"_links":{"self":[{"href":"http:\/\/cafebarbantia.barbantia.es\/index.php?rest_route=\/wp\/v2\/posts\/12451"}],"collection":[{"href":"http:\/\/cafebarbantia.barbantia.es\/index.php?rest_route=\/wp\/v2\/posts"}],"about":[{"href":"http:\/\/cafebarbantia.barbantia.es\/index.php?rest_route=\/wp\/v2\/types\/post"}],"author":[{"embeddable":true,"href":"http:\/\/cafebarbantia.barbantia.es\/index.php?rest_route=\/wp\/v2\/users\/1"}],"replies":[{"embeddable":true,"href":"http:\/\/cafebarbantia.barbantia.es\/index.php?rest_route=%2Fwp%2Fv2%2Fcomments&post=12451"}],"version-history":[{"count":1,"href":"http:\/\/cafebarbantia.barbantia.es\/index.php?rest_route=\/wp\/v2\/posts\/12451\/revisions"}],"predecessor-version":[{"id":12453,"href":"http:\/\/cafebarbantia.barbantia.es\/index.php?rest_route=\/wp\/v2\/posts\/12451\/revisions\/12453"}],"wp:attachment":[{"href":"http:\/\/cafebarbantia.barbantia.es\/index.php?rest_route=%2Fwp%2Fv2%2Fmedia&parent=12451"}],"wp:term":[{"taxonomy":"category","embeddable":true,"href":"http:\/\/cafebarbantia.barbantia.es\/index.php?rest_route=%2Fwp%2Fv2%2Fcategories&post=12451"},{"taxonomy":"post_tag","embeddable":true,"href":"http:\/\/cafebarbantia.barbantia.es\/index.php?rest_route=%2Fwp%2Fv2%2Ftags&post=12451"}],"curies":[{"name":"wp","href":"https:\/\/api.w.org\/{rel}","templated":true}]}}