{"id":12502,"date":"2020-09-22T06:00:58","date_gmt":"2020-09-22T06:00:58","guid":{"rendered":"http:\/\/cafebarbantia.barbantia.es\/?p=12502"},"modified":"2020-09-21T06:49:18","modified_gmt":"2020-09-21T06:49:18","slug":"milagre-da-virxe-de-guadalupe","status":"publish","type":"post","link":"http:\/\/cafebarbantia.barbantia.es\/?p=12502","title":{"rendered":"Milagre da Virxe de Guadalupe"},"content":{"rendered":"<p style=\"text-align: justify;\"><em><strong><a href=\"http:\/\/cafebarbantia.barbantia.es\/wp-content\/uploads\/2020\/09\/maxresdefault.jpg\"><img decoding=\"async\" loading=\"lazy\" class=\"alignright size-medium wp-image-12505\" alt=\"maxresdefault\" src=\"http:\/\/cafebarbantia.barbantia.es\/wp-content\/uploads\/2020\/09\/maxresdefault-300x168.jpg\" width=\"300\" height=\"168\" srcset=\"http:\/\/cafebarbantia.barbantia.es\/wp-content\/uploads\/2020\/09\/maxresdefault-300x168.jpg 300w, http:\/\/cafebarbantia.barbantia.es\/wp-content\/uploads\/2020\/09\/maxresdefault-1024x576.jpg 1024w, http:\/\/cafebarbantia.barbantia.es\/wp-content\/uploads\/2020\/09\/maxresdefault-900x506.jpg 900w, http:\/\/cafebarbantia.barbantia.es\/wp-content\/uploads\/2020\/09\/maxresdefault.jpg 1280w\" sizes=\"(max-width: 300px) 100vw, 300px\" \/><\/a>X. Ricardo Losada.\u00a0<\/strong><\/em>Maldito virus, dixo o mozo, hoxe debera ser domingo de Guadalupe. Non, retrucou a vella, bendita Virxe, hoxe \u00e9 domingo de Guadalupe. Despois o mozo mirou as terrazas baleiras, a praza sen as luces da festa, a r\u00eda sen barcos engalanados e, como era evidente que a vella estaba tola, renunciou a dicirlle nada. <!--more-->Pois que lle aproveite, pensou, mentres v\u00eda como sub\u00eda as escaleiras que levan ao Campo de Arriba disposta a asistir \u00e1 misa que estaba a piques de comezar na capela da Virxe de Guadalupe, e \u00e1 que nunca faltara desde que ti\u00f1a uso de raz\u00f3n.<\/p>\n<p style=\"text-align: justify;\">\u00a0\u00a0\u00a0\u00a0 Antes de o\u00edr ese cambio de pareceres, o meu estado de \u00e1nimo estaba m\u00e1is pr\u00f3ximo ao do mozo que ao da vella. Sa\u00edra da casa pensando <i>Mira ti, que bo d\u00eda se fose hoxe, como ti\u00f1a que ser, domingo de Guadalupe, <\/i>e fora todo o cami\u00f1o dominado por ese sentimento de saudade que alg\u00fans din que \u00e9 a caracter\u00edstica esencial dos galegos e dos portugueses. Mesmo recordei o \u00fanico d\u00eda da mi\u00f1a longa vida no que faltei ao meu deber c\u00edvico do d\u00eda grande da mi\u00f1a vila natal. Fora unha imperdoable viaxe de pracer a Guimar\u00e3es e nada m\u00e1is levantarme pola ma\u00f1\u00e1 cedo, ao sa\u00edr \u00e1 r\u00faa atopeime coa procesi\u00f3n da Peregrinaci\u00f3n \u00e1 igrexa de Nossa Senhora no monte Penha que se celebraba, sen que eu o soubese, e como a maior\u00eda das Guadalupes, o segundo domingo de setembro.<\/p>\n<p style=\"text-align: justify;\"><a href=\"http:\/\/cafebarbantia.barbantia.es\/wp-content\/uploads\/2020\/09\/9.jpg\"><img decoding=\"async\" loading=\"lazy\" class=\"alignleft size-medium wp-image-12506\" alt=\"9\" src=\"http:\/\/cafebarbantia.barbantia.es\/wp-content\/uploads\/2020\/09\/9-240x300.jpg\" width=\"240\" height=\"300\" srcset=\"http:\/\/cafebarbantia.barbantia.es\/wp-content\/uploads\/2020\/09\/9-240x300.jpg 240w, http:\/\/cafebarbantia.barbantia.es\/wp-content\/uploads\/2020\/09\/9.jpg 400w\" sizes=\"(max-width: 240px) 100vw, 240px\" \/><\/a>\u00a0\u00a0\u00a0\u00a0 Non son unha persoa relixiosa nin supersticiosa. Ao contrario. Consid\u00e9rome bastante racional. Pero non puiden evitar tomar aquela coincidencia como un sinal, digamos entre aspas, <i>divino. <\/i>Si. Uninme a aquela procesi\u00f3n da mesma forma colateral coa que adoito acompa\u00f1ar todos os domingos de Guadalupe a procesi\u00f3n mar\u00edtima que vai desde a capela do Campo de Arriba ata o peirao das Obras, onde embarca a Virxe. E, desde logo, non me arrepent\u00edn, pois acabei sendo testemu\u00f1a dun milagre. O forte vento monta\u00f1\u00e9s que aquel d\u00eda dominaba a cidade que fundara Portugal converteuse de s\u00fapeto na brisa mar\u00edtima da vila da r\u00eda de Arousa que me fundara a min. \u00a0\u00a0\u00a0\u00a0\u00a0Non tiven ningunha d\u00fabida. S\u00f3 a Virxe de Guadalupe puidera facer un milagre como aquel. E, en xusta correspondencia, prometinlle que nunca m\u00e1is na mi\u00f1a vida estar\u00eda f\u00f3ra de Rianxo o domingo que tan merecidamente a celebraba.<\/p>\n<p style=\"text-align: justify;\">\u00a0\u00a0\u00a0\u00a0 As\u00ed que, por moito que racionalmente estivese m\u00e1is cerca daquel mozo, e por moito que as palabras do crego me fosen soar rutineiras, segu\u00edn o ronsel daquela vella, convencido de que era a \u00fanica posibilidade que ti\u00f1a de vivir outro milagre. Sen as terrazas cheas, sen os barcos engalanados na r\u00eda e sen as marabillosas luces da festa, era domingo de Guadalupe.<\/p>\n<p>&nbsp;<\/p>\n","protected":false},"excerpt":{"rendered":"<p>X. Ricardo Losada.\u00a0Maldito virus, dixo o mozo, hoxe debera ser domingo de Guadalupe. Non, retrucou a vella, bendita Virxe, hoxe \u00e9 domingo de Guadalupe. Despois o mozo mirou as terrazas baleiras, a praza sen as luces da festa, a r\u00eda sen barcos engalanados e, como era evidente que a vella estaba tola, renunciou a dicirlle &hellip; <a href=\"http:\/\/cafebarbantia.barbantia.es\/?p=12502\" class=\"more-link\">Seguir lendo <span class=\"screen-reader-text\">Milagre da Virxe de Guadalupe<\/span> <span class=\"meta-nav\">&rarr;<\/span><\/a><\/p>\n","protected":false},"author":1,"featured_media":0,"comment_status":"open","ping_status":"closed","sticky":false,"template":"","format":"standard","meta":{"_bbp_topic_count":0,"_bbp_reply_count":0,"_bbp_total_topic_count":0,"_bbp_total_reply_count":0,"_bbp_voice_count":0,"_bbp_anonymous_reply_count":0,"_bbp_topic_count_hidden":0,"_bbp_reply_count_hidden":0,"_bbp_forum_subforum_count":0,"_exactmetrics_skip_tracking":false,"_exactmetrics_sitenote_active":false,"_exactmetrics_sitenote_note":"","_exactmetrics_sitenote_category":0,"_monsterinsights_skip_tracking":false,"_monsterinsights_sitenote_active":false,"_monsterinsights_sitenote_note":"","_monsterinsights_sitenote_category":0},"categories":[7,9,26],"tags":[],"aioseo_notices":[],"_links":{"self":[{"href":"http:\/\/cafebarbantia.barbantia.es\/index.php?rest_route=\/wp\/v2\/posts\/12502"}],"collection":[{"href":"http:\/\/cafebarbantia.barbantia.es\/index.php?rest_route=\/wp\/v2\/posts"}],"about":[{"href":"http:\/\/cafebarbantia.barbantia.es\/index.php?rest_route=\/wp\/v2\/types\/post"}],"author":[{"embeddable":true,"href":"http:\/\/cafebarbantia.barbantia.es\/index.php?rest_route=\/wp\/v2\/users\/1"}],"replies":[{"embeddable":true,"href":"http:\/\/cafebarbantia.barbantia.es\/index.php?rest_route=%2Fwp%2Fv2%2Fcomments&post=12502"}],"version-history":[{"count":2,"href":"http:\/\/cafebarbantia.barbantia.es\/index.php?rest_route=\/wp\/v2\/posts\/12502\/revisions"}],"predecessor-version":[{"id":12507,"href":"http:\/\/cafebarbantia.barbantia.es\/index.php?rest_route=\/wp\/v2\/posts\/12502\/revisions\/12507"}],"wp:attachment":[{"href":"http:\/\/cafebarbantia.barbantia.es\/index.php?rest_route=%2Fwp%2Fv2%2Fmedia&parent=12502"}],"wp:term":[{"taxonomy":"category","embeddable":true,"href":"http:\/\/cafebarbantia.barbantia.es\/index.php?rest_route=%2Fwp%2Fv2%2Fcategories&post=12502"},{"taxonomy":"post_tag","embeddable":true,"href":"http:\/\/cafebarbantia.barbantia.es\/index.php?rest_route=%2Fwp%2Fv2%2Ftags&post=12502"}],"curies":[{"name":"wp","href":"https:\/\/api.w.org\/{rel}","templated":true}]}}