{"id":12785,"date":"2020-12-26T06:00:41","date_gmt":"2020-12-26T06:00:41","guid":{"rendered":"http:\/\/cafebarbantia.barbantia.es\/?p=12785"},"modified":"2020-11-30T20:17:05","modified_gmt":"2020-11-30T20:17:05","slug":"a-mirada-indiscreta","status":"publish","type":"post","link":"http:\/\/cafebarbantia.barbantia.es\/?p=12785","title":{"rendered":"A mirada indiscreta"},"content":{"rendered":"<p align=\"justify\"><span style=\"font-size: large;\"><span style=\"font-family: Arial, sans-serif;\"><em><strong><a href=\"http:\/\/cafebarbantia.barbantia.es\/wp-content\/uploads\/2020\/11\/mirada.jpg\"><img decoding=\"async\" loading=\"lazy\" class=\"alignright size-medium wp-image-12786\" alt=\"mirada\" src=\"http:\/\/cafebarbantia.barbantia.es\/wp-content\/uploads\/2020\/11\/mirada-300x300.jpg\" width=\"300\" height=\"300\" srcset=\"http:\/\/cafebarbantia.barbantia.es\/wp-content\/uploads\/2020\/11\/mirada-300x300.jpg 300w, http:\/\/cafebarbantia.barbantia.es\/wp-content\/uploads\/2020\/11\/mirada-150x150.jpg 150w, http:\/\/cafebarbantia.barbantia.es\/wp-content\/uploads\/2020\/11\/mirada-144x144.jpg 144w, http:\/\/cafebarbantia.barbantia.es\/wp-content\/uploads\/2020\/11\/mirada.jpg 500w\" sizes=\"(max-width: 300px) 100vw, 300px\" \/><\/a>Marina Losada Vicente.\u00a0<\/strong><\/em>Escoito escorregar o portal do colexio Castelao sobre o seu ra\u00edl. Inmediatamente, como se estivese \u00e1 espera, un coche negro ocupa as prazas 8 e 9. Non \u00e9 pouca cousa, dado que a zona reservada ao profesorado disp\u00f3n de catorce ocos, cando son cerca de vinte os coches que aparcan a diario. Pasan m\u00e1is de cinco minutos cando empezan a chegar os seguintes autom\u00f3<\/span><span style=\"font-family: Arial, sans-serif;\">biles<!--more--><\/span><span style=\"font-family: Arial, sans-serif;\">que, como \u00e9 de lei, ocupan cadans\u00faa praza.<\/span><\/span><\/p>\n<p align=\"justify\"><span style=\"font-size: large;\"><span style=\"font-family: Arial, sans-serif;\">Os veh\u00edculos menos madrugadores, os que chegan cando xa se recollen os autobuses escolares, son os primeiros en arrancar. Non se trata de que eu est<\/span><span style=\"font-family: Arial, sans-serif;\">ea<\/span><span style=\"font-family: Arial, sans-serif;\"> mirando todo o d\u00eda -como fai James Stewart na Vent\u00e1 indiscreta-. \u00c9 pura l\u00f3xica: aparcan na zona de paso atoando a sa\u00eda. Aqu\u00ed hai un acordo t\u00e1cito -penso-, certa organizaci\u00f3n&#8230; ent\u00f3n, como \u00e9 que deixan que a muller do utilitario negro ocupe d\u00faas prazas? Ter\u00e1 alg\u00fan tipo de impedimento f\u00edsico que non se ve na distancia? \u00c9 unha simple antisistema? Ou ser\u00e1 que non \u00e9 do gremio?<\/span><\/span><\/p>\n<p align=\"justify\"><span style=\"font-size: large;\"><span style=\"font-family: Arial, sans-serif;\">Despois de semanas vendo o coche negro atravesado, e dunha serie de explicaci\u00f3ns que me dei a min mesma, polo estra\u00f1o da situaci\u00f3n, hoxe at\u00f3pome con que, no mesmo segundo de abrir o portal, entran unha ringleira de veh\u00edculos ocupando todo o espazo. De \u00faltimo, o utilitario negro, que se ve forzado a ir marcha atr\u00e1s cara <\/span><span style=\"font-family: Arial, sans-serif;\">a<\/span><span style=\"font-family: Arial, sans-serif;\">o aparcamento p\u00fablico, no exterior do colexio. Aparca nunha manobra impecable, de dez nun exame de conducir. Sae a condutora e mira cara ao grupo de persoas que se mant\u00e9n, a mantenta, en espera. Despois de darlle os bos d\u00edas sen aparente enfado, dirix\u00edndose a m<\/span><span style=\"font-family: Arial, sans-serif;\">i<\/span><span style=\"font-family: Arial, sans-serif;\">n, que quedo perplexa, esp\u00e9tame: -A que non era tan dif\u00edcil? Hoxe \u00e9 o primeiro d\u00eda en que todo o claustro chega \u00e1 hora establecida.<\/span><\/span><\/p>\n","protected":false},"excerpt":{"rendered":"<p>Marina Losada Vicente.\u00a0Escoito escorregar o portal do colexio Castelao sobre o seu ra\u00edl. Inmediatamente, como se estivese \u00e1 espera, un coche negro ocupa as prazas 8 e 9. Non \u00e9 pouca cousa, dado que a zona reservada ao profesorado disp\u00f3n de catorce ocos, cando son cerca de vinte os coches que aparcan a diario. Pasan &hellip; <a href=\"http:\/\/cafebarbantia.barbantia.es\/?p=12785\" class=\"more-link\">Seguir lendo <span class=\"screen-reader-text\">A mirada indiscreta<\/span> <span class=\"meta-nav\">&rarr;<\/span><\/a><\/p>\n","protected":false},"author":1,"featured_media":0,"comment_status":"open","ping_status":"closed","sticky":false,"template":"","format":"standard","meta":{"_bbp_topic_count":0,"_bbp_reply_count":0,"_bbp_total_topic_count":0,"_bbp_total_reply_count":0,"_bbp_voice_count":0,"_bbp_anonymous_reply_count":0,"_bbp_topic_count_hidden":0,"_bbp_reply_count_hidden":0,"_bbp_forum_subforum_count":0,"_exactmetrics_skip_tracking":false,"_exactmetrics_sitenote_active":false,"_exactmetrics_sitenote_note":"","_exactmetrics_sitenote_category":0,"_monsterinsights_skip_tracking":false,"_monsterinsights_sitenote_active":false,"_monsterinsights_sitenote_note":"","_monsterinsights_sitenote_category":0},"categories":[73,9],"tags":[],"aioseo_notices":[],"_links":{"self":[{"href":"http:\/\/cafebarbantia.barbantia.es\/index.php?rest_route=\/wp\/v2\/posts\/12785"}],"collection":[{"href":"http:\/\/cafebarbantia.barbantia.es\/index.php?rest_route=\/wp\/v2\/posts"}],"about":[{"href":"http:\/\/cafebarbantia.barbantia.es\/index.php?rest_route=\/wp\/v2\/types\/post"}],"author":[{"embeddable":true,"href":"http:\/\/cafebarbantia.barbantia.es\/index.php?rest_route=\/wp\/v2\/users\/1"}],"replies":[{"embeddable":true,"href":"http:\/\/cafebarbantia.barbantia.es\/index.php?rest_route=%2Fwp%2Fv2%2Fcomments&post=12785"}],"version-history":[{"count":1,"href":"http:\/\/cafebarbantia.barbantia.es\/index.php?rest_route=\/wp\/v2\/posts\/12785\/revisions"}],"predecessor-version":[{"id":12787,"href":"http:\/\/cafebarbantia.barbantia.es\/index.php?rest_route=\/wp\/v2\/posts\/12785\/revisions\/12787"}],"wp:attachment":[{"href":"http:\/\/cafebarbantia.barbantia.es\/index.php?rest_route=%2Fwp%2Fv2%2Fmedia&parent=12785"}],"wp:term":[{"taxonomy":"category","embeddable":true,"href":"http:\/\/cafebarbantia.barbantia.es\/index.php?rest_route=%2Fwp%2Fv2%2Fcategories&post=12785"},{"taxonomy":"post_tag","embeddable":true,"href":"http:\/\/cafebarbantia.barbantia.es\/index.php?rest_route=%2Fwp%2Fv2%2Ftags&post=12785"}],"curies":[{"name":"wp","href":"https:\/\/api.w.org\/{rel}","templated":true}]}}