{"id":13031,"date":"2021-01-29T06:00:55","date_gmt":"2021-01-29T06:00:55","guid":{"rendered":"http:\/\/cafebarbantia.barbantia.es\/?p=13031"},"modified":"2021-01-29T07:41:03","modified_gmt":"2021-01-29T07:41:03","slug":"15-anos","status":"publish","type":"post","link":"http:\/\/cafebarbantia.barbantia.es\/?p=13031","title":{"rendered":"15 anos"},"content":{"rendered":"<p align=\"justify\"><em><strong><a href=\"http:\/\/cafebarbantia.barbantia.es\/wp-content\/uploads\/2021\/01\/d48fd70e84924f0d53ebffaadc0ce1d4.jpg\"><img decoding=\"async\" loading=\"lazy\" class=\"alignright size-medium wp-image-13032\" alt=\"d48fd70e84924f0d53ebffaadc0ce1d4\" src=\"http:\/\/cafebarbantia.barbantia.es\/wp-content\/uploads\/2021\/01\/d48fd70e84924f0d53ebffaadc0ce1d4-243x300.jpg\" width=\"243\" height=\"300\" srcset=\"http:\/\/cafebarbantia.barbantia.es\/wp-content\/uploads\/2021\/01\/d48fd70e84924f0d53ebffaadc0ce1d4-243x300.jpg 243w, http:\/\/cafebarbantia.barbantia.es\/wp-content\/uploads\/2021\/01\/d48fd70e84924f0d53ebffaadc0ce1d4.jpg 500w\" sizes=\"(max-width: 243px) 100vw, 243px\" \/><\/a>Mauricia Ces Quint\u00e1ns.\u00a0<\/strong><\/em>Toda a maldade no teu corpo. Toda. Toda a ira. Toda a sen-raz\u00f3n. Toda a violencia.<\/p>\n<p align=\"justify\">Meu meni\u00f1o, como me doe o teu corpo. Como me doe.<\/p>\n<p align=\"justify\">Que me importa que o mundo se ve\u00f1a abaixo. Que importa que non quede un home sobre a terra. A ecolox\u00eda. A pandemia. Que me importa.<\/p>\n<p align=\"justify\">Os golpes. As patadas. As marteladas.<!--more--><\/p>\n<p align=\"justify\">A t\u00faa cabeza escachada. Os brazos esmagados. As costelas rotas. As pernas tronzadas. Meu meni\u00f1o, a t\u00faa alma d\u00f3eme. A t\u00faa indefensi\u00f3n.<\/p>\n","protected":false},"excerpt":{"rendered":"<p>Mauricia Ces Quint\u00e1ns.\u00a0Toda a maldade no teu corpo. Toda. Toda a ira. Toda a sen-raz\u00f3n. Toda a violencia. Meu meni\u00f1o, como me doe o teu corpo. Como me doe. Que me importa que o mundo se ve\u00f1a abaixo. Que importa que non quede un home sobre a terra. A ecolox\u00eda. A pandemia. Que me importa. &hellip; <a href=\"http:\/\/cafebarbantia.barbantia.es\/?p=13031\" class=\"more-link\">Seguir lendo <span class=\"screen-reader-text\">15 anos<\/span> <span class=\"meta-nav\">&rarr;<\/span><\/a><\/p>\n","protected":false},"author":1,"featured_media":0,"comment_status":"open","ping_status":"closed","sticky":false,"template":"","format":"standard","meta":{"_bbp_topic_count":0,"_bbp_reply_count":0,"_bbp_total_topic_count":0,"_bbp_total_reply_count":0,"_bbp_voice_count":0,"_bbp_anonymous_reply_count":0,"_bbp_topic_count_hidden":0,"_bbp_reply_count_hidden":0,"_bbp_forum_subforum_count":0,"_exactmetrics_skip_tracking":false,"_exactmetrics_sitenote_active":false,"_exactmetrics_sitenote_note":"","_exactmetrics_sitenote_category":0,"_monsterinsights_skip_tracking":false,"_monsterinsights_sitenote_active":false,"_monsterinsights_sitenote_note":"","_monsterinsights_sitenote_category":0},"categories":[94,9],"tags":[],"aioseo_notices":[],"_links":{"self":[{"href":"http:\/\/cafebarbantia.barbantia.es\/index.php?rest_route=\/wp\/v2\/posts\/13031"}],"collection":[{"href":"http:\/\/cafebarbantia.barbantia.es\/index.php?rest_route=\/wp\/v2\/posts"}],"about":[{"href":"http:\/\/cafebarbantia.barbantia.es\/index.php?rest_route=\/wp\/v2\/types\/post"}],"author":[{"embeddable":true,"href":"http:\/\/cafebarbantia.barbantia.es\/index.php?rest_route=\/wp\/v2\/users\/1"}],"replies":[{"embeddable":true,"href":"http:\/\/cafebarbantia.barbantia.es\/index.php?rest_route=%2Fwp%2Fv2%2Fcomments&post=13031"}],"version-history":[{"count":2,"href":"http:\/\/cafebarbantia.barbantia.es\/index.php?rest_route=\/wp\/v2\/posts\/13031\/revisions"}],"predecessor-version":[{"id":13046,"href":"http:\/\/cafebarbantia.barbantia.es\/index.php?rest_route=\/wp\/v2\/posts\/13031\/revisions\/13046"}],"wp:attachment":[{"href":"http:\/\/cafebarbantia.barbantia.es\/index.php?rest_route=%2Fwp%2Fv2%2Fmedia&parent=13031"}],"wp:term":[{"taxonomy":"category","embeddable":true,"href":"http:\/\/cafebarbantia.barbantia.es\/index.php?rest_route=%2Fwp%2Fv2%2Fcategories&post=13031"},{"taxonomy":"post_tag","embeddable":true,"href":"http:\/\/cafebarbantia.barbantia.es\/index.php?rest_route=%2Fwp%2Fv2%2Ftags&post=13031"}],"curies":[{"name":"wp","href":"https:\/\/api.w.org\/{rel}","templated":true}]}}