{"id":13210,"date":"2021-03-13T06:00:16","date_gmt":"2021-03-13T06:00:16","guid":{"rendered":"http:\/\/cafebarbantia.barbantia.es\/?p=13210"},"modified":"2021-03-01T07:58:27","modified_gmt":"2021-03-01T07:58:27","slug":"el-peon-de-paco-cerda","status":"publish","type":"post","link":"http:\/\/cafebarbantia.barbantia.es\/?p=13210","title":{"rendered":"El pe\u00f3n, de Paco Cerd\u00e1"},"content":{"rendered":"<p align=\"justify\"><span style=\"font-size: medium;\"><a href=\"http:\/\/cafebarbantia.barbantia.es\/wp-content\/uploads\/2021\/03\/descarga.jpg\"><img decoding=\"async\" loading=\"lazy\" class=\"alignright size-full wp-image-13211\" alt=\"descarga\" src=\"http:\/\/cafebarbantia.barbantia.es\/wp-content\/uploads\/2021\/03\/descarga.jpg\" width=\"187\" height=\"270\" \/><\/a><em><strong>Xerardo AgraFoxo.\u00a0<\/strong><\/em>Sobre este deporte lembro <\/span><span style=\"font-size: medium;\"><i>Novela de xadrez<\/i><\/span><span style=\"font-size: medium;\">, de Stefan Zweig, <\/span><span style=\"font-size: medium;\"><i>A defensa<\/i><\/span><span style=\"font-size: medium;\">, de Vladimir Navokov e <\/span><span style=\"font-size: medium;\"><i>A variante L\u00fcnenberg<\/i><\/span><span style=\"font-size: medium;\">, de Paolo Maurensig. Deste autor tam\u00e9n lin <\/span><span style=\"font-size: medium;\"><i>Teor\u00eda das sombras<\/i><\/span><span style=\"font-size: medium;\">, que comeza<\/span><span style=\"color: #454545;\"><span style=\"font-size: medium;\"> na ma\u00f1\u00e1 do 24 de marzo de 1946, cando o gran mestre ruso Alekhine aparece morto nun hotel de Estoril. <\/span><\/span><span style=\"color: #454545;\"><span style=\"font-size: medium;\"><i>El pe\u00f3n (2020)<\/i><\/span><\/span><span style=\"color: #454545;\"><span style=\"font-size: medium;\"> comeza en Estocolmo no ano 1962, cando dous homes de mundo opostos enfr\u00f3ntase sobre un taboleiro de xadrez: Arturo Pomar, o neno prodixio da posguerra que agora traballa como auxiliar de Correos, encara a s\u00faa \u00faltima oportunidade deportiva contra un campi\u00f3n algo exc\u00e9ntrico, Robert James Fischer.<!--more--> <\/span><\/span><\/p>\n<p align=\"justify\"><a name=\"_GoBack\"><\/a> <span style=\"color: #454545;\"><span style=\"font-size: medium;\">Baixo este <\/span><\/span><span style=\"color: #454545;\"><span style=\"font-size: medium;\"><i>mcguffin,<\/i><\/span><\/span><span style=\"color: #454545;\"><span style=\"font-size: medium;\"> co\u00f1ecemos a vida doutros pe\u00f3ns, como Juli\u00e1n Grimau, asasinado polo inquilino do Pazo de Meir\u00e1s; Rosa Parks, que non quixo baixar daquel autob\u00fas; James Meredith, o primeiro negro que se matriculou nunha universidade racista; Dolores Medio, Premio Nadal 1952, que pagou a s\u00faa decencia coa represi\u00f3n; Marcos Ana, o poeta que pasou a metade da vida na prisi\u00f3n <\/span><\/span><span style=\"color: #454545;\"><span style=\"font-size: medium;\"><i>(Decidme c\u00f3mo es un \u00e1rbol<\/i><\/span><\/span><span style=\"color: #454545;\"><span style=\"font-size: medium;\">); ou Dionisio Ridruejo, autor dun par de versos do <\/span><\/span><span style=\"color: #454545;\"><span style=\"font-size: medium;\"><i>Cara al Sol<\/i><\/span><\/span><span style=\"color: #454545;\"><span style=\"font-size: medium;\">, que dende o exilio escribiu 32 cartas amargas. Tam\u00e9n pasan por estas apertadas p\u00e1xinas, ademais de Malcolm X e Luther King, a guerra do Vietnam, as 500 vilas anegadas polo franquismo a crise dos m\u00edsiles en Cuba e outros acontecementos convulsos da guerra fr\u00eda.<\/span><\/span><\/p>\n<p align=\"justify\"><span style=\"color: #454545;\"> <span style=\"font-size: medium;\">Como di Leontxo Garc\u00eda, experto nestas cuesti\u00f3ns, \u00ab\u00e9 unha obriga moral recomendar este libro\u00bb. Unha orixinal aposta sobre os pe\u00f3ns que pagaron un prezo excesivo ante a ditadura ou o capitalismo.<\/span><\/span><\/p>\n","protected":false},"excerpt":{"rendered":"<p>Xerardo AgraFoxo.\u00a0Sobre este deporte lembro Novela de xadrez, de Stefan Zweig, A defensa, de Vladimir Navokov e A variante L\u00fcnenberg, de Paolo Maurensig. Deste autor tam\u00e9n lin Teor\u00eda das sombras, que comeza na ma\u00f1\u00e1 do 24 de marzo de 1946, cando o gran mestre ruso Alekhine aparece morto nun hotel de Estoril. El pe\u00f3n (2020) &hellip; <a href=\"http:\/\/cafebarbantia.barbantia.es\/?p=13210\" class=\"more-link\">Seguir lendo <span class=\"screen-reader-text\">El pe\u00f3n, de Paco Cerd\u00e1<\/span> <span class=\"meta-nav\">&rarr;<\/span><\/a><\/p>\n","protected":false},"author":1,"featured_media":0,"comment_status":"open","ping_status":"closed","sticky":false,"template":"","format":"standard","meta":{"_bbp_topic_count":0,"_bbp_reply_count":0,"_bbp_total_topic_count":0,"_bbp_total_reply_count":0,"_bbp_voice_count":0,"_bbp_anonymous_reply_count":0,"_bbp_topic_count_hidden":0,"_bbp_reply_count_hidden":0,"_bbp_forum_subforum_count":0,"_exactmetrics_skip_tracking":false,"_exactmetrics_sitenote_active":false,"_exactmetrics_sitenote_note":"","_exactmetrics_sitenote_category":0,"_monsterinsights_skip_tracking":false,"_monsterinsights_sitenote_active":false,"_monsterinsights_sitenote_note":"","_monsterinsights_sitenote_category":0},"categories":[9,21],"tags":[],"aioseo_notices":[],"_links":{"self":[{"href":"http:\/\/cafebarbantia.barbantia.es\/index.php?rest_route=\/wp\/v2\/posts\/13210"}],"collection":[{"href":"http:\/\/cafebarbantia.barbantia.es\/index.php?rest_route=\/wp\/v2\/posts"}],"about":[{"href":"http:\/\/cafebarbantia.barbantia.es\/index.php?rest_route=\/wp\/v2\/types\/post"}],"author":[{"embeddable":true,"href":"http:\/\/cafebarbantia.barbantia.es\/index.php?rest_route=\/wp\/v2\/users\/1"}],"replies":[{"embeddable":true,"href":"http:\/\/cafebarbantia.barbantia.es\/index.php?rest_route=%2Fwp%2Fv2%2Fcomments&post=13210"}],"version-history":[{"count":1,"href":"http:\/\/cafebarbantia.barbantia.es\/index.php?rest_route=\/wp\/v2\/posts\/13210\/revisions"}],"predecessor-version":[{"id":13212,"href":"http:\/\/cafebarbantia.barbantia.es\/index.php?rest_route=\/wp\/v2\/posts\/13210\/revisions\/13212"}],"wp:attachment":[{"href":"http:\/\/cafebarbantia.barbantia.es\/index.php?rest_route=%2Fwp%2Fv2%2Fmedia&parent=13210"}],"wp:term":[{"taxonomy":"category","embeddable":true,"href":"http:\/\/cafebarbantia.barbantia.es\/index.php?rest_route=%2Fwp%2Fv2%2Fcategories&post=13210"},{"taxonomy":"post_tag","embeddable":true,"href":"http:\/\/cafebarbantia.barbantia.es\/index.php?rest_route=%2Fwp%2Fv2%2Ftags&post=13210"}],"curies":[{"name":"wp","href":"https:\/\/api.w.org\/{rel}","templated":true}]}}