{"id":13395,"date":"2021-04-20T06:00:08","date_gmt":"2021-04-20T06:00:08","guid":{"rendered":"http:\/\/cafebarbantia.barbantia.es\/?p=13395"},"modified":"2021-04-15T08:25:31","modified_gmt":"2021-04-15T08:25:31","slug":"dias-sen-fame-de-delphine-de-vigan","status":"publish","type":"post","link":"http:\/\/cafebarbantia.barbantia.es\/?p=13395","title":{"rendered":"D\u00edas sen fame, de Delphine De Vigan"},"content":{"rendered":"<p align=\"justify\"><em><strong><a href=\"http:\/\/cafebarbantia.barbantia.es\/wp-content\/uploads\/2021\/04\/650b4797a24b024899b575e922685d938a3059fc.jpeg\"><img decoding=\"async\" loading=\"lazy\" class=\"alignright size-medium wp-image-13396\" alt=\"Maquetaci\u0097n 1\" src=\"http:\/\/cafebarbantia.barbantia.es\/wp-content\/uploads\/2021\/04\/650b4797a24b024899b575e922685d938a3059fc-190x300.jpeg\" width=\"190\" height=\"300\" srcset=\"http:\/\/cafebarbantia.barbantia.es\/wp-content\/uploads\/2021\/04\/650b4797a24b024899b575e922685d938a3059fc-190x300.jpeg 190w, http:\/\/cafebarbantia.barbantia.es\/wp-content\/uploads\/2021\/04\/650b4797a24b024899b575e922685d938a3059fc-651x1024.jpeg 651w\" sizes=\"(max-width: 190px) 100vw, 190px\" \/><\/a>Fidel Vidal.\u00a0<\/strong><\/em>Publicada baixo o pseud\u00f3nimo de Lou Delvig, <i>D\u00edas sen fame<\/i> (Anagrama, 2001) \u00e9 a primeira novela de Delphine De Vigan. Nela relata, nunha sorte de confesi\u00f3n cat\u00e1rtica, a loita que mant\u00e9n contra si mesma, contra o seu corpo, contra a imaxe imposible. Tr\u00e1tase dunha obra autobiogr\u00e1fica, a cr\u00faa historia dunha rapaza que sufre de anorexia. \u201cTodo sucedeu paulatinamente. At\u00e9 chegar a iso\u201d. \u201cAt\u00e9 que o fr\u00edo invadiu o seu corpo, inimaxinable. Un fr\u00edo que lle anunciaba o final e que ti\u00f1a que elixir entre vivir ou morrer\u201d.\u00a0Contada en terceira e en primeira persoa, unhas veces ela e outras Laure. \u201cA delgadeza como un grito\u201d. \u201cUn saco de \u00f3sos nunha cama de hospital, iso \u00e9 o que \u00e9. Nin m\u00e1is nin menos\u201d. A ganancia en peso, en gramos, implica intensos esforzos e moita disciplina. <!--more-->Dia a d\u00eda e aos poucos, at\u00e9 que lle retiran a sonda do nariz. Para alcanzar esa meta ter\u00e1 que aprender a comer, aprender a vivir. \u201cO problema \u00e9 tragar\u201d, \u201cTragar\u201d, o que ou a quen? \u201cA anorexia mental revela un problema de relaci\u00f3n coa nai, unha inversi\u00f3n de papeis, pode lerse en todas as revistas femininas\u201d. Deixa caer unha an\u00e1lise da causalidade en relaci\u00f3n \u00e1 mala vida que levou cos seus pais.<a href=\"http:\/\/cafebarbantia.barbantia.es\/wp-content\/uploads\/2021\/04\/xthumb_10401_autores_big.jpeg.pagespeed.ic_.KNVdeK1mp3.jpg\"><img decoding=\"async\" loading=\"lazy\" class=\"alignleft size-full wp-image-13397\" alt=\"xthumb_10401_autores_big.jpeg.pagespeed.ic.KNVdeK1mp3\" src=\"http:\/\/cafebarbantia.barbantia.es\/wp-content\/uploads\/2021\/04\/xthumb_10401_autores_big.jpeg.pagespeed.ic_.KNVdeK1mp3.jpg\" width=\"300\" height=\"235\" \/><\/a> \u201cPolo momento s\u00f3 lle consta unha cousa: quer\u00eda facerlles dano, ferilos no m\u00e1is fondo, talvez destru\u00edlos. Ao seu pai e a s\u00faa nai. Que non se vaian de <i>rositas<\/i>. Velenosos ambos\u201d.<\/p>\n<p align=\"justify\">De p\u00e9 perde o equilibrio e sentada d\u00f3enlle as cachas. Cr\u00e1vanselle os osos na pel. E am\u00f3sase especialmente agradecida ao doutor Brunel polo seu empe\u00f1o e axuda. Grazas ao terapeuta foi capaz de p\u00f3r en marcha a s\u00faa recuperaci\u00f3n. \u201cA\u00ednda agora, transcorridos os anos e ao pracer de vivir que recobrou, dio cando se refire ao tema: el salvoume a vida\u201d. O hospital sup\u00f3n un refuxio, \u00e1 vez acolledor e curador, mais a vida, a verdadeira vida \u00e1 que ten que enfrontarse, segue a estar f\u00f3ra.<\/p>\n","protected":false},"excerpt":{"rendered":"<p>Fidel Vidal.\u00a0Publicada baixo o pseud\u00f3nimo de Lou Delvig, D\u00edas sen fame (Anagrama, 2001) \u00e9 a primeira novela de Delphine De Vigan. Nela relata, nunha sorte de confesi\u00f3n cat\u00e1rtica, a loita que mant\u00e9n contra si mesma, contra o seu corpo, contra a imaxe imposible. Tr\u00e1tase dunha obra autobiogr\u00e1fica, a cr\u00faa historia dunha rapaza que sufre de &hellip; <a href=\"http:\/\/cafebarbantia.barbantia.es\/?p=13395\" class=\"more-link\">Seguir lendo <span class=\"screen-reader-text\">D\u00edas sen fame, de Delphine De Vigan<\/span> <span class=\"meta-nav\">&rarr;<\/span><\/a><\/p>\n","protected":false},"author":1,"featured_media":0,"comment_status":"open","ping_status":"closed","sticky":false,"template":"","format":"standard","meta":{"_bbp_topic_count":0,"_bbp_reply_count":0,"_bbp_total_topic_count":0,"_bbp_total_reply_count":0,"_bbp_voice_count":0,"_bbp_anonymous_reply_count":0,"_bbp_topic_count_hidden":0,"_bbp_reply_count_hidden":0,"_bbp_forum_subforum_count":0,"_exactmetrics_skip_tracking":false,"_exactmetrics_sitenote_active":false,"_exactmetrics_sitenote_note":"","_exactmetrics_sitenote_category":0,"_monsterinsights_skip_tracking":false,"_monsterinsights_sitenote_active":false,"_monsterinsights_sitenote_note":"","_monsterinsights_sitenote_category":0},"categories":[7,65,9],"tags":[],"aioseo_notices":[],"_links":{"self":[{"href":"http:\/\/cafebarbantia.barbantia.es\/index.php?rest_route=\/wp\/v2\/posts\/13395"}],"collection":[{"href":"http:\/\/cafebarbantia.barbantia.es\/index.php?rest_route=\/wp\/v2\/posts"}],"about":[{"href":"http:\/\/cafebarbantia.barbantia.es\/index.php?rest_route=\/wp\/v2\/types\/post"}],"author":[{"embeddable":true,"href":"http:\/\/cafebarbantia.barbantia.es\/index.php?rest_route=\/wp\/v2\/users\/1"}],"replies":[{"embeddable":true,"href":"http:\/\/cafebarbantia.barbantia.es\/index.php?rest_route=%2Fwp%2Fv2%2Fcomments&post=13395"}],"version-history":[{"count":1,"href":"http:\/\/cafebarbantia.barbantia.es\/index.php?rest_route=\/wp\/v2\/posts\/13395\/revisions"}],"predecessor-version":[{"id":13398,"href":"http:\/\/cafebarbantia.barbantia.es\/index.php?rest_route=\/wp\/v2\/posts\/13395\/revisions\/13398"}],"wp:attachment":[{"href":"http:\/\/cafebarbantia.barbantia.es\/index.php?rest_route=%2Fwp%2Fv2%2Fmedia&parent=13395"}],"wp:term":[{"taxonomy":"category","embeddable":true,"href":"http:\/\/cafebarbantia.barbantia.es\/index.php?rest_route=%2Fwp%2Fv2%2Fcategories&post=13395"},{"taxonomy":"post_tag","embeddable":true,"href":"http:\/\/cafebarbantia.barbantia.es\/index.php?rest_route=%2Fwp%2Fv2%2Ftags&post=13395"}],"curies":[{"name":"wp","href":"https:\/\/api.w.org\/{rel}","templated":true}]}}