{"id":13455,"date":"2021-05-01T06:00:27","date_gmt":"2021-05-01T06:00:27","guid":{"rendered":"http:\/\/cafebarbantia.barbantia.es\/?p=13455"},"modified":"2021-04-28T06:52:06","modified_gmt":"2021-04-28T06:52:06","slug":"angelino","status":"publish","type":"post","link":"http:\/\/cafebarbantia.barbantia.es\/?p=13455","title":{"rendered":"Angeli\u00f1o"},"content":{"rendered":"<p align=\"justify\"><span style=\"font-size: large;\"><i><a href=\"http:\/\/cafebarbantia.barbantia.es\/wp-content\/uploads\/2021\/04\/3687850.jpg\"><img decoding=\"async\" loading=\"lazy\" class=\"alignright size-medium wp-image-13456\" alt=\"3687850\" src=\"http:\/\/cafebarbantia.barbantia.es\/wp-content\/uploads\/2021\/04\/3687850-300x225.jpg\" width=\"300\" height=\"225\" srcset=\"http:\/\/cafebarbantia.barbantia.es\/wp-content\/uploads\/2021\/04\/3687850-300x225.jpg 300w, http:\/\/cafebarbantia.barbantia.es\/wp-content\/uploads\/2021\/04\/3687850-1024x768.jpg 1024w, http:\/\/cafebarbantia.barbantia.es\/wp-content\/uploads\/2021\/04\/3687850-900x675.jpg 900w, http:\/\/cafebarbantia.barbantia.es\/wp-content\/uploads\/2021\/04\/3687850.jpg 1200w\" sizes=\"(max-width: 300px) 100vw, 300px\" \/><\/a><strong>X. Ricardo Losada.\u00a0<\/strong>Un Angeli\u00f1o estelar marca un gol, lanza al Leipzig y elimina al Manchester United de la Champions. <\/i>Cando lin o titular, a pesar da cantidade de palabras cheas de forza hist\u00f3rica, fon\u00e9tica ou econ\u00f3mica, e a pesar de que pouco afectaba \u00e1 informaci\u00f3n, o \u00fanico que me chamou a atenci\u00f3n foi o diminutivo <i>i\u00f1o. <!--more--><\/i>Atopei unha explicaci\u00f3n recordando a lei perceptiva de contraste. Nun cadro negro cun punto branco percibimos antes o punto branco. Do mesmo xeito, ese <i>i\u00f1o <\/i>contrastaba co resto de palabras do titular. Desde logo, co concepto de <i>estelar<\/i> xa que, <i>i\u00f1o<\/i> \u00e9 moi galego, o noso complexo de inferioridade \u00e9 proverbial. Co\u00f1ezo xente que ri cando escoita <i>Angeli\u00f1o <\/i>\u00e1 que nunca lle chamou a atenci\u00f3n que un xogador do Real Madrid se chamase Juanito. E, por suposto, tam\u00e9n contrastaba con Leipzig. Como dir\u00eda Heidegger, s\u00f3 o alem\u00e1n e o grego son idiomas v\u00e1lidos para a filosof\u00eda. A\u00ednda que o f\u00fatbol e a filosof\u00eda pouco te\u00f1en que ver, o Leipzig non deber\u00eda permitir nas s\u00faas camisetas ese rid\u00edculo diminutivo. E o mesmo pode dicirse de Manchester United ou Champions, palabras do imperio angl\u00f3filo que domina hoxe o mundo. Como dir\u00eda un representante de actores de Hollywood, con ese diminutivo, ser un perdedor est\u00e1 garantido. <\/span><\/p>\n<p align=\"justify\"><span style=\"font-size: large;\">Despois desa reflexi\u00f3n, nun deses xiros narrativos tan habituais nas series que aspiran ao \u00e9xito comercial (e este artigo pretende ganar un concurso), recordei a morte de Maradona. <i>Un Maradona estelar marca un gol, lanza al Leipzig y elimina al Manchester United de la Champions, <\/i>dixen en voz alta para comprobar que o problema era o <i>i\u00f1o. <\/i>Co nome do arxentino, o titular flu\u00eda como as caudalosas augas dun r\u00edo. Ag\u00e1s&#8230; E ent\u00f3n, necesitado dun novo xiro narrativo, recordei outro titular que lera hab\u00eda moito tempo: <i>El idilio de Maradona con la coca\u00edna de la camorra.<\/i> E rapidamente transformeino neste: <i>El idilio de Angeli\u00f1o con la coca\u00edna de la camorra, <\/i>para comprobar, como agardaba, que o diminutivo <i>i\u00f1o<\/i>, m\u00e1is que o feito de ser un <i>\u00e1ngel, <\/i>contrastaba co concepto de <i>camorra.<\/i> Pode que o <i>i\u00f1o <\/i>condenase a quen o levase ao fracaso econ\u00f3mico, conclu\u00edn, pero inmuniz\u00e1bao contra o fracaso da drogadicci\u00f3n. <\/span><\/p>\n<p align=\"justify\"><span style=\"font-size: large;\">E ent\u00f3n, de novo noutro xiro narrativo truculento, recordei que cando morreu Maradona, algu\u00e9n escribiu en internet este comentario: <i>Maradona levaba moi mala vida e os excesos p\u00e1ganse, <\/i>ao que outro internauta contestou: <i>Que Maradona morrese e os Rolling Stones sigan vivos constata que o problema non son as drogas, sen\u00f3n o deporte. <\/i>Estar\u00eda ben, pensei, que Angeli\u00f1o vivise m\u00e1is tempo que a media de vida dos membros dos Rolling Stones, e puidese demostrar que o deporte non \u00e9 ning\u00fan problema. E, xa postos, no xiro narrativo m\u00e1is inveros\u00edmil de todos, que tam\u00e9n demostrase que un diminutivo galego pod\u00eda ser estelar, filos\u00f3fico e triunfador, como calquera outro. E, cando pensaba acabar a historia con ese final feliz, como se buscase un anticl\u00edmax para tanta felicidade, a\u00ednda dei outro xiro narrativo. Recordei que un d\u00eda, vendo un partido da NBA, un adestrador d\u00edxolle a Maradona: <i>Michael Jordan \u00e9 xenial, <\/i>e Maradona apostilou: <i>Si, \u00e9 moi bo, pero el xoga coa mans. <\/i>E imaxinei, agora si, para rematar a historia, que a Angeli\u00f1o lle poder\u00eda ter pasado algo parecido. O adestrador dir\u00edalle: <i>Jordan \u00e9 xenial. <\/i>E Angeli\u00f1o apostilar\u00eda: <i>Si, \u00e9 moi bo, pero el non se chama Michaeli\u00f1o. <\/i><\/span><\/p>\n","protected":false},"excerpt":{"rendered":"<p>X. Ricardo Losada.\u00a0Un Angeli\u00f1o estelar marca un gol, lanza al Leipzig y elimina al Manchester United de la Champions. Cando lin o titular, a pesar da cantidade de palabras cheas de forza hist\u00f3rica, fon\u00e9tica ou econ\u00f3mica, e a pesar de que pouco afectaba \u00e1 informaci\u00f3n, o \u00fanico que me chamou a atenci\u00f3n foi o diminutivo &hellip; <a href=\"http:\/\/cafebarbantia.barbantia.es\/?p=13455\" class=\"more-link\">Seguir lendo <span class=\"screen-reader-text\">Angeli\u00f1o<\/span> <span class=\"meta-nav\">&rarr;<\/span><\/a><\/p>\n","protected":false},"author":1,"featured_media":0,"comment_status":"open","ping_status":"closed","sticky":false,"template":"","format":"standard","meta":{"_bbp_topic_count":0,"_bbp_reply_count":0,"_bbp_total_topic_count":0,"_bbp_total_reply_count":0,"_bbp_voice_count":0,"_bbp_anonymous_reply_count":0,"_bbp_topic_count_hidden":0,"_bbp_reply_count_hidden":0,"_bbp_forum_subforum_count":0,"_exactmetrics_skip_tracking":false,"_exactmetrics_sitenote_active":false,"_exactmetrics_sitenote_note":"","_exactmetrics_sitenote_category":0,"_monsterinsights_skip_tracking":false,"_monsterinsights_sitenote_active":false,"_monsterinsights_sitenote_note":"","_monsterinsights_sitenote_category":0},"categories":[7,9,26],"tags":[],"aioseo_notices":[],"_links":{"self":[{"href":"http:\/\/cafebarbantia.barbantia.es\/index.php?rest_route=\/wp\/v2\/posts\/13455"}],"collection":[{"href":"http:\/\/cafebarbantia.barbantia.es\/index.php?rest_route=\/wp\/v2\/posts"}],"about":[{"href":"http:\/\/cafebarbantia.barbantia.es\/index.php?rest_route=\/wp\/v2\/types\/post"}],"author":[{"embeddable":true,"href":"http:\/\/cafebarbantia.barbantia.es\/index.php?rest_route=\/wp\/v2\/users\/1"}],"replies":[{"embeddable":true,"href":"http:\/\/cafebarbantia.barbantia.es\/index.php?rest_route=%2Fwp%2Fv2%2Fcomments&post=13455"}],"version-history":[{"count":1,"href":"http:\/\/cafebarbantia.barbantia.es\/index.php?rest_route=\/wp\/v2\/posts\/13455\/revisions"}],"predecessor-version":[{"id":13457,"href":"http:\/\/cafebarbantia.barbantia.es\/index.php?rest_route=\/wp\/v2\/posts\/13455\/revisions\/13457"}],"wp:attachment":[{"href":"http:\/\/cafebarbantia.barbantia.es\/index.php?rest_route=%2Fwp%2Fv2%2Fmedia&parent=13455"}],"wp:term":[{"taxonomy":"category","embeddable":true,"href":"http:\/\/cafebarbantia.barbantia.es\/index.php?rest_route=%2Fwp%2Fv2%2Fcategories&post=13455"},{"taxonomy":"post_tag","embeddable":true,"href":"http:\/\/cafebarbantia.barbantia.es\/index.php?rest_route=%2Fwp%2Fv2%2Ftags&post=13455"}],"curies":[{"name":"wp","href":"https:\/\/api.w.org\/{rel}","templated":true}]}}