{"id":13486,"date":"2021-05-27T06:00:33","date_gmt":"2021-05-27T06:00:33","guid":{"rendered":"http:\/\/cafebarbantia.barbantia.es\/?p=13486"},"modified":"2021-05-26T09:31:47","modified_gmt":"2021-05-26T09:31:47","slug":"verdello-e-lama","status":"publish","type":"post","link":"http:\/\/cafebarbantia.barbantia.es\/?p=13486","title":{"rendered":"Verdello e lama"},"content":{"rendered":"<p style=\"text-align: justify;\"><em><strong><a href=\"http:\/\/cafebarbantia.barbantia.es\/wp-content\/uploads\/2021\/05\/B27A1034.jpg\"><img decoding=\"async\" loading=\"lazy\" class=\"alignright size-medium wp-image-13487\" alt=\"B27A1034\" src=\"http:\/\/cafebarbantia.barbantia.es\/wp-content\/uploads\/2021\/05\/B27A1034-300x168.jpg\" width=\"300\" height=\"168\" srcset=\"http:\/\/cafebarbantia.barbantia.es\/wp-content\/uploads\/2021\/05\/B27A1034-300x168.jpg 300w, http:\/\/cafebarbantia.barbantia.es\/wp-content\/uploads\/2021\/05\/B27A1034-1024x576.jpg 1024w, http:\/\/cafebarbantia.barbantia.es\/wp-content\/uploads\/2021\/05\/B27A1034-900x506.jpg 900w, http:\/\/cafebarbantia.barbantia.es\/wp-content\/uploads\/2021\/05\/B27A1034.jpg 1280w\" sizes=\"(max-width: 300px) 100vw, 300px\" \/><\/a>Agust\u00edn Agra.\u00a0<\/strong><\/em>Chegada a candeloria, o canto dos tordos b\u00f3tame aos cami\u00f1os. Dende o espeso das sebes ou empoleirados dunha percha, o seu reclamo nupcial gu\u00eda os meus pasos. O anuncio da fin da tempada de invern\u00eda marca unha breve par\u00e9ntese nas visitas \u00e1 lagoa de Vix\u00e1n e \u00e1 praia da Ladeira, ao esteiro do Coro\u00f1o e ao areal da Torre<!--more--> tras o ronsel do mergull\u00f3n orelleiro, \u00e1s Centoleiras de Agui\u00f1o ou ao faro de Corrubedo na busca de mascatos e da mir\u00edade de aves pel\u00e1xicas que se acaroan \u00e1 terra en tempo de tormenta.<\/p>\n<div id=\"6TEXTO_DETALLEad_RobaPaginasMobile-id\" itemscope=\"\" itemtype=\"https:\/\/schema.org\/WPAdBlock\" style=\"text-align: justify;\" data-ads=\"true\" data-url=\"\/4900\/webm.EXT.LAVOZDEGALICIA\/galicia\/barbanza\" data-mapping=\"ROBAMOBILE\" data-sizes=\"[[300,600],[300,250]]\" data-param=\"pos\" data-format=\"mobile\" data-targeting=\"robapaginas\">O medrar dos d\u00edas trae canda si a procura do cuco e da bubela, dos cirrios e andori\u00f1as, da rula e da cego\u00f1a, da tartara\u00f1a que percorre incansable as canles da marisma de Outes e dos millafres que, tras a s\u00faa volta dende a outra banda do deserto do S\u00e1hara, sobrevoan os ceos de Servia.<\/div>\n<p style=\"text-align: justify;\">Nin pedregullo nin cemento. A\u00ednda aceptando como argumento a prol da democratizaci\u00f3n da natureza a roza de cami\u00f1os pouco transitados, resulta dif\u00edcil compartir as desfeitas referendadas polas boas intenci\u00f3ns: as limpas a destempo, cando os paxaros que ani\u00f1an agochados entre o mato xa comezaron a s\u00faa angueira en prol da continuidade da especie; a demouca dos bosques de ribeira coa escusa de limpar o per\u00edmetro das torres de alta tensi\u00f3n; a pavimentaci\u00f3n arbitraria de cami\u00f1os que sup\u00f3n a s\u00faa domesticaci\u00f3n definitiva&#8230;<\/p>\n<div id=\"ad_Roba2Desktop\" itemscope=\"\" itemtype=\"https:\/\/schema.org\/WPAdBlock\" style=\"text-align: justify;\" data-url=\"\/2260323\/LVDG.Desktop\/barbanza\" data-mapping=\"VOZ_ROBA_DESKTOP\" data-sizes=\"[[200,200],[250,250],[300,250],[300,300],[300,600],[160,600],[1,1]]\" data-param=\"pos\" data-format=\"double\" data-targeting=\"Roba2\"><strong>Cita co fondo da r\u00eda<\/strong><\/div>\n<p style=\"text-align: justify;\">Os cami\u00f1os tan s\u00f3 precisan de p\u00e9s que os cami\u00f1en e os mante\u00f1an abertos, de o\u00eddos atentos a cantos e reclamos, de ollos alerta e de cerebros dispostos a gozar do que o contorno lles ofrece. As\u00ed, cando devala a marea e queda ao descuberto o lameiro e o verdello, acudo \u00e1 cita inadiable que adoito manter co fondo da r\u00eda. O rumbo que gu\u00eda os meus pasos decorre dende a vila ata a Rosa dos ventos paralelo \u00e1 Escollera; e a\u00ednda m\u00e1is al\u00e1, pasado o Talleraco e a Barqui\u00f1a ata a punta das Sa\u00ed\u00f1as. Vela\u00ed o territorio das garzas e das garzotas, do bilurico claro e os pilros bulideiros, dos lavancos e do milleiro longo de gaivotas que a\u00ednda apa\u00f1an o sustento nas augas do esteiro.<\/p>\n<p style=\"text-align: justify;\">Coa subida da marea, a enchente empurra as lim\u00edcolas na direcci\u00f3n dos meus prism\u00e1ticos. A espera sempre paga a pena: unhas veces sorprende cunha presada de biluricos patirrubios, outras con alg\u00fan solitario mazarico rabinegro que anda \u00e1 fartura a car\u00f3n dos emisarios que emiten a s\u00faa putridez enfronte dos edificios de Labarta. Noutras ocasi\u00f3ns son os cullereiros, cunha presenza que se volveu permanente entre n\u00f3s al\u00e9n da invern\u00eda, os que aledan o paseo.<\/p>\n<div id=\"TEXTO_DETALLE_ad_Roba3Desktop\" itemscope=\"\" itemtype=\"https:\/\/schema.org\/WPAdBlock\" style=\"text-align: justify;\" data-url=\"\/2260323\/LVDG.Desktop\/barbanza\" data-mapping=\"VOZ_ROBA300_DESKTOP\" data-sizes=\"[[300,250],[300,300],[1,1]]\" data-param=\"pos\" data-format=\"normal\" data-targeting=\"Roba3\">Este d\u00eda, cando me acheguei \u00e1 punta de Abru\u00f1eiras na procura de virapedras e p\u00edllaras reais, unha bandada cun cento de pilros curlibicos que escaparan \u00e1 mi\u00f1a esculca levantaron o voo e pasaron tan cerca que sent\u00edn nas orellas o bater das s\u00faas \u00e1s. Daquela, mentres me entreti\u00f1a na busca entre o remu\u00ed\u00f1o dalgunha silueta que diferise do patr\u00f3n, unha voz tan sorprendente coma o fraseo do \u00f3boe do pai Gabriel no mesto da selva guaran\u00ed alcanzoume dende unha mata que medraba \u00e1s mi\u00f1as costas: mi fa mi re miii&#8230; Catro fusas seguidas de d\u00faas negras enlazadas que algu\u00e9n entoou dende a espesura dun loureiro. Cando me virei, rebumbio de plumas a rentes do carreiro arruinado: o tordo xa marchara.<\/div>\n","protected":false},"excerpt":{"rendered":"<p>Agust\u00edn Agra.\u00a0Chegada a candeloria, o canto dos tordos b\u00f3tame aos cami\u00f1os. Dende o espeso das sebes ou empoleirados dunha percha, o seu reclamo nupcial gu\u00eda os meus pasos. O anuncio da fin da tempada de invern\u00eda marca unha breve par\u00e9ntese nas visitas \u00e1 lagoa de Vix\u00e1n e \u00e1 praia da Ladeira, ao esteiro do Coro\u00f1o &hellip; <a href=\"http:\/\/cafebarbantia.barbantia.es\/?p=13486\" class=\"more-link\">Seguir lendo <span class=\"screen-reader-text\">Verdello e lama<\/span> <span class=\"meta-nav\">&rarr;<\/span><\/a><\/p>\n","protected":false},"author":1,"featured_media":0,"comment_status":"open","ping_status":"closed","sticky":false,"template":"","format":"standard","meta":{"_bbp_topic_count":0,"_bbp_reply_count":0,"_bbp_total_topic_count":0,"_bbp_total_reply_count":0,"_bbp_voice_count":0,"_bbp_anonymous_reply_count":0,"_bbp_topic_count_hidden":0,"_bbp_reply_count_hidden":0,"_bbp_forum_subforum_count":0,"_exactmetrics_skip_tracking":false,"_exactmetrics_sitenote_active":false,"_exactmetrics_sitenote_note":"","_exactmetrics_sitenote_category":0,"_monsterinsights_skip_tracking":false,"_monsterinsights_sitenote_active":false,"_monsterinsights_sitenote_note":"","_monsterinsights_sitenote_category":0},"categories":[23,39,7],"tags":[],"aioseo_notices":[],"_links":{"self":[{"href":"http:\/\/cafebarbantia.barbantia.es\/index.php?rest_route=\/wp\/v2\/posts\/13486"}],"collection":[{"href":"http:\/\/cafebarbantia.barbantia.es\/index.php?rest_route=\/wp\/v2\/posts"}],"about":[{"href":"http:\/\/cafebarbantia.barbantia.es\/index.php?rest_route=\/wp\/v2\/types\/post"}],"author":[{"embeddable":true,"href":"http:\/\/cafebarbantia.barbantia.es\/index.php?rest_route=\/wp\/v2\/users\/1"}],"replies":[{"embeddable":true,"href":"http:\/\/cafebarbantia.barbantia.es\/index.php?rest_route=%2Fwp%2Fv2%2Fcomments&post=13486"}],"version-history":[{"count":1,"href":"http:\/\/cafebarbantia.barbantia.es\/index.php?rest_route=\/wp\/v2\/posts\/13486\/revisions"}],"predecessor-version":[{"id":13488,"href":"http:\/\/cafebarbantia.barbantia.es\/index.php?rest_route=\/wp\/v2\/posts\/13486\/revisions\/13488"}],"wp:attachment":[{"href":"http:\/\/cafebarbantia.barbantia.es\/index.php?rest_route=%2Fwp%2Fv2%2Fmedia&parent=13486"}],"wp:term":[{"taxonomy":"category","embeddable":true,"href":"http:\/\/cafebarbantia.barbantia.es\/index.php?rest_route=%2Fwp%2Fv2%2Fcategories&post=13486"},{"taxonomy":"post_tag","embeddable":true,"href":"http:\/\/cafebarbantia.barbantia.es\/index.php?rest_route=%2Fwp%2Fv2%2Ftags&post=13486"}],"curies":[{"name":"wp","href":"https:\/\/api.w.org\/{rel}","templated":true}]}}