{"id":13489,"date":"2021-05-29T06:00:14","date_gmt":"2021-05-29T06:00:14","guid":{"rendered":"http:\/\/cafebarbantia.barbantia.es\/?p=13489"},"modified":"2021-05-26T09:35:27","modified_gmt":"2021-05-26T09:35:27","slug":"cerna-e-abstraccion","status":"publish","type":"post","link":"http:\/\/cafebarbantia.barbantia.es\/?p=13489","title":{"rendered":"Cerna e abstracci\u00f3n"},"content":{"rendered":"<p style=\"text-align: justify;\"><a href=\"http:\/\/cafebarbantia.barbantia.es\/wp-content\/uploads\/2021\/05\/B30A1084.jpg\"><img decoding=\"async\" loading=\"lazy\" class=\"alignright size-medium wp-image-13490\" alt=\"B30A1084\" src=\"http:\/\/cafebarbantia.barbantia.es\/wp-content\/uploads\/2021\/05\/B30A1084-300x168.jpg\" width=\"300\" height=\"168\" srcset=\"http:\/\/cafebarbantia.barbantia.es\/wp-content\/uploads\/2021\/05\/B30A1084-300x168.jpg 300w, http:\/\/cafebarbantia.barbantia.es\/wp-content\/uploads\/2021\/05\/B30A1084-1024x576.jpg 1024w, http:\/\/cafebarbantia.barbantia.es\/wp-content\/uploads\/2021\/05\/B30A1084-900x506.jpg 900w, http:\/\/cafebarbantia.barbantia.es\/wp-content\/uploads\/2021\/05\/B30A1084.jpg 1280w\" sizes=\"(max-width: 300px) 100vw, 300px\" \/><\/a><em><strong>Antonio Pi\u00f1eiro.\u00a0<\/strong><\/em>Souben de Ant\u00eda Brey con ocasi\u00f3n da s\u00faa mostra 5 elementos, na Casa da Cultura da Cachada. Deseguido, o empezo circunstancial co que demos dende primeiros do 2020 puxo unha par\u00e9ntese que xa se vai facendo longa de m\u00e1is. Pero volv\u00edn saber, hai uns d\u00edas, no canto dunha conversa sobre a arte e o informalismo, do traballo que est\u00e1 a realizar<!--more-->, seguramente para unha nova e pr\u00f3xima mostra.<\/p>\n<div id=\"6TEXTO_DETALLEad_RobaPaginasMobile-id\" itemscope=\"\" itemtype=\"https:\/\/schema.org\/WPAdBlock\" style=\"text-align: justify;\" data-ads=\"true\" data-url=\"\/4900\/webm.EXT.LAVOZDEGALICIA\/galicia\/barbanza\" data-mapping=\"ROBAMOBILE\" data-sizes=\"[[300,600],[300,250]]\" data-param=\"pos\" data-format=\"mobile\" data-targeting=\"robapaginas\">Xa dende o primeiro intre me pareceu unha proposta fresca, \u00e1xil, en\u00e9rxica, con ganas de abrir cami\u00f1os. Te\u00f1o as variantes do informalismo pola materia escura do universo pict\u00f3rico. Quero dicir: esa meirande parte das posibilidades que a\u00ednda non est\u00e1n \u00e1 vista, mais est\u00e1n.<\/div>\n<p style=\"text-align: justify;\">Territorio certo da fecundidade, a abstracci\u00f3n sempre ofrece ese cabemento ao eido persoal, ao intuitivo, ao propio, mesturado coas demais posibilidades da pl\u00e1stica. \u00c9 onde a personalidade m\u00e1is deixa de si mesma, o que ben vir\u00edan corroborar non poucas ramas da ciencia.<\/p>\n<div id=\"ad_Roba2Desktop\" itemscope=\"\" itemtype=\"https:\/\/schema.org\/WPAdBlock\" style=\"text-align: justify;\" data-url=\"\/2260323\/LVDG.Desktop\/barbanza\" data-mapping=\"VOZ_ROBA_DESKTOP\" data-sizes=\"[[200,200],[250,250],[300,250],[300,300],[300,600],[160,600],[1,1]]\" data-param=\"pos\" data-format=\"double\" data-targeting=\"Roba2\">Ant\u00eda Brey d\u00e1lle a ese azo un lugar certo seguro os factores est\u00e9ticos. \u00c9 un \u00edmpeto, unha enerx\u00eda que se nota, que forma parte da linguaxe. Case unha combinaci\u00f3n do pracer creativo coa funci\u00f3n fisiol\u00f3xica. Sen d\u00fabida \u00e9 a cesi\u00f3n \u00e1 espontaneidade unha das s\u00faas bazas. Ser quen de domear o animal dif\u00edcil do instante, ata o embridar perceptiblemente, coido que \u00e9 un valor verdadeiro no que \u00e1 s\u00faa pintura atinxe.<\/div>\n<p style=\"text-align: justify;\"><strong>A mancha<\/strong><\/p>\n<p style=\"text-align: justify;\">Un dos alicerces m\u00e1is suxestivos do informalismo \u00e9 a mancha. Ese h\u00edbrido de raz\u00f3n e emoci\u00f3n que \u00e9 a linguaxe do xesto. A cuesti\u00f3n, non s\u00f3 coma t\u00e9cnica ou opci\u00f3n art\u00edstica, sen\u00f3n tam\u00e9n coma obxecto reflexivo, filos\u00f3fico, actitudinal, exploratorio. Diso, precisamente, falabamos nas clases esta semana, no canto de albiscar as posibilidades que o expresionismo abstracto ofrece \u00e1 lectura dos seus observadores. \u00c9 a cerna, a dose subxectiva \u00e1 que Ant\u00eda, sabedora, deixa espazo.<\/p>\n<div id=\"TEXTO_DETALLE_ad_Roba3Desktop\" itemscope=\"\" itemtype=\"https:\/\/schema.org\/WPAdBlock\" style=\"text-align: justify;\" data-url=\"\/2260323\/LVDG.Desktop\/barbanza\" data-mapping=\"VOZ_ROBA300_DESKTOP\" data-sizes=\"[[300,250],[300,300],[1,1]]\" data-param=\"pos\" data-format=\"normal\" data-targeting=\"Roba3\">Creo que Ant\u00eda Brey re\u00fane elegancia e empat\u00eda como en poucas ocasi\u00f3ns acontece. Para o primeiro caso rem\u00edtome \u00e1s s\u00faas obras: harmon\u00eda na enerx\u00eda, sutileza na contundencia, gozoso estilo e moito que dicir. E coa segunda afirmaci\u00f3n non me estou a referir s\u00f3 \u00e1 capacidade de empatizar co espectador, que tam\u00e9n, sen\u00f3n ao feito de ser quen de facelo coa dial\u00e9ctica, cos materiais, recursos, t\u00e9cnicas e elementos do oficio. Parece claro, no que leva feito, que ela e mais eles ent\u00e9ndense, e que establecen doadamente os necesarios v\u00ednculos co p\u00fablico. Persoalmente prod\u00faceme, ademais, especial agrado que, ao menos nesta etapa, Ant\u00eda escolla esa faceta l\u00fadica, alegre e desconxestionada que tanto me recorda a enorme pl\u00e1stica galega dos oitenta.<\/div>\n<p style=\"text-align: justify;\">Agardamos con devezo esa nova mostra, Ant\u00eda Brey. Seguimos de preto o teu bo facer e, se \u00e9 certo que todo, na arte, \u00e9 resultado dunha longa dedicaci\u00f3n, aprendizaxe e perfeccionamento, xa imos adivi\u00f1ando ata onde pode chegar a t\u00faa obra.<\/p>\n","protected":false},"excerpt":{"rendered":"<p>Antonio Pi\u00f1eiro.\u00a0Souben de Ant\u00eda Brey con ocasi\u00f3n da s\u00faa mostra 5 elementos, na Casa da Cultura da Cachada. Deseguido, o empezo circunstancial co que demos dende primeiros do 2020 puxo unha par\u00e9ntese que xa se vai facendo longa de m\u00e1is. Pero volv\u00edn saber, hai uns d\u00edas, no canto dunha conversa sobre a arte e o &hellip; <a href=\"http:\/\/cafebarbantia.barbantia.es\/?p=13489\" class=\"more-link\">Seguir lendo <span class=\"screen-reader-text\">Cerna e abstracci\u00f3n<\/span> <span class=\"meta-nav\">&rarr;<\/span><\/a><\/p>\n","protected":false},"author":1,"featured_media":0,"comment_status":"open","ping_status":"closed","sticky":false,"template":"","format":"standard","meta":{"_bbp_topic_count":0,"_bbp_reply_count":0,"_bbp_total_topic_count":0,"_bbp_total_reply_count":0,"_bbp_voice_count":0,"_bbp_anonymous_reply_count":0,"_bbp_topic_count_hidden":0,"_bbp_reply_count_hidden":0,"_bbp_forum_subforum_count":0,"_exactmetrics_skip_tracking":false,"_exactmetrics_sitenote_active":false,"_exactmetrics_sitenote_note":"","_exactmetrics_sitenote_category":0,"_monsterinsights_skip_tracking":false,"_monsterinsights_sitenote_active":false,"_monsterinsights_sitenote_note":"","_monsterinsights_sitenote_category":0},"categories":[35,4,7],"tags":[],"aioseo_notices":[],"_links":{"self":[{"href":"http:\/\/cafebarbantia.barbantia.es\/index.php?rest_route=\/wp\/v2\/posts\/13489"}],"collection":[{"href":"http:\/\/cafebarbantia.barbantia.es\/index.php?rest_route=\/wp\/v2\/posts"}],"about":[{"href":"http:\/\/cafebarbantia.barbantia.es\/index.php?rest_route=\/wp\/v2\/types\/post"}],"author":[{"embeddable":true,"href":"http:\/\/cafebarbantia.barbantia.es\/index.php?rest_route=\/wp\/v2\/users\/1"}],"replies":[{"embeddable":true,"href":"http:\/\/cafebarbantia.barbantia.es\/index.php?rest_route=%2Fwp%2Fv2%2Fcomments&post=13489"}],"version-history":[{"count":1,"href":"http:\/\/cafebarbantia.barbantia.es\/index.php?rest_route=\/wp\/v2\/posts\/13489\/revisions"}],"predecessor-version":[{"id":13491,"href":"http:\/\/cafebarbantia.barbantia.es\/index.php?rest_route=\/wp\/v2\/posts\/13489\/revisions\/13491"}],"wp:attachment":[{"href":"http:\/\/cafebarbantia.barbantia.es\/index.php?rest_route=%2Fwp%2Fv2%2Fmedia&parent=13489"}],"wp:term":[{"taxonomy":"category","embeddable":true,"href":"http:\/\/cafebarbantia.barbantia.es\/index.php?rest_route=%2Fwp%2Fv2%2Fcategories&post=13489"},{"taxonomy":"post_tag","embeddable":true,"href":"http:\/\/cafebarbantia.barbantia.es\/index.php?rest_route=%2Fwp%2Fv2%2Ftags&post=13489"}],"curies":[{"name":"wp","href":"https:\/\/api.w.org\/{rel}","templated":true}]}}