{"id":13560,"date":"2021-06-08T06:00:28","date_gmt":"2021-06-08T06:00:28","guid":{"rendered":"http:\/\/cafebarbantia.barbantia.es\/?p=13560"},"modified":"2021-05-29T07:06:44","modified_gmt":"2021-05-29T07:06:44","slug":"orgosolo-un-abeiro-de-arte-e-creatividade","status":"publish","type":"post","link":"http:\/\/cafebarbantia.barbantia.es\/?p=13560","title":{"rendered":"Org\u00f3solo, un abeiro de Arte e Creatividade"},"content":{"rendered":"<p style=\"text-align: justify;\"><em><strong><a href=\"http:\/\/cafebarbantia.barbantia.es\/wp-content\/uploads\/2021\/05\/orgo.jpg\"><img decoding=\"async\" loading=\"lazy\" class=\"alignright size-medium wp-image-13561\" alt=\"orgo\" src=\"http:\/\/cafebarbantia.barbantia.es\/wp-content\/uploads\/2021\/05\/orgo-300x157.jpg\" width=\"300\" height=\"157\" srcset=\"http:\/\/cafebarbantia.barbantia.es\/wp-content\/uploads\/2021\/05\/orgo-300x157.jpg 300w, http:\/\/cafebarbantia.barbantia.es\/wp-content\/uploads\/2021\/05\/orgo-1024x537.jpg 1024w, http:\/\/cafebarbantia.barbantia.es\/wp-content\/uploads\/2021\/05\/orgo-900x472.jpg 900w, http:\/\/cafebarbantia.barbantia.es\/wp-content\/uploads\/2021\/05\/orgo.jpg 1200w\" sizes=\"(max-width: 300px) 100vw, 300px\" \/><\/a>Xerardo AgraFoxo.\u00a0<\/strong><\/em>As terras montes\u00edas do interior, onde se acubillan as historias e os misterios dun pobo milenario, semellan un calco da \u00abEspa\u00f1a vac\u00eda\u00bb. A car\u00f3n de menhires antropomorfos e \u00abnuragas\u00bb habitados at\u00e9 o s\u00e9culo X a. C., existen castelos fortificados, coma o de Burgos onde comezou a conquista catal\u00e1 da illa<!--more-->, outeiros de faldras abruptas, fragas mestas e casais perdidos nas monta\u00f1as. Son terras afastadas da beiramar e baleiras de cativos, eidos de xentes curtidas polo sol e o vento, pero onde se cultivan am\u00e9ndoas, se produce o queixo \u00abpicorino\u00bb con leite de ovella e os vi\u00f1edos dan caldos de fortes recendos. Tam\u00e9n son o berce de alfombras rechamantes, festas relixiosas onde se entoan canci\u00f3ns no dialecto local e se atopan as maiores fragas de aci\u00f1eiras de Europa.<\/p>\n<p style=\"text-align: justify;\">Unha vila destaca con luz propia nesta \u00e1spera rexi\u00f3n: Org\u00f3solo. Ela sobresae polos seus murais con temas de contido social e pol\u00edtico acentuados cunha creatividade con acenos reivindicativos. Todos adornan as casas e as rochas desta localidade, un ni\u00f1o de aguias ocupado noutro tempo por pastores que, tal como se puido ver na pel\u00edcula <i>Banditi a Org\u00f3slo<\/i>, de Vittorio de Sica, loitaron dende os cumios m\u00e1is bicudos para conservar, ante o menosprezo e o desleixo de Roma, as s\u00faas terras e ancestrais \u00a0tradici\u00f3ns.<\/p>\n","protected":false},"excerpt":{"rendered":"<p>Xerardo AgraFoxo.\u00a0As terras montes\u00edas do interior, onde se acubillan as historias e os misterios dun pobo milenario, semellan un calco da \u00abEspa\u00f1a vac\u00eda\u00bb. A car\u00f3n de menhires antropomorfos e \u00abnuragas\u00bb habitados at\u00e9 o s\u00e9culo X a. C., existen castelos fortificados, coma o de Burgos onde comezou a conquista catal\u00e1 da illa<\/p>\n","protected":false},"author":1,"featured_media":0,"comment_status":"open","ping_status":"closed","sticky":false,"template":"","format":"standard","meta":{"_bbp_topic_count":0,"_bbp_reply_count":0,"_bbp_total_topic_count":0,"_bbp_total_reply_count":0,"_bbp_voice_count":0,"_bbp_anonymous_reply_count":0,"_bbp_topic_count_hidden":0,"_bbp_reply_count_hidden":0,"_bbp_forum_subforum_count":0,"_exactmetrics_skip_tracking":false,"_exactmetrics_sitenote_active":false,"_exactmetrics_sitenote_note":"","_exactmetrics_sitenote_category":0,"_monsterinsights_skip_tracking":false,"_monsterinsights_sitenote_active":false,"_monsterinsights_sitenote_note":"","_monsterinsights_sitenote_category":0},"categories":[7,9,22,21],"tags":[],"aioseo_notices":[],"_links":{"self":[{"href":"http:\/\/cafebarbantia.barbantia.es\/index.php?rest_route=\/wp\/v2\/posts\/13560"}],"collection":[{"href":"http:\/\/cafebarbantia.barbantia.es\/index.php?rest_route=\/wp\/v2\/posts"}],"about":[{"href":"http:\/\/cafebarbantia.barbantia.es\/index.php?rest_route=\/wp\/v2\/types\/post"}],"author":[{"embeddable":true,"href":"http:\/\/cafebarbantia.barbantia.es\/index.php?rest_route=\/wp\/v2\/users\/1"}],"replies":[{"embeddable":true,"href":"http:\/\/cafebarbantia.barbantia.es\/index.php?rest_route=%2Fwp%2Fv2%2Fcomments&post=13560"}],"version-history":[{"count":1,"href":"http:\/\/cafebarbantia.barbantia.es\/index.php?rest_route=\/wp\/v2\/posts\/13560\/revisions"}],"predecessor-version":[{"id":13562,"href":"http:\/\/cafebarbantia.barbantia.es\/index.php?rest_route=\/wp\/v2\/posts\/13560\/revisions\/13562"}],"wp:attachment":[{"href":"http:\/\/cafebarbantia.barbantia.es\/index.php?rest_route=%2Fwp%2Fv2%2Fmedia&parent=13560"}],"wp:term":[{"taxonomy":"category","embeddable":true,"href":"http:\/\/cafebarbantia.barbantia.es\/index.php?rest_route=%2Fwp%2Fv2%2Fcategories&post=13560"},{"taxonomy":"post_tag","embeddable":true,"href":"http:\/\/cafebarbantia.barbantia.es\/index.php?rest_route=%2Fwp%2Fv2%2Ftags&post=13560"}],"curies":[{"name":"wp","href":"https:\/\/api.w.org\/{rel}","templated":true}]}}