{"id":13586,"date":"2021-06-12T06:00:34","date_gmt":"2021-06-12T06:00:34","guid":{"rendered":"http:\/\/cafebarbantia.barbantia.es\/?p=13586"},"modified":"2021-06-02T07:59:49","modified_gmt":"2021-06-02T07:59:49","slug":"galicia-e-os-galegos-na-poesia-castela-cil-alonso-de-ercilla-e-la-araucana","status":"publish","type":"post","link":"http:\/\/cafebarbantia.barbantia.es\/?p=13586","title":{"rendered":"Galicia e os galegos na poes\u00eda castel\u00e1 CIL. Alonso de Ercilla e La Araucana"},"content":{"rendered":"<p align=\"justify\"><i><b><a href=\"http:\/\/cafebarbantia.barbantia.es\/wp-content\/uploads\/2021\/05\/Alonso_de_Ercilla_y_Zu\u00f1iga.jpg\"><img decoding=\"async\" loading=\"lazy\" class=\"alignright size-medium wp-image-13587\" alt=\"Alonso_de_Ercilla_y_Zu\u00f1iga\" src=\"http:\/\/cafebarbantia.barbantia.es\/wp-content\/uploads\/2021\/05\/Alonso_de_Ercilla_y_Zu\u00f1iga-201x300.jpg\" width=\"201\" height=\"300\" srcset=\"http:\/\/cafebarbantia.barbantia.es\/wp-content\/uploads\/2021\/05\/Alonso_de_Ercilla_y_Zu\u00f1iga-201x300.jpg 201w, http:\/\/cafebarbantia.barbantia.es\/wp-content\/uploads\/2021\/05\/Alonso_de_Ercilla_y_Zu\u00f1iga.jpg 400w\" sizes=\"(max-width: 201px) 100vw, 201px\" \/><\/a>Rom\u00e1n Ar\u00e9n. <\/b><\/i>Hai consenso xeral, cando menos dende Men\u00e9ndez Pelayo, en que \u00e9 <i>La araucana<\/i> o mellor poema \u00e9pico da literatura castel\u00e1 do Renacemento. Non \u00e9 pouco m\u00e9rito, pois foron moitas as obras neste x\u00e9nero po\u00e9tico, a\u00ednda que \u00e9 certo que est\u00e1 por debaixo da calidade de <i>Os Lusiadas <\/i>do Camoes. Narra a conquista de Chile polas armas espa\u00f1olas, pero con grande admiraci\u00f3n polo valor e pola coraxe dos araucanos.<\/p>\n<p align=\"justify\">Alonso de Ercilla e Z\u00fa\u00f1iga (1533-1594) fora paxe do futuro Felipe II e viaxou con el por Europa. Foi a Am\u00e9rica en 1555, chegou a Europa. Foi a Am\u00e9rica en 1955, chegou a Per\u00fa en 1556 e a Chile en 1558. Embaixador de Felipe, non sabemos os motivos polos que foi separado da Corte. <!--more-->Cabaleiro de Santiago en 1577, en 1569 publicara a primeira parte de <i>La araucana <\/i>e en 1578 a segunda e terceira partes. Foi obra de tanto \u00e9xito que foi continuada por Santisteban de Ossorio, por Pedro de O\u00f1a en <i>Arauco domado, <\/i>por Mendoza en <i>La guerra de Chile, <\/i>por \u00c1lvarez de Toledo en <i>Pur\u00e9n ind\u00f3mito<\/i> e a\u00ednda por outros. Foi traducida ao franc\u00e9s e ao alem\u00e1n.<\/p>\n<p align=\"justify\">Est\u00e1 Galicia na obra? Cita moitos cabaleiros e fidalgos destacados na guerra de Chile, pero ignoro se alg\u00fan foi galego; o noso pa\u00eds s\u00f3 \u00e9 citado, a car\u00f3n doutros, na segunda parte, no cantoXXVV, cando o mago Fit\u00f3n lle amosa unha bola na que pode ver todas as naci\u00f3ns do mundo.<\/p>\n<p align=\"justify\">Cito a oitava real pola edici\u00f3n divulgativa que Concha de Salamanca editou para Aguilar (6\u00aa ed. 1968):<\/p>\n<p align=\"justify\">Ves a Burgos, Logro\u00f1o y a Pamplona,\/y bajando al Poniente, a la siniestra,\/Zaragoza, Valencia, Barcelona,\/a Le\u00f3n y a Galicia, de la diestra;\/ves la ciudad famosa de Lisbona,\/Co\u00edmbra y Salamanca que se muestra\/feliz en todas ciencias, do sol\u00eda\/ense\u00f1arse tambi\u00e9n nigromanc\u00eda.<\/p>\n<p align=\"justify\">Pero Ercilla e <i>La Araucana <\/i>te\u00f1en outra relaci\u00f3n con Galicia: Isabel de Castro e Andrade (1520-1582), a nosa primeira poetisa, dedicoulle un soneto a Ercilla que apareceu na III parte, na edici\u00f3n de 1597, do poema, cando xa morreran a condesa de Altamira e Ercilla. \u00c1lvarez Bl\u00e1zquez cre que debeu de ser escrito o soneto con motivo da segunda edici\u00f3n de <i>La Araucana.<\/i> Discuten alg\u00fans se o poema \u00e9 portugu\u00e9s por motivos ortogr\u00e1ficos:<\/p>\n<p align=\"justify\">Araucana na\u00e7a\u00f3n, m\u00e1is venturosa,\/mm\u00e1is que quantas hoxe ha de gloria dina,\/pois na prosperidade e na ruina\/sempre envexada est\u00e1is, nunca envexosa.\/Se enresta o ilustre Afondo a Temerosa\/lan\u00e7a, se arranca a espada que fulmina,\/creio que xulgareis que determina\/s\u00f3 o conquistar a terra belicosa.\/Farao, mais non temais esa mao forte,\/que, se vos tira a liberdade e a vida,\/ela vos pagar\u00e1 ben largamente.\/Que a troco de unha breve e honrada morte,\/co seu divino estilo, esclarecida\/deixar\u00e1 vosa fama eternamente.<\/p>\n<p align=\"justify\">Ben se sabe que da condesa de Altamira s\u00f3 se conserva outro poema, o soneto castel\u00e1n \u201cCompetencia entre la rosa y el sol\u201d que recollera Espinosa como an\u00f3nimo en <i>Flores de poetas de Espa\u00f1a <\/i>(1605) e por Sebasti\u00e1n Alvarado en <i>Heroida de Dido<\/i> (1605), pero P\u00e9rez de Guzm\u00e1n atopou o manuscrito e co nome de Isabel de Castro e Andrade o incl\u00fae no <i>Cancionero de la rosa <\/i>(1891-1892).<\/p>\n","protected":false},"excerpt":{"rendered":"<p>Rom\u00e1n Ar\u00e9n. Hai consenso xeral, cando menos dende Men\u00e9ndez Pelayo, en que \u00e9 La araucana o mellor poema \u00e9pico da literatura castel\u00e1 do Renacemento. Non \u00e9 pouco m\u00e9rito, pois foron moitas as obras neste x\u00e9nero po\u00e9tico, a\u00ednda que \u00e9 certo que est\u00e1 por debaixo da calidade de Os Lusiadas do Camoes. Narra a conquista de &hellip; <a href=\"http:\/\/cafebarbantia.barbantia.es\/?p=13586\" class=\"more-link\">Seguir lendo <span class=\"screen-reader-text\">Galicia e os galegos na poes\u00eda castel\u00e1 CIL. Alonso de Ercilla e La Araucana<\/span> <span class=\"meta-nav\">&rarr;<\/span><\/a><\/p>\n","protected":false},"author":1,"featured_media":0,"comment_status":"open","ping_status":"closed","sticky":false,"template":"","format":"standard","meta":{"_bbp_topic_count":0,"_bbp_reply_count":0,"_bbp_total_topic_count":0,"_bbp_total_reply_count":0,"_bbp_voice_count":0,"_bbp_anonymous_reply_count":0,"_bbp_topic_count_hidden":0,"_bbp_reply_count_hidden":0,"_bbp_forum_subforum_count":0,"_exactmetrics_skip_tracking":false,"_exactmetrics_sitenote_active":false,"_exactmetrics_sitenote_note":"","_exactmetrics_sitenote_category":0,"_monsterinsights_skip_tracking":false,"_monsterinsights_sitenote_active":false,"_monsterinsights_sitenote_note":"","_monsterinsights_sitenote_category":0},"categories":[7,10,28],"tags":[],"aioseo_notices":[],"_links":{"self":[{"href":"http:\/\/cafebarbantia.barbantia.es\/index.php?rest_route=\/wp\/v2\/posts\/13586"}],"collection":[{"href":"http:\/\/cafebarbantia.barbantia.es\/index.php?rest_route=\/wp\/v2\/posts"}],"about":[{"href":"http:\/\/cafebarbantia.barbantia.es\/index.php?rest_route=\/wp\/v2\/types\/post"}],"author":[{"embeddable":true,"href":"http:\/\/cafebarbantia.barbantia.es\/index.php?rest_route=\/wp\/v2\/users\/1"}],"replies":[{"embeddable":true,"href":"http:\/\/cafebarbantia.barbantia.es\/index.php?rest_route=%2Fwp%2Fv2%2Fcomments&post=13586"}],"version-history":[{"count":1,"href":"http:\/\/cafebarbantia.barbantia.es\/index.php?rest_route=\/wp\/v2\/posts\/13586\/revisions"}],"predecessor-version":[{"id":13588,"href":"http:\/\/cafebarbantia.barbantia.es\/index.php?rest_route=\/wp\/v2\/posts\/13586\/revisions\/13588"}],"wp:attachment":[{"href":"http:\/\/cafebarbantia.barbantia.es\/index.php?rest_route=%2Fwp%2Fv2%2Fmedia&parent=13586"}],"wp:term":[{"taxonomy":"category","embeddable":true,"href":"http:\/\/cafebarbantia.barbantia.es\/index.php?rest_route=%2Fwp%2Fv2%2Fcategories&post=13586"},{"taxonomy":"post_tag","embeddable":true,"href":"http:\/\/cafebarbantia.barbantia.es\/index.php?rest_route=%2Fwp%2Fv2%2Ftags&post=13586"}],"curies":[{"name":"wp","href":"https:\/\/api.w.org\/{rel}","templated":true}]}}