{"id":13699,"date":"2021-09-01T06:00:39","date_gmt":"2021-09-01T06:00:39","guid":{"rendered":"http:\/\/cafebarbantia.barbantia.es\/?p=13699"},"modified":"2021-08-30T11:37:36","modified_gmt":"2021-08-30T11:37:36","slug":"veran-2008-rexeneracion","status":"publish","type":"post","link":"http:\/\/cafebarbantia.barbantia.es\/?p=13699","title":{"rendered":"Ver\u00e1n 2008. Rexeneraci\u00f3n"},"content":{"rendered":"<p style=\"text-align: justify;\"><em><strong><a href=\"http:\/\/cafebarbantia.barbantia.es\/wp-content\/uploads\/2021\/08\/PRAIA-TANXIL.jpg\"><img decoding=\"async\" loading=\"lazy\" class=\"alignright size-medium wp-image-13700\" alt=\"PRAIA TANXIL\" src=\"http:\/\/cafebarbantia.barbantia.es\/wp-content\/uploads\/2021\/08\/PRAIA-TANXIL-300x224.jpg\" width=\"300\" height=\"224\" srcset=\"http:\/\/cafebarbantia.barbantia.es\/wp-content\/uploads\/2021\/08\/PRAIA-TANXIL-300x224.jpg 300w, http:\/\/cafebarbantia.barbantia.es\/wp-content\/uploads\/2021\/08\/PRAIA-TANXIL-1024x768.jpg 1024w, http:\/\/cafebarbantia.barbantia.es\/wp-content\/uploads\/2021\/08\/PRAIA-TANXIL-900x675.jpg 900w\" sizes=\"(max-width: 300px) 100vw, 300px\" \/><\/a>Marina Losada Vicente.\u00a0<\/strong><\/em>A casa quedounos pequena. D\u00faas habitaci\u00f3ns para oito persoas: Avoa, mam\u00e1, pap\u00e1, meus catro irm\u00e1ns e mais eu. Da planta baixa e primeiro andar pasamos a baixo comercial, tres plantas altas e un baixo cuberta. Perdemos o refuxio, a lareira, e o prezado forno de le\u00f1a. Tam\u00e9n se foron o retrete de madeira e a corte de debaixo das escaleiras, <i>deus o paghe<\/i>, dixera avoa.<!--more--> Iso \u00e9 no que vou pensando cando paseo pola agora rexenerada praia de Tanxil. Triplicou a superficie \u00fatil para as toallas. Outra cousa son as perdas que ocasionou&#8230;<\/p>\n<p style=\"text-align: justify;\">Entendo a necesidade, igual que entend\u00edn a meus pais no seu d\u00eda, mais sinto que este xa non \u00e9 o \u201cnoso\u201d Tanxil. Como que vendemos a alma. A memoria colectiva fai capturas de pantalla a tempo remoto, gravando a lume o que foi o areal. A rapazada toda no dique, agrupada baixo o palio de pedra da virxe de Asorey, vendo como a loucura xuvenil se tiraba en picado desde o alto da estatua. Toalla contra toalla. Corpo contra corpo. Apuros por chegares primeiro, cando sab\u00edas que tocaba marea alta.<\/p>\n<p style=\"text-align: justify;\">Hoxe o mar non \u00e9 capaz, en ning\u00fan caso, de comer ao areal. Xa non ten o poder de botarte fora, a ti e aos teus, que te amontoabas paciente no muro de pedra, na zona arborada, entre os coches aparcados. Dir\u00edas que domamos o mar, mais a doma non consola. Botamos de menos os nenos mergull\u00e1ndose desde o peirao, as risas compartidas, os paseos \u00e1 fonte sempre fresca, coidada de mans daquel rapazote. Como se chamaba? Olegario.<\/p>\n<p style=\"text-align: justify;\">Vinte parasoles. Contei vinte parasoles nunha foto da praia sen rexenerar. Hoxe hai m\u00e1is dun cento. A praia ampliouse traendo area, cami\u00f3ns de area, de maldita sexa a canteira, na que te fundes como se fose area movediza. Ti\u00f1a que ser, mais sinto que se lles foi un algo das mans.<\/p>\n<p style=\"text-align: justify;\">\u00c9 tan diferente a sensaci\u00f3n que me decido a sacar a parte de arriba do bikini, igual que fago noutras praias. En Rianxo, na mi\u00f1a vila, nunca xamais. Ata hoxe. Hoxe s\u00edntome libre de miradas reco\u00f1ecibles, colocada a toalla na zona na que hai dous anos todo eran pedras. A maior\u00eda da xente de aqu\u00ed mantense fiel a un peirao que xa non est\u00e1. Ou est\u00e1, si, pero sepultado baixo area estra\u00f1a.<\/p>\n<p style=\"text-align: justify;\">Deito na toalla cun libro nas mans. Un grupo de mozos, da idade dos meus fillos, dan un paseo por debaixo da mallante, observando as novidades. Un deles, o m\u00e1is alto, fai un comentario sen caer na conta de que o vento me trae a s\u00faa voz:<\/p>\n<p style=\"text-align: justify;\">-Est\u00e1 moi ben que as mulleres po\u00f1an as tetas ao sol, si que o est\u00e1. Pero non as nais!<\/p>\n<p>&nbsp;<\/p>\n","protected":false},"excerpt":{"rendered":"<p>Marina Losada Vicente.\u00a0A casa quedounos pequena. D\u00faas habitaci\u00f3ns para oito persoas: Avoa, mam\u00e1, pap\u00e1, meus catro irm\u00e1ns e mais eu. Da planta baixa e primeiro andar pasamos a baixo comercial, tres plantas altas e un baixo cuberta. Perdemos o refuxio, a lareira, e o prezado forno de le\u00f1a. Tam\u00e9n se foron o retrete de madeira &hellip; <a href=\"http:\/\/cafebarbantia.barbantia.es\/?p=13699\" class=\"more-link\">Seguir lendo <span class=\"screen-reader-text\">Ver\u00e1n 2008. Rexeneraci\u00f3n<\/span> <span class=\"meta-nav\">&rarr;<\/span><\/a><\/p>\n","protected":false},"author":1,"featured_media":0,"comment_status":"open","ping_status":"closed","sticky":false,"template":"","format":"standard","meta":{"_bbp_topic_count":0,"_bbp_reply_count":0,"_bbp_total_topic_count":0,"_bbp_total_reply_count":0,"_bbp_voice_count":0,"_bbp_anonymous_reply_count":0,"_bbp_topic_count_hidden":0,"_bbp_reply_count_hidden":0,"_bbp_forum_subforum_count":0,"_exactmetrics_skip_tracking":false,"_exactmetrics_sitenote_active":false,"_exactmetrics_sitenote_note":"","_exactmetrics_sitenote_category":0,"_monsterinsights_skip_tracking":false,"_monsterinsights_sitenote_active":false,"_monsterinsights_sitenote_note":"","_monsterinsights_sitenote_category":0},"categories":[73,9],"tags":[],"aioseo_notices":[],"_links":{"self":[{"href":"http:\/\/cafebarbantia.barbantia.es\/index.php?rest_route=\/wp\/v2\/posts\/13699"}],"collection":[{"href":"http:\/\/cafebarbantia.barbantia.es\/index.php?rest_route=\/wp\/v2\/posts"}],"about":[{"href":"http:\/\/cafebarbantia.barbantia.es\/index.php?rest_route=\/wp\/v2\/types\/post"}],"author":[{"embeddable":true,"href":"http:\/\/cafebarbantia.barbantia.es\/index.php?rest_route=\/wp\/v2\/users\/1"}],"replies":[{"embeddable":true,"href":"http:\/\/cafebarbantia.barbantia.es\/index.php?rest_route=%2Fwp%2Fv2%2Fcomments&post=13699"}],"version-history":[{"count":1,"href":"http:\/\/cafebarbantia.barbantia.es\/index.php?rest_route=\/wp\/v2\/posts\/13699\/revisions"}],"predecessor-version":[{"id":13701,"href":"http:\/\/cafebarbantia.barbantia.es\/index.php?rest_route=\/wp\/v2\/posts\/13699\/revisions\/13701"}],"wp:attachment":[{"href":"http:\/\/cafebarbantia.barbantia.es\/index.php?rest_route=%2Fwp%2Fv2%2Fmedia&parent=13699"}],"wp:term":[{"taxonomy":"category","embeddable":true,"href":"http:\/\/cafebarbantia.barbantia.es\/index.php?rest_route=%2Fwp%2Fv2%2Fcategories&post=13699"},{"taxonomy":"post_tag","embeddable":true,"href":"http:\/\/cafebarbantia.barbantia.es\/index.php?rest_route=%2Fwp%2Fv2%2Ftags&post=13699"}],"curies":[{"name":"wp","href":"https:\/\/api.w.org\/{rel}","templated":true}]}}