{"id":1377,"date":"2014-06-04T06:46:40","date_gmt":"2014-06-04T06:46:40","guid":{"rendered":"http:\/\/cafebarbantia.barbantia.es\/?p=1377"},"modified":"2014-06-04T06:46:40","modified_gmt":"2014-06-04T06:46:40","slug":"deserto-barbanza","status":"publish","type":"post","link":"http:\/\/cafebarbantia.barbantia.es\/?p=1377","title":{"rendered":"Deserto Barbanza"},"content":{"rendered":"<p style=\"text-align: justify;\"><em><strong><a href=\"http:\/\/cafebarbantia.barbantia.es\/wp-content\/uploads\/2014\/06\/deserto-barbanza.jpg\"><img decoding=\"async\" loading=\"lazy\" class=\"size-medium wp-image-1378 alignleft\" alt=\"deserto barbanza\" src=\"http:\/\/cafebarbantia.barbantia.es\/wp-content\/uploads\/2014\/06\/deserto-barbanza-300x180.jpg\" width=\"300\" height=\"180\" srcset=\"http:\/\/cafebarbantia.barbantia.es\/wp-content\/uploads\/2014\/06\/deserto-barbanza-300x180.jpg 300w, http:\/\/cafebarbantia.barbantia.es\/wp-content\/uploads\/2014\/06\/deserto-barbanza.jpg 465w\" sizes=\"(max-width: 300px) 100vw, 300px\" \/><\/a>Agust\u00edn Agra<\/strong><\/em>. Medramos, as rapazas e os rapaces da mi\u00f1a xeraci\u00f3n, coas imaxes de Fauna e Mundo submarino prendidas da retina. Mill\u00f3ns de telespectadores daquela \u00e9poca escoitamos falar por primeira vez de ecolox\u00eda nos documentais de Jacques Cous-teau e F\u00e9lix Rodr\u00edguez de la Fuente e, pouco e pouco, fomos tomando conciencia dos problemas medio ambientais do planeta. <!--more-->A educaci\u00f3n ambiental entrou daquela nos plans de estudo. Nos curr\u00edculos educativos comezaron a tratarse temas relacionados coas actuaci\u00f3ns humanas e os seus impactos no medio. O cambio clim\u00e1tico f\u00edxose habitual nas novas dos xornais e demais medios de comunicaci\u00f3n. Acontecementos importantes, como a sinatura do protocolo de Kioto, recibiron ampla cobertura. Quedar\u00e1, a d\u00eda de hoxe, algu\u00e9n que desco\u00f1eza a importancia e a gravidade do que est\u00e1 a ocorrer?<\/p>\n<p style=\"text-align: justify;\"><span style=\"font-size: 16px; text-align: justify;\">Por\u00e9n, malia a tanto empe\u00f1o, cando contemplo a Serra do Barbanza, coido que a mensaxe non xermolou en n\u00f3s. Onde outros queren seguir vendo natureza exuberante eu tan s\u00f3 vexo leiras, leiras de pi\u00f1eiros e eucaliptos -esa praga tra\u00edda das ant\u00edpodas, e espallada \u00e1 mantenta, que deseca e acidifica o solo impedindo o crecemento de calquera outra especie. Malia que eu agardaba -iluso de min- que se implantasen unhas pol\u00edticas forestais que levasen \u00e1 s\u00faa progresiva substituci\u00f3n por especies caducifolias aut\u00f3ctonas, as propias do pa\u00eds, ocorreu xusto o contrario.<\/span><\/p>\n<p style=\"text-align: justify;\"><span style=\"text-align: justify;\">A vaga de incendios forestais non fixo sen\u00f3n agudizar o problema; a s\u00faa gravidade vai moito m\u00e1is al\u00e1 da simple queima da vexetaci\u00f3n. A perda da cuberta vexetal leva, apenas a chuvia comeza a actuar, \u00e1 erosi\u00f3n e \u00e1 perda do solo, e esta a unha desertizaci\u00f3n galopante e, na pr\u00e1ctica, de dif\u00edcil reversibilidade.<\/span><\/p>\n<p style=\"text-align: justify;\">A desaparici\u00f3n de especies, algunhas tan emblem\u00e1ticas como o lobo -cazado asemade ata o exterminio co benepl\u00e1cito de quen ti\u00f1a a obriga, pol\u00edtica e moral, de protexelo- \u00e9 unha das consecuencias l\u00f3xicas.<\/p>\n<p style=\"text-align: justify;\"><a href=\"http:\/\/cafebarbantia.barbantia.es\/wp-content\/uploads\/2014\/06\/Enerx\u00eda_e\u00f3lica_-_O_Pindo_-_Galicia.jpg\"><img decoding=\"async\" loading=\"lazy\" class=\"size-medium wp-image-1408 alignright\" alt=\"Enerx\u00eda_e\u00f3lica_-_O_Pindo_-_Galicia\" src=\"http:\/\/cafebarbantia.barbantia.es\/wp-content\/uploads\/2014\/06\/Enerx\u00eda_e\u00f3lica_-_O_Pindo_-_Galicia-300x225.jpg\" width=\"300\" height=\"225\" srcset=\"http:\/\/cafebarbantia.barbantia.es\/wp-content\/uploads\/2014\/06\/Enerx\u00eda_e\u00f3lica_-_O_Pindo_-_Galicia-300x225.jpg 300w, http:\/\/cafebarbantia.barbantia.es\/wp-content\/uploads\/2014\/06\/Enerx\u00eda_e\u00f3lica_-_O_Pindo_-_Galicia-1024x768.jpg 1024w, http:\/\/cafebarbantia.barbantia.es\/wp-content\/uploads\/2014\/06\/Enerx\u00eda_e\u00f3lica_-_O_Pindo_-_Galicia-900x675.jpg 900w, http:\/\/cafebarbantia.barbantia.es\/wp-content\/uploads\/2014\/06\/Enerx\u00eda_e\u00f3lica_-_O_Pindo_-_Galicia.jpg 1600w\" sizes=\"(max-width: 300px) 100vw, 300px\" \/><\/a>Tampouco podo deixar de reparar a mi\u00f1a ollada nin no impacto das canteiras -feras mordedelas sobre a face da Terra- nin na dos e\u00f3licos: cara a onde van as novas pistas abertas no monte que, cando menos en aparencia, conducen a ningures; quizais a un futuro ateigado de mu\u00ed\u00f1os de vento?<\/p>\n<p style=\"text-align: justify;\">O cambio clim\u00e1tico e o quecemento do planeta -as predici\u00f3ns falan dun aumento de temperatura de entre 1,4 e 5,8\u00ba C e unha diminuci\u00f3n na pluviosidade de entre 50 e 80 mm neste s\u00e9culo- l\u00e9vannos a un escenario -ag\u00e1s nalgunhas zonas no Cant\u00e1brico- de clima Mediterr\u00e1neo. Xa que logo podemos ir desped\u00edndonos da imaxe da Galicia verde: a non moito tardar a nosa paisaxe ser\u00e1 similar \u00e1 que hogano podemos contemplar no norte de Portugal. A nosa vista non nos mente: a serra estase a converter nun inmenso pedregal; un \u00e1rido deserto batido polo vento.<\/p>\n<p style=\"text-align: justify;\">Mais, para que mentirnos? O certo \u00e9 que en nada nos sorprende a conduta humana. Ben sabemos que a depredaci\u00f3n sen control forma parte da l\u00f3xica do comportamento da nosa especie. Podemos autoenganarnos ante o que vemos e o desaf\u00edo que isto implica. Podemos, pero mantendo a certeza absoluta de que, se non comezamos a po\u00f1er freo \u00e1 desfeita&#8230;<\/p>\n<p style=\"text-align: justify;\">Daquela, a que agardamos para reaxir? A que?<\/p>\n<p style=\"text-align: justify;\">A vista non nos mente: a serra estase a converter nun inmenso pedregal, nun \u00e1rido deserto.<\/p>\n","protected":false},"excerpt":{"rendered":"<p>Agust\u00edn Agra. Medramos, as rapazas e os rapaces da mi\u00f1a xeraci\u00f3n, coas imaxes de Fauna e Mundo submarino prendidas da retina. Mill\u00f3ns de telespectadores daquela \u00e9poca escoitamos falar por primeira vez de ecolox\u00eda nos documentais de Jacques Cous-teau e F\u00e9lix Rodr\u00edguez de la Fuente e, pouco e pouco, fomos tomando conciencia dos problemas medio ambientais &hellip; <a href=\"http:\/\/cafebarbantia.barbantia.es\/?p=1377\" class=\"more-link\">Seguir lendo <span class=\"screen-reader-text\">Deserto Barbanza<\/span> <span class=\"meta-nav\">&rarr;<\/span><\/a><\/p>\n","protected":false},"author":1,"featured_media":0,"comment_status":"open","ping_status":"closed","sticky":false,"template":"","format":"standard","meta":{"_bbp_topic_count":0,"_bbp_reply_count":0,"_bbp_total_topic_count":0,"_bbp_total_reply_count":0,"_bbp_voice_count":0,"_bbp_anonymous_reply_count":0,"_bbp_topic_count_hidden":0,"_bbp_reply_count_hidden":0,"_bbp_forum_subforum_count":0,"_exactmetrics_skip_tracking":false,"_exactmetrics_sitenote_active":false,"_exactmetrics_sitenote_note":"","_exactmetrics_sitenote_category":0,"_monsterinsights_skip_tracking":false,"_monsterinsights_sitenote_active":false,"_monsterinsights_sitenote_note":"","_monsterinsights_sitenote_category":0},"categories":[23,39,7],"tags":[],"aioseo_notices":[],"_links":{"self":[{"href":"http:\/\/cafebarbantia.barbantia.es\/index.php?rest_route=\/wp\/v2\/posts\/1377"}],"collection":[{"href":"http:\/\/cafebarbantia.barbantia.es\/index.php?rest_route=\/wp\/v2\/posts"}],"about":[{"href":"http:\/\/cafebarbantia.barbantia.es\/index.php?rest_route=\/wp\/v2\/types\/post"}],"author":[{"embeddable":true,"href":"http:\/\/cafebarbantia.barbantia.es\/index.php?rest_route=\/wp\/v2\/users\/1"}],"replies":[{"embeddable":true,"href":"http:\/\/cafebarbantia.barbantia.es\/index.php?rest_route=%2Fwp%2Fv2%2Fcomments&post=1377"}],"version-history":[{"count":4,"href":"http:\/\/cafebarbantia.barbantia.es\/index.php?rest_route=\/wp\/v2\/posts\/1377\/revisions"}],"predecessor-version":[{"id":1410,"href":"http:\/\/cafebarbantia.barbantia.es\/index.php?rest_route=\/wp\/v2\/posts\/1377\/revisions\/1410"}],"wp:attachment":[{"href":"http:\/\/cafebarbantia.barbantia.es\/index.php?rest_route=%2Fwp%2Fv2%2Fmedia&parent=1377"}],"wp:term":[{"taxonomy":"category","embeddable":true,"href":"http:\/\/cafebarbantia.barbantia.es\/index.php?rest_route=%2Fwp%2Fv2%2Fcategories&post=1377"},{"taxonomy":"post_tag","embeddable":true,"href":"http:\/\/cafebarbantia.barbantia.es\/index.php?rest_route=%2Fwp%2Fv2%2Ftags&post=1377"}],"curies":[{"name":"wp","href":"https:\/\/api.w.org\/{rel}","templated":true}]}}