{"id":13792,"date":"2021-09-27T06:00:18","date_gmt":"2021-09-27T06:00:18","guid":{"rendered":"http:\/\/cafebarbantia.barbantia.es\/?p=13792"},"modified":"2021-09-26T19:32:50","modified_gmt":"2021-09-26T19:32:50","slug":"o-pais-dos-outros","status":"publish","type":"post","link":"http:\/\/cafebarbantia.barbantia.es\/?p=13792","title":{"rendered":"O pa\u00eds dos outros"},"content":{"rendered":"<p style=\"text-align: justify;\"><a href=\"http:\/\/cafebarbantia.barbantia.es\/wp-content\/uploads\/2021\/09\/leila.jpg\"><img decoding=\"async\" loading=\"lazy\" class=\"alignright size-medium wp-image-13793\" alt=\"leila\" src=\"http:\/\/cafebarbantia.barbantia.es\/wp-content\/uploads\/2021\/09\/leila-194x300.jpg\" width=\"194\" height=\"300\" srcset=\"http:\/\/cafebarbantia.barbantia.es\/wp-content\/uploads\/2021\/09\/leila-194x300.jpg 194w, http:\/\/cafebarbantia.barbantia.es\/wp-content\/uploads\/2021\/09\/leila.jpg 500w\" sizes=\"(max-width: 194px) 100vw, 194px\" \/><\/a><em><strong>Xerardo AgraFoxo.\u00a0<\/strong><\/em>Logo de ga\u00f1ar o Premio Goncourt 2016 con <i>Canci\u00f3n doce<\/i>, onde narra o enfrontamento entre unha nai burguesa de orixe magreb\u00ed, e s\u00faa neneira, unha muller branca de orixe humilde, Le\u00efla Slimani (Rabat, 1981), dirixe agora a ollada cara ao seu pa\u00eds natal, Marrocos, que se converte no pano de fondo do conflito xurdido na d\u00e9cada dos anos 50 do s\u00e9culo pasado, cando os ventos da independencia sopraban con forza no norte de \u00c1frica.<\/p>\n<p style=\"text-align: justify;\"><i>O pa\u00eds dos outros (2021)<\/i> arranca no ano 1957 coa chegada de Mathilde, unha alsaciana humilde, \u00e1 terra do seu home, Am\u00edn Belhach, un marroqu\u00ed de\u00a0 Meknes, un militar de pel escura do ex\u00e9rcito franc\u00e9s durante a II Guerra Mundial.<!--more--> O amor que xurdira en Alsacia trasl\u00e1dase \u00e1s terras resecas do Rif, onde deciden levar adiante unha granxa entre as dificultades econ\u00f3micas da \u00e9poca e os abraiantes conflitos que sofre ela por mor do desarraigamento e o patriarcado.<\/p>\n<p style=\"text-align: justify;\">A trav\u00e9s dunha escrita sen aderezos estil\u00edsticos, o lector vese mergullado nunha saga familiar que semella un fresco daquel intre tan controvertido. Unha historia que se converter\u00e1 nunha trilox\u00eda logo de que Le\u00efla Slimani rexeitase as pretensi\u00f3ns de Macron para convertela en ministra de Cultura.<\/p>\n","protected":false},"excerpt":{"rendered":"<p>Xerardo AgraFoxo.\u00a0Logo de ga\u00f1ar o Premio Goncourt 2016 con Canci\u00f3n doce, onde narra o enfrontamento entre unha nai burguesa de orixe magreb\u00ed, e s\u00faa neneira, unha muller branca de orixe humilde, Le\u00efla Slimani (Rabat, 1981), dirixe agora a ollada cara ao seu pa\u00eds natal, Marrocos, que se converte no pano de fondo do conflito xurdido &hellip; <a href=\"http:\/\/cafebarbantia.barbantia.es\/?p=13792\" class=\"more-link\">Seguir lendo <span class=\"screen-reader-text\">O pa\u00eds dos outros<\/span> <span class=\"meta-nav\">&rarr;<\/span><\/a><\/p>\n","protected":false},"author":1,"featured_media":0,"comment_status":"open","ping_status":"closed","sticky":false,"template":"","format":"standard","meta":{"_bbp_topic_count":0,"_bbp_reply_count":0,"_bbp_total_topic_count":0,"_bbp_total_reply_count":0,"_bbp_voice_count":0,"_bbp_anonymous_reply_count":0,"_bbp_topic_count_hidden":0,"_bbp_reply_count_hidden":0,"_bbp_forum_subforum_count":0,"_exactmetrics_skip_tracking":false,"_exactmetrics_sitenote_active":false,"_exactmetrics_sitenote_note":"","_exactmetrics_sitenote_category":0,"_monsterinsights_skip_tracking":false,"_monsterinsights_sitenote_active":false,"_monsterinsights_sitenote_note":"","_monsterinsights_sitenote_category":0},"categories":[9,21],"tags":[],"aioseo_notices":[],"_links":{"self":[{"href":"http:\/\/cafebarbantia.barbantia.es\/index.php?rest_route=\/wp\/v2\/posts\/13792"}],"collection":[{"href":"http:\/\/cafebarbantia.barbantia.es\/index.php?rest_route=\/wp\/v2\/posts"}],"about":[{"href":"http:\/\/cafebarbantia.barbantia.es\/index.php?rest_route=\/wp\/v2\/types\/post"}],"author":[{"embeddable":true,"href":"http:\/\/cafebarbantia.barbantia.es\/index.php?rest_route=\/wp\/v2\/users\/1"}],"replies":[{"embeddable":true,"href":"http:\/\/cafebarbantia.barbantia.es\/index.php?rest_route=%2Fwp%2Fv2%2Fcomments&post=13792"}],"version-history":[{"count":1,"href":"http:\/\/cafebarbantia.barbantia.es\/index.php?rest_route=\/wp\/v2\/posts\/13792\/revisions"}],"predecessor-version":[{"id":13794,"href":"http:\/\/cafebarbantia.barbantia.es\/index.php?rest_route=\/wp\/v2\/posts\/13792\/revisions\/13794"}],"wp:attachment":[{"href":"http:\/\/cafebarbantia.barbantia.es\/index.php?rest_route=%2Fwp%2Fv2%2Fmedia&parent=13792"}],"wp:term":[{"taxonomy":"category","embeddable":true,"href":"http:\/\/cafebarbantia.barbantia.es\/index.php?rest_route=%2Fwp%2Fv2%2Fcategories&post=13792"},{"taxonomy":"post_tag","embeddable":true,"href":"http:\/\/cafebarbantia.barbantia.es\/index.php?rest_route=%2Fwp%2Fv2%2Ftags&post=13792"}],"curies":[{"name":"wp","href":"https:\/\/api.w.org\/{rel}","templated":true}]}}