{"id":1386,"date":"2014-06-06T06:40:44","date_gmt":"2014-06-06T06:40:44","guid":{"rendered":"http:\/\/cafebarbantia.barbantia.es\/?p=1386"},"modified":"2014-06-06T06:43:06","modified_gmt":"2014-06-06T06:43:06","slug":"a-urxencia-de-retomar-o-lugar","status":"publish","type":"post","link":"http:\/\/cafebarbantia.barbantia.es\/?p=1386","title":{"rendered":"A urxencia de retomar o lugar"},"content":{"rendered":"<figure id=\"attachment_1387\" aria-describedby=\"caption-attachment-1387\" style=\"width: 300px\" class=\"wp-caption alignleft\"><a href=\"http:\/\/cafebarbantia.barbantia.es\/wp-content\/uploads\/2014\/06\/a-urxencia.jpg\"><img decoding=\"async\" loading=\"lazy\" class=\"size-medium wp-image-1387 \" alt=\"En 1961, Piero Manzoni constr\u00fae \u00abA base do mundo\u00bb \" src=\"http:\/\/cafebarbantia.barbantia.es\/wp-content\/uploads\/2014\/06\/a-urxencia-300x236.jpg\" width=\"300\" height=\"236\" srcset=\"http:\/\/cafebarbantia.barbantia.es\/wp-content\/uploads\/2014\/06\/a-urxencia-300x236.jpg 300w, http:\/\/cafebarbantia.barbantia.es\/wp-content\/uploads\/2014\/06\/a-urxencia.jpg 465w\" sizes=\"(max-width: 300px) 100vw, 300px\" \/><\/a><figcaption id=\"caption-attachment-1387\" class=\"wp-caption-text\">En 1961, Piero Manzoni constr\u00fae \u00abA base do mundo\u00bb<\/figcaption><\/figure>\n<p style=\"text-align: justify;\"><em><strong>Luc\u00eda Roman\u00ed<\/strong><\/em>. Cami\u00f1ar e deterse para contemplar (o extraordinario do mundo). Sentarse nun banco para esperar -cando ningu\u00e9n espera-, ou simplemente ver xente pasar. Intercambiar miradas cun estra\u00f1o, compartir o anonimato. A r\u00faa \u00e9 ese espazo onde todo \u00e9 posible por imprevisible. Un lugar onde deambular, ir dun lugar a outro, libremente; ser un m\u00e1is entre a multitude. <!--more-->Un espazo de conquistas e achados, intercambios e relaci\u00f3ns (sociais, materiais, simb\u00f3licas,?), pero tam\u00e9n de negociaci\u00f3ns e de conflitos de intereses, manifestados en todas a s\u00faas dimensi\u00f3ns.<\/p>\n<p style=\"text-align: justify;\">Do menhir ao graffiti, do monumento ao panel publicitario, entre as torres de comunicaci\u00f3ns e diversas iniciativas empresariais no \u00e1mbito urban\u00edstico, as relaci\u00f3ns xer\u00e1rquicas e instrumentos de poder (mitos, c\u00f3digos morais, rituais, reliquias?) prevalecen ou se transforman en novas relaci\u00f3ns, igualmente xer\u00e1rquicas. Baixo o efecto decorativo destas estruturas simb\u00f3licas subxacen oligarqu\u00edas cuxas pol\u00edticas son pactadas coa administraci\u00f3n p\u00fablica vendendo o espazo p\u00fablico ao mellor ofertante. A cidade rev\u00e9lasenos hoxe inconsciente e consumatoria, insustentable en termos econ\u00f3micos, ecol\u00f3xicos e sociais. Unha paisaxe onde o goce e os desexos parecen ser implantados sutilmente, no noso subconsciente, coa intenci\u00f3n de debilitar a nosa formaci\u00f3n de opini\u00f3n e modificar a nosa conduta. Un universo onde habita o exceso -do comprable- e a ausencia -do sensible.<\/p>\n<p style=\"text-align: justify;\"><a href=\"http:\/\/cafebarbantia.barbantia.es\/wp-content\/uploads\/2014\/06\/piero-manzoni.jpg\"><img decoding=\"async\" loading=\"lazy\" class=\"alignright size-medium wp-image-1432\" alt=\"piero-manzoni\" src=\"http:\/\/cafebarbantia.barbantia.es\/wp-content\/uploads\/2014\/06\/piero-manzoni-207x300.jpg\" width=\"207\" height=\"300\" srcset=\"http:\/\/cafebarbantia.barbantia.es\/wp-content\/uploads\/2014\/06\/piero-manzoni-207x300.jpg 207w, http:\/\/cafebarbantia.barbantia.es\/wp-content\/uploads\/2014\/06\/piero-manzoni.jpg 500w\" sizes=\"(max-width: 207px) 100vw, 207px\" \/><\/a>Esta situaci\u00f3n onde a libertinaxe de expresi\u00f3n encobre o libre pensamento e na que se usa enganosamente a lexitimidade popular, conduce como advirte Juan Luis Moraza, ?a un severo proceso de aculturaci\u00f3n xeneralizada? feito que leva a unha progresiva degradaci\u00f3n social e tam\u00e9n art\u00edstica, na fusi\u00f3n desta co mercado econ\u00f3mico. Por tanto, resulta urxente buscar novas pautas de relaci\u00f3n que regularicen o estado desigual e an\u00e1rquico do liberalismo actual partindo dos dereitos, necesidades e desexos do cidad\u00e1n.<\/p>\n<p style=\"text-align: justify;\">Deixar facer descontroladamente pode dar paso a deixar de facer. Observar con cautela e ir descubrindo aquilo que est\u00e1 a\u00ed para un. Tocar a pel do mundo sen danala, explorar intuitivamente. Darlles voltas \u00e1s cousas -cambiar de situaci\u00f3n, posici\u00f3n, alturas?- e volver ao punto de partida coa intensidade da primeira vez. En 1961, Piero Manzoni constr\u00fae\u00a0<i>A base do mundo\u00a0<\/i>convertendo A Terra en obra de arte. Unha intervenci\u00f3n m\u00ednima sobre o pedestal (a placa est\u00e1 xirada 180 graos e debe ser lida ao rev\u00e9s) que nos deber\u00eda facer reflexionar sobre a importancia do lugar -que pisamos cada d\u00eda.<\/p>\n","protected":false},"excerpt":{"rendered":"<p>Luc\u00eda Roman\u00ed. Cami\u00f1ar e deterse para contemplar (o extraordinario do mundo). Sentarse nun banco para esperar -cando ningu\u00e9n espera-, ou simplemente ver xente pasar. Intercambiar miradas cun estra\u00f1o, compartir o anonimato. A r\u00faa \u00e9 ese espazo onde todo \u00e9 posible por imprevisible. Un lugar onde deambular, ir dun lugar a outro, libremente; ser un m\u00e1is &hellip; <a href=\"http:\/\/cafebarbantia.barbantia.es\/?p=1386\" class=\"more-link\">Seguir lendo <span class=\"screen-reader-text\">A urxencia de retomar o lugar<\/span> <span class=\"meta-nav\">&rarr;<\/span><\/a><\/p>\n","protected":false},"author":1,"featured_media":0,"comment_status":"open","ping_status":"closed","sticky":false,"template":"","format":"standard","meta":{"_bbp_topic_count":0,"_bbp_reply_count":0,"_bbp_total_topic_count":0,"_bbp_total_reply_count":0,"_bbp_voice_count":0,"_bbp_anonymous_reply_count":0,"_bbp_topic_count_hidden":0,"_bbp_reply_count_hidden":0,"_bbp_forum_subforum_count":0,"_exactmetrics_skip_tracking":false,"_exactmetrics_sitenote_active":false,"_exactmetrics_sitenote_note":"","_exactmetrics_sitenote_category":0,"_monsterinsights_skip_tracking":false,"_monsterinsights_sitenote_active":false,"_monsterinsights_sitenote_note":"","_monsterinsights_sitenote_category":0},"categories":[4,33],"tags":[],"aioseo_notices":[],"_links":{"self":[{"href":"http:\/\/cafebarbantia.barbantia.es\/index.php?rest_route=\/wp\/v2\/posts\/1386"}],"collection":[{"href":"http:\/\/cafebarbantia.barbantia.es\/index.php?rest_route=\/wp\/v2\/posts"}],"about":[{"href":"http:\/\/cafebarbantia.barbantia.es\/index.php?rest_route=\/wp\/v2\/types\/post"}],"author":[{"embeddable":true,"href":"http:\/\/cafebarbantia.barbantia.es\/index.php?rest_route=\/wp\/v2\/users\/1"}],"replies":[{"embeddable":true,"href":"http:\/\/cafebarbantia.barbantia.es\/index.php?rest_route=%2Fwp%2Fv2%2Fcomments&post=1386"}],"version-history":[{"count":5,"href":"http:\/\/cafebarbantia.barbantia.es\/index.php?rest_route=\/wp\/v2\/posts\/1386\/revisions"}],"predecessor-version":[{"id":1433,"href":"http:\/\/cafebarbantia.barbantia.es\/index.php?rest_route=\/wp\/v2\/posts\/1386\/revisions\/1433"}],"wp:attachment":[{"href":"http:\/\/cafebarbantia.barbantia.es\/index.php?rest_route=%2Fwp%2Fv2%2Fmedia&parent=1386"}],"wp:term":[{"taxonomy":"category","embeddable":true,"href":"http:\/\/cafebarbantia.barbantia.es\/index.php?rest_route=%2Fwp%2Fv2%2Fcategories&post=1386"},{"taxonomy":"post_tag","embeddable":true,"href":"http:\/\/cafebarbantia.barbantia.es\/index.php?rest_route=%2Fwp%2Fv2%2Ftags&post=1386"}],"curies":[{"name":"wp","href":"https:\/\/api.w.org\/{rel}","templated":true}]}}