{"id":13880,"date":"2021-10-29T06:00:34","date_gmt":"2021-10-29T06:00:34","guid":{"rendered":"http:\/\/cafebarbantia.barbantia.es\/?p=13880"},"modified":"2021-10-20T17:53:49","modified_gmt":"2021-10-20T17:53:49","slug":"un-premio-a-ter-en-conta","status":"publish","type":"post","link":"http:\/\/cafebarbantia.barbantia.es\/?p=13880","title":{"rendered":"Un premio a ter en conta"},"content":{"rendered":"<p style=\"text-align: justify;\"><a href=\"http:\/\/cafebarbantia.barbantia.es\/wp-content\/uploads\/2021\/10\/PuraeDoraVazquez.jpg\"><img decoding=\"async\" loading=\"lazy\" class=\"alignright size-full wp-image-13881\" alt=\"PuraeDoraVazquez\" src=\"http:\/\/cafebarbantia.barbantia.es\/wp-content\/uploads\/2021\/10\/PuraeDoraVazquez.jpg\" width=\"140\" height=\"200\" \/><\/a><em><strong>Pilar Sampedro.\u00a0<\/strong><\/em>Hai premios que non dan acadado a difusi\u00f3n que merecer\u00edan a\u00ednda que s\u00f3 fose porque acadalos leva impl\u00edcito a s\u00faa publicaci\u00f3n, ademais dun importe econ\u00f3mico importante. Hainos que, incluso, se subdividen ou multiplican porque unha vez seleccionado o texto \u00e1brese un novo certame para escoller quen vai realizar a ilustraci\u00f3n. Si, estou a referirme ao Premio de Literatura Infantil e Xuvenil Pura e Dora V\u00e1zquez que promove a Deputaci\u00f3n de Ourense en lembranza desas d\u00faas irm\u00e1s que foron pioneiras no campo da Literatura Infantil e Xuvenil Galega.<!--more--><\/p>\n<p style=\"text-align: justify;\">Unha iniciativa moi encomiable que, ao meu entender, non acada todas as s\u00faas finalidades ao non chegar de maneira natural \u00e1s persoas \u00e1s que vai destinada (tanto rapazada como mediadoras). A s\u00faa distribuci\u00f3n, polas raz\u00f3ns que sexa, semella limitarse \u00e1 provincia de Ourense, pero incluso a s\u00faa repercusi\u00f3n nos medios de comunicaci\u00f3n tampouco \u00e9 a que merecer\u00eda. Como \u00e9 posible que a Deputaci\u00f3n non te\u00f1a recollido na s\u00faa p\u00e1xina o listado de libros que acadaron o premio? Cando buscas en internet, aparece unicamente a convocatoria e a acta da \u00faltima concesi\u00f3n. Ter\u00e1 que ser unha funcionaria comprometida a que me dea acceso a esa documentaci\u00f3n. Direi m\u00e1is, atopar as cubertas destes libros na rede conv\u00e9rtese nunha proeza. Por exemplo, de <i>As historias da Ogra Pinta<\/i> unicamente obtiven un fragmento.<\/p>\n<p style=\"text-align: justify;\">Este desco\u00f1ecemento chama a atenci\u00f3n cando entre as escritoras e escritores ganadores abundan as reco\u00f1ecidas como Celia D\u00edaz (que acadou o premio no 2003 con <i>Adeli\u00f1a <\/i>e no 2011 con <i>Rugando<\/i>), Breogan Riveiro (no 2006 con <i>A Historia m\u00e1is incrible que nunca liches<\/i>), Miro Villar (en 2007 con <i>O nariz de Fiz<\/i>), Concha Blanco (no 2008 con <i>Encontros \u00e1s agachadas<\/i>), Xo\u00e1n Babarro (no 2009 con <i>Palabra era un universo paralelo<\/i>), Mar\u00eda Canosa (no 2010 con <i>O papaventos de Laura<\/i>) Eli R\u00edos (no 2014 con <i>Bicha<\/i>), Antonio Y\u00e1\u00f1ez (no 2016 con <i>Do meu nome e outras trapalladas<\/i>), \u00c1nxela Graci\u00e1n (no 2017 con <i>As historias da ogra Pinta<\/i>), Rafa Villar (en 2018 con <i>O libro dos outros oficios<\/i>)&#8230; Non sucede o mesmo cos ilustradores e ilustradoras, onde unicamente podo reco\u00f1ecer dentro deste campo, a David Pintor, Nuria D\u00edaz, Dani Padr\u00f3n, Jacobo Mu\u00f1iz ou Alberto V\u00e1zquez; a\u00ednda que os nomes cos que aparecen poden despistarnos como Daniel Iglesias Padr\u00f3n, Jacobo Mu\u00f1\u00edz L\u00f3pez ou Alberto Jes\u00fas V\u00e1zquez Rico.<\/p>\n<p style=\"text-align: justify;\">Outro aspecto a ter en conta poder\u00eda ser o feito de que escribindo, tanto Pura como Dora V\u00e1zquez non s\u00f3 narrativa infantil sen\u00f3n tam\u00e9n teatro e poes\u00eda, o certame que leva o seu nome acolle unicamente narrativa, a ra\u00ed\u00f1a dos x\u00e9neros. Ra\u00ed\u00f1a porque \u00e9 o que se convoca maioritariamente, o que m\u00e1is se le, o que m\u00e1is se escribe, o que m\u00e1is se publica&#8230; polo tanto o que necesita menos apoio. De calquera maneira, hai que entender que sempre se agradece a convocatoria dun premio de literatura e que as observaci\u00f3ns que se fan buscan unicamente a mellora.<\/p>\n","protected":false},"excerpt":{"rendered":"<p>Pilar Sampedro.\u00a0Hai premios que non dan acadado a difusi\u00f3n que merecer\u00edan a\u00ednda que s\u00f3 fose porque acadalos leva impl\u00edcito a s\u00faa publicaci\u00f3n, ademais dun importe econ\u00f3mico importante. Hainos que, incluso, se subdividen ou multiplican porque unha vez seleccionado o texto \u00e1brese un novo certame para escoller quen vai realizar a ilustraci\u00f3n. Si, estou a referirme &hellip; <a href=\"http:\/\/cafebarbantia.barbantia.es\/?p=13880\" class=\"more-link\">Seguir lendo <span class=\"screen-reader-text\">Un premio a ter en conta<\/span> <span class=\"meta-nav\">&rarr;<\/span><\/a><\/p>\n","protected":false},"author":1,"featured_media":0,"comment_status":"open","ping_status":"closed","sticky":false,"template":"","format":"standard","meta":{"_bbp_topic_count":0,"_bbp_reply_count":0,"_bbp_total_topic_count":0,"_bbp_total_reply_count":0,"_bbp_voice_count":0,"_bbp_anonymous_reply_count":0,"_bbp_topic_count_hidden":0,"_bbp_reply_count_hidden":0,"_bbp_forum_subforum_count":0,"_exactmetrics_skip_tracking":false,"_exactmetrics_sitenote_active":false,"_exactmetrics_sitenote_note":"","_exactmetrics_sitenote_category":0,"_monsterinsights_skip_tracking":false,"_monsterinsights_sitenote_active":false,"_monsterinsights_sitenote_note":"","_monsterinsights_sitenote_category":0},"categories":[9,69],"tags":[],"aioseo_notices":[],"_links":{"self":[{"href":"http:\/\/cafebarbantia.barbantia.es\/index.php?rest_route=\/wp\/v2\/posts\/13880"}],"collection":[{"href":"http:\/\/cafebarbantia.barbantia.es\/index.php?rest_route=\/wp\/v2\/posts"}],"about":[{"href":"http:\/\/cafebarbantia.barbantia.es\/index.php?rest_route=\/wp\/v2\/types\/post"}],"author":[{"embeddable":true,"href":"http:\/\/cafebarbantia.barbantia.es\/index.php?rest_route=\/wp\/v2\/users\/1"}],"replies":[{"embeddable":true,"href":"http:\/\/cafebarbantia.barbantia.es\/index.php?rest_route=%2Fwp%2Fv2%2Fcomments&post=13880"}],"version-history":[{"count":1,"href":"http:\/\/cafebarbantia.barbantia.es\/index.php?rest_route=\/wp\/v2\/posts\/13880\/revisions"}],"predecessor-version":[{"id":13882,"href":"http:\/\/cafebarbantia.barbantia.es\/index.php?rest_route=\/wp\/v2\/posts\/13880\/revisions\/13882"}],"wp:attachment":[{"href":"http:\/\/cafebarbantia.barbantia.es\/index.php?rest_route=%2Fwp%2Fv2%2Fmedia&parent=13880"}],"wp:term":[{"taxonomy":"category","embeddable":true,"href":"http:\/\/cafebarbantia.barbantia.es\/index.php?rest_route=%2Fwp%2Fv2%2Fcategories&post=13880"},{"taxonomy":"post_tag","embeddable":true,"href":"http:\/\/cafebarbantia.barbantia.es\/index.php?rest_route=%2Fwp%2Fv2%2Ftags&post=13880"}],"curies":[{"name":"wp","href":"https:\/\/api.w.org\/{rel}","templated":true}]}}